{"id":571249,"date":"2025-12-01T16:04:19","date_gmt":"2025-12-01T16:04:19","guid":{"rendered":"https:\/\/www.europesays.com\/fr\/571249\/"},"modified":"2025-12-01T16:04:19","modified_gmt":"2025-12-01T16:04:19","slug":"une-alerte-a-la-bombe-cible-un-college-de-rennes-plus-de-500-personnes-evacuees-par-la-police","status":"publish","type":"post","link":"https:\/\/www.europesays.com\/fr\/571249\/","title":{"rendered":"Une alerte \u00e0 la bombe cible un coll\u00e8ge de Rennes, plus de 500 personnes \u00e9vacu\u00e9es par la police"},"content":{"rendered":"<p>                    Par<br \/>\n        <strong><br \/>\n            <a href=\"https:\/\/actu.fr\/auteur\/clemence-pays02-actu-fr\" title=\"Consulter tous les articles de Cl\u00e9mence Pays\" target=\"_blank\" rel=\"noopener\">Cl\u00e9mence Pays<\/a><br \/>\n                    <\/strong><\/p>\n<p>        Publi\u00e9 le<\/p>\n<p>            1 d\u00e9c. 2025 \u00e0 16h12        <\/p>\n<p>C\u2019est vers 11h, lundi 1er\u00a0d\u00e9cembre 2025, que le <strong>coll\u00e8ge des Ormeaux,<\/strong> situ\u00e9 dans le quartier Sud Gare, \u00e0 <a href=\"https:\/\/actu.fr\/rennes\/\" target=\"_blank\" rel=\"noopener\">Rennes<\/a>, a re\u00e7u un<strong> appel malveillant.<\/strong> Ce dernier faisait mention de la <strong>pr\u00e9sence d\u2019une bombe<\/strong> au sein de l\u2019\u00e9tablissement scolaire.<\/p>\n<p class=\" wall-content\">La <strong>police<\/strong> a imm\u00e9diatement \u00e9t\u00e9 d\u00e9p\u00each\u00e9e sur place, annonce la Direction interd\u00e9partementale de la Police nationale, \u00e0 <a href=\"https:\/\/actu.fr\/rennes\/\" target=\"_blank\" rel=\"noopener\">actu Rennes<\/a> confirmant <a href=\"https:\/\/www.ouest-france.fr\/bretagne\/rennes-35000\/un-college-de-rennes-vise-par-une-alerte-a-la-bombe-les-eleves-temporairement-evacues-une-enquete-ouverte-09605912-ceab-11f0-9f92-1f1697d8d1ab\" target=\"_blank\" rel=\"noopener\">Ouest-France<\/a>.<\/p>\n<p>Une enqu\u00eate ouverte<\/p>\n<p class=\" wall-content\">Les forces de l\u2019ordre ont proc\u00e9d\u00e9 \u00e0 <strong>l\u2019\u00e9vacuation de \u00ab\u2009plus de 500\u00a0personnes\u2009\u00bb<\/strong> avant de r\u00e9aliser des \u00ab\u2009recherches visuelles\u2009\u00bb.<\/p>\n<p class=\" wall-content\">Apr\u00e8s ces v\u00e9rifications, <strong>aucun engin explosif<\/strong> n\u2019a \u00e9t\u00e9 retrouv\u00e9. Une <strong>enqu\u00eate<\/strong> a \u00e9t\u00e9 ouverte afin de retrouver l\u2019auteur des faits.<\/p>\n<p class=\" wall-content\">Les cours ont pu reprendre apr\u00e8s l\u2019intervention de la police.<\/p>\n<p class=\" wall-content\">Ce n\u2019est <strong>pas la premi\u00e8re fois<\/strong> que le coll\u00e8ge des Ormeaux est la cible de ce type d\u2019alertes. Cela avait \u00e9t\u00e9 par exemple le cas <a href=\"https:\/\/actu.fr\/bretagne\/rennes_35238\/evacuation-en-urgence-d-un-college-a-rennes-la-police-est-sur-place_60312264.html\" target=\"_blank\" rel=\"noopener\">le 9\u00a0novembre 2023<\/a> et <a href=\"https:\/\/actu.fr\/bretagne\/rennes_35238\/rennes-colleges-lycees-et-campus-evacues-en-urgence-pour-un-risque-d-attentat_60325675.html\" target=\"_blank\" rel=\"noopener\">le 13\u00a0novembre 2023<\/a>.<\/p>\n<p class=\" wall-content\">Personnalisez votre actualit\u00e9 en ajoutant vos villes et m\u00e9dias en favori avec <a href=\"https:\/\/moncompte.actu.fr\" title=\"D\u00e9couvez Mon Actu\" rel=\"nofollow noopener\" data-trk=\"{&quot;cta&quot;:{&quot;action&quot;:&quot;https:\\\/\\\/moncompte.actu.fr&quot;,&quot;category&quot;:&quot;mon compte&quot;,&quot;from&quot;:&quot;article footer&quot;,&quot;name&quot;:&quot;Mon actu&quot;,&quot;type&quot;:&quot;cta&quot;}}\" target=\"_blank\">Mon Actu<\/a>.<\/p>\n","protected":false},"excerpt":{"rendered":"Par Cl\u00e9mence Pays Publi\u00e9 le 1 d\u00e9c. 2025 \u00e0 16h12 C\u2019est vers 11h, lundi 1er\u00a0d\u00e9cembre 2025, que le&hellip;\n","protected":false},"author":2,"featured_media":571250,"comment_status":"","ping_status":"","sticky":false,"template":"","format":"standard","meta":{"footnotes":""},"categories":[2821],"tags":[1111,11,829,1777,674,118,1011,27,12,1072,584,25],"class_list":{"0":"post-571249","1":"post","2":"type-post","3":"status-publish","4":"format-standard","5":"has-post-thumbnail","7":"category-rennes","8":"tag-actu","9":"tag-actualites","10":"tag-bretagne","11":"tag-eu","12":"tag-europe","13":"tag-faits-divers","14":"tag-fr","15":"tag-france","16":"tag-news","17":"tag-police","18":"tag-rennes","19":"tag-republique-francaise"},"share_on_mastodon":{"url":"https:\/\/pubeurope.com\/@fr\/115645163982002845","error":""},"_links":{"self":[{"href":"https:\/\/www.europesays.com\/fr\/wp-json\/wp\/v2\/posts\/571249","targetHints":{"allow":["GET"]}}],"collection":[{"href":"https:\/\/www.europesays.com\/fr\/wp-json\/wp\/v2\/posts"}],"about":[{"href":"https:\/\/www.europesays.com\/fr\/wp-json\/wp\/v2\/types\/post"}],"author":[{"embeddable":true,"href":"https:\/\/www.europesays.com\/fr\/wp-json\/wp\/v2\/users\/2"}],"replies":[{"embeddable":true,"href":"https:\/\/www.europesays.com\/fr\/wp-json\/wp\/v2\/comments?post=571249"}],"version-history":[{"count":0,"href":"https:\/\/www.europesays.com\/fr\/wp-json\/wp\/v2\/posts\/571249\/revisions"}],"wp:featuredmedia":[{"embeddable":true,"href":"https:\/\/www.europesays.com\/fr\/wp-json\/wp\/v2\/media\/571250"}],"wp:attachment":[{"href":"https:\/\/www.europesays.com\/fr\/wp-json\/wp\/v2\/media?parent=571249"}],"wp:term":[{"taxonomy":"category","embeddable":true,"href":"https:\/\/www.europesays.com\/fr\/wp-json\/wp\/v2\/categories?post=571249"},{"taxonomy":"post_tag","embeddable":true,"href":"https:\/\/www.europesays.com\/fr\/wp-json\/wp\/v2\/tags?post=571249"}],"curies":[{"name":"wp","href":"https:\/\/api.w.org\/{rel}","templated":true}]}}