{"id":571251,"date":"2025-12-01T16:06:17","date_gmt":"2025-12-01T16:06:17","guid":{"rendered":"https:\/\/www.europesays.com\/fr\/571251\/"},"modified":"2025-12-01T16:06:17","modified_gmt":"2025-12-01T16:06:17","slug":"municipales-2026-a-illkirch-graffenstaden-pascale-gendrault-mise-sur-la-proximite-et-louverture","status":"publish","type":"post","link":"https:\/\/www.europesays.com\/fr\/571251\/","title":{"rendered":"Municipales 2026. \u00c0 Illkirch-Graffenstaden, Pascale Gendrault mise sur la proximit\u00e9 et l\u2019ouverture"},"content":{"rendered":"<p>Il manque encore quelques noms pour compl\u00e9ter la liste des 35 candidats de la liste \u201cCultivons notre ville\u201d \u2013 la m\u00eame d\u00e9nomination qu\u2019en 2020 \u2013 \u00ab\u00a0mais on est tout pr\u00e8s d\u2019y arriver\u00a0\u00bb, se r\u00e9jouit Pascale Gendrault. \u00c0 58 ans, celle qui fut adjointe \u00e0 la culture de <a href=\"https:\/\/www.dna.fr\/edition-de-strasbourg\/2014\/01\/08\/je-me-devais-de-ne-pas-faire-d-ombre-a-roland-ries\" target=\"_blank\" rel=\"noopener\">Jacques Bigot<\/a> , puis <a href=\"https:\/\/www.dna.fr\/politique\/2020\/01\/27\/claude-froehly-entre-officiellement-en-campagne\" target=\"_blank\" rel=\"noopener\">Claude Froehly<\/a> , va conclure six ann\u00e9es dans l\u2019opposition avec l\u2019esprit \u00ab\u00a0combatif\u00a0\u00bb.<\/p>\n<p>Dans l\u2019optique de collaborer avec la majorit\u00e9, en d\u00e9but de mandat, elle ne s\u2019\u00e9tait pas projet\u00e9e dans une nouvelle campagne. \u00ab\u00a0Si le maire actuel avait fait ce qu\u2019on estime bon pour la ville, je n\u2019aurais pas r\u00e9it\u00e9r\u00e9 ma candidature. Mais on doit&#8230;<\/p>\n","protected":false},"excerpt":{"rendered":"Il manque encore quelques noms pour compl\u00e9ter la liste des 35 candidats de la liste \u201cCultivons notre ville\u201d&hellip;\n","protected":false},"author":2,"featured_media":571252,"comment_status":"","ping_status":"","sticky":false,"template":"","format":"standard","meta":{"footnotes":""},"categories":[2820],"tags":[1111,11,1984,2880,5949,4188,1777,674,107,1011,27,775,3088,12,316,25,640,3089],"class_list":{"0":"post-571251","1":"post","2":"type-post","3":"status-publish","4":"format-standard","5":"has-post-thumbnail","7":"category-strasbourg","8":"tag-actu","9":"tag-actualites","10":"tag-conseil-municipal","11":"tag-edition-strasbourg","12":"tag-elections","13":"tag-elections-municipales","14":"tag-eu","15":"tag-europe","16":"tag-fil-info","17":"tag-fr","18":"tag-france","19":"tag-grand-est","20":"tag-illkirch-graffenstaden","21":"tag-news","22":"tag-politique","23":"tag-republique-francaise","24":"tag-strasbourg","25":"tag-strasbourg-sud"},"share_on_mastodon":{"url":"https:\/\/pubeurope.com\/@fr\/115645172126479173","error":""},"_links":{"self":[{"href":"https:\/\/www.europesays.com\/fr\/wp-json\/wp\/v2\/posts\/571251","targetHints":{"allow":["GET"]}}],"collection":[{"href":"https:\/\/www.europesays.com\/fr\/wp-json\/wp\/v2\/posts"}],"about":[{"href":"https:\/\/www.europesays.com\/fr\/wp-json\/wp\/v2\/types\/post"}],"author":[{"embeddable":true,"href":"https:\/\/www.europesays.com\/fr\/wp-json\/wp\/v2\/users\/2"}],"replies":[{"embeddable":true,"href":"https:\/\/www.europesays.com\/fr\/wp-json\/wp\/v2\/comments?post=571251"}],"version-history":[{"count":0,"href":"https:\/\/www.europesays.com\/fr\/wp-json\/wp\/v2\/posts\/571251\/revisions"}],"wp:featuredmedia":[{"embeddable":true,"href":"https:\/\/www.europesays.com\/fr\/wp-json\/wp\/v2\/media\/571252"}],"wp:attachment":[{"href":"https:\/\/www.europesays.com\/fr\/wp-json\/wp\/v2\/media?parent=571251"}],"wp:term":[{"taxonomy":"category","embeddable":true,"href":"https:\/\/www.europesays.com\/fr\/wp-json\/wp\/v2\/categories?post=571251"},{"taxonomy":"post_tag","embeddable":true,"href":"https:\/\/www.europesays.com\/fr\/wp-json\/wp\/v2\/tags?post=571251"}],"curies":[{"name":"wp","href":"https:\/\/api.w.org\/{rel}","templated":true}]}}