{"id":571253,"date":"2025-12-01T16:07:14","date_gmt":"2025-12-01T16:07:14","guid":{"rendered":"https:\/\/www.europesays.com\/fr\/571253\/"},"modified":"2025-12-01T16:07:14","modified_gmt":"2025-12-01T16:07:14","slug":"le-pari-de-catherine-trautmann-a-strasbourg","status":"publish","type":"post","link":"https:\/\/www.europesays.com\/fr\/571253\/","title":{"rendered":"le pari de Catherine Trautmann \u00e0 Strasbourg"},"content":{"rendered":"<p>Sur les quais arbor\u00e9s de l&rsquo;Ill, sur le parvis de la cath\u00e9drale, dans les quartiers populaires comme dans ceux plus cossus, peu de Strasbourgeois auraient pu imaginer cela\u2026 Et pourtant, \u00e0 74\u00a0ans, Catherine Trautmann a d\u00e9cid\u00e9 de rester dans l&rsquo;ar\u00e8ne politique. Celle qui fut la premi\u00e8re femme \u00e0 diriger <a class=\"Link\" href=\"https:\/\/www.lepoint.fr\/tags\/strasbourg\" data-gtm=\"click:capsule\" data-capsule=\"Lien\" target=\"_blank\" rel=\"noopener\">Strasbourg<\/a> de 1989\u00a0\u00e0 1997, puis de 2000\u00a0\u00e0 2001, ancienne ministre de la Culture de Lionel Jospin et figure historique du PS alsacien, a d\u00e9clar\u00e9, le 10\u00a0octobre, sa candidature aux municipales de 2026.<\/p>\n<p>L&rsquo;annonce n&rsquo;a pourtant pas surpris ses amis et ses adversaires. Si elle n&rsquo;occupe plus le premier r\u00f4le, <a class=\"Link\" href=\"https:\/\/www.lepoint.fr\/societe\/le-purgatoire-de-catherine-trautmann-25-09-2020-2393554_23.php\" title=\"\" data-gtm=\"click:capsule\" data-capsule=\"Lien\" target=\"_blank\" rel=\"noopener\">Catherine Trautmann n&rsquo;a jamais quitt\u00e9 la sc\u00e8ne<\/a>. Peu de temps apr\u00e8s le d\u00e9but de la mandature, elle a ferraill\u00e9 sur les bancs de l&rsquo;opposition contre <a class=\"Link\" href=\"https:\/\/www.lepoint.fr\/societe\/jeanne-barseghian-ce-qui-est-appele-radicalite-c-est-de-la-lucidite-06-10-2022-2492714_23.php\" title=\"\" data-gtm=\"click:capsule\" data-capsule=\"Lien\" target=\"_blank\" rel=\"noopener\">la maire \u00e9cologiste Jeanne Barseghian<\/a>, multiplia&#8230;<\/p>\n<p>Toute l\u2019actualit\u00e9 \u00e0 1\u20ac le premier mois<\/p>\n<p><a href=\"https:\/\/abo.lepoint.fr\/?provenance=21EDI020098\" class=\"btn\" title=\"S&#039;abonner\" data-gtm=\"click:abo|display:abo\" data-campaign=\"paywall_maison\" target=\"_blank\" rel=\"noopener\">S&rsquo;abonner<\/a><\/p>\n<p>ou<\/p>\n<p>La newsletter politique<\/p>\n<p class=\"period\">Tous les lundis \u00e0 11h30<\/p>\n<p>Recevez en avant-premi\u00e8re les informations et analyses politiques de la r\u00e9daction du Point.<\/p>\n<p>Merci !<br \/>Votre inscription a bien \u00e9t\u00e9 prise en compte avec l&rsquo;adresse email :<\/p>\n<p>Pour d\u00e9couvrir toutes nos autres newsletters, rendez-vous ici : <a href=\"https:\/\/moncompte.lepoint.fr\/\" title=\"\" target=\"_blank\" rel=\"noopener\">MonCompte<\/a><\/p>\n<p>En vous inscrivant, vous acceptez les <a href=\"https:\/\/www.lepoint.fr\/html\/cgu\/\" title=\"Conditions g\u00e9n\u00e9rales d&#039;utilisation\" target=\"_blank\" rel=\"noopener\">conditions g\u00e9n\u00e9rales d\u2019utilisations<\/a> et notre <a href=\"https:\/\/www.lepoint.fr\/html\/politique-de-protection-donnees-personnelles\/\" title=\"Politique de confidentialit\u00e9\" target=\"_blank\" rel=\"noopener\">politique de confidentialit\u00e9<\/a>.<\/p>\n","protected":false},"excerpt":{"rendered":"Sur les quais arbor\u00e9s de l&rsquo;Ill, sur le parvis de la cath\u00e9drale, dans les quartiers populaires comme dans&hellip;\n","protected":false},"author":2,"featured_media":571254,"comment_status":"","ping_status":"","sticky":false,"template":"","format":"standard","meta":{"footnotes":""},"categories":[2820],"tags":[1111,11,1777,674,1011,27,775,12,25,640],"class_list":{"0":"post-571253","1":"post","2":"type-post","3":"status-publish","4":"format-standard","5":"has-post-thumbnail","7":"category-strasbourg","8":"tag-actu","9":"tag-actualites","10":"tag-eu","11":"tag-europe","12":"tag-fr","13":"tag-france","14":"tag-grand-est","15":"tag-news","16":"tag-republique-francaise","17":"tag-strasbourg"},"share_on_mastodon":{"url":"https:\/\/pubeurope.com\/@fr\/115645175885123037","error":""},"_links":{"self":[{"href":"https:\/\/www.europesays.com\/fr\/wp-json\/wp\/v2\/posts\/571253","targetHints":{"allow":["GET"]}}],"collection":[{"href":"https:\/\/www.europesays.com\/fr\/wp-json\/wp\/v2\/posts"}],"about":[{"href":"https:\/\/www.europesays.com\/fr\/wp-json\/wp\/v2\/types\/post"}],"author":[{"embeddable":true,"href":"https:\/\/www.europesays.com\/fr\/wp-json\/wp\/v2\/users\/2"}],"replies":[{"embeddable":true,"href":"https:\/\/www.europesays.com\/fr\/wp-json\/wp\/v2\/comments?post=571253"}],"version-history":[{"count":0,"href":"https:\/\/www.europesays.com\/fr\/wp-json\/wp\/v2\/posts\/571253\/revisions"}],"wp:featuredmedia":[{"embeddable":true,"href":"https:\/\/www.europesays.com\/fr\/wp-json\/wp\/v2\/media\/571254"}],"wp:attachment":[{"href":"https:\/\/www.europesays.com\/fr\/wp-json\/wp\/v2\/media?parent=571253"}],"wp:term":[{"taxonomy":"category","embeddable":true,"href":"https:\/\/www.europesays.com\/fr\/wp-json\/wp\/v2\/categories?post=571253"},{"taxonomy":"post_tag","embeddable":true,"href":"https:\/\/www.europesays.com\/fr\/wp-json\/wp\/v2\/tags?post=571253"}],"curies":[{"name":"wp","href":"https:\/\/api.w.org\/{rel}","templated":true}]}}