{"id":571255,"date":"2025-12-01T16:08:13","date_gmt":"2025-12-01T16:08:13","guid":{"rendered":"https:\/\/www.europesays.com\/fr\/571255\/"},"modified":"2025-12-01T16:08:13","modified_gmt":"2025-12-01T16:08:13","slug":"la-circulation-des-trains-coupee-et-ca-risque-de-durer","status":"publish","type":"post","link":"https:\/\/www.europesays.com\/fr\/571255\/","title":{"rendered":"la circulation des trains coup\u00e9e et \u00e7a risque de durer"},"content":{"rendered":"<p>                    Par<br \/>\n        <strong><br \/>\n            <a href=\"https:\/\/actu.fr\/auteur\/ugo-maillard\" title=\"Consulter tous les articles de Ugo Maillard\" target=\"_blank\" rel=\"noopener\">Ugo Maillard<\/a><br \/>\n                    <\/strong><\/p>\n<p>        Publi\u00e9 le<\/p>\n<p>            1 d\u00e9c. 2025 \u00e0 16h36        <\/p>\n<p>La fin de journ\u00e9e s\u2019annonce difficile pour les usagers du rail. En raison d\u2019un obstacle sur les voies, la circulation est interrompue <strong>dans les deux sens<\/strong> entre Cagnes-sur-Mer et Nice (<a href=\"https:\/\/actu.fr\/provence-alpes-cote-d-azur\/alpes-maritimes_06\" target=\"_blank\" rel=\"noopener\">Alpes-Maritimes<\/a>), ce lundi 1er\u00a0d\u00e9cembre 2025.<\/p>\n<p class=\" wall-content\">La nature pr\u00e9cise de l\u2019obstacle, d\u00e9couvert \u00e0 Cagnes-sur-Mer peu avant 16h, n\u2019a pas \u00e9t\u00e9 communiqu\u00e9e.<\/p>\n<p>Reprise estim\u00e9e \u00e0 18\u2009h\u200940<\/p>\n<p class=\" wall-content\">Les services Zou des Trains Express R\u00e9gionaux et les Chemins de Fer de Provence informent que des <strong>retards, voire des suppressions de trains<\/strong> sont \u00e0 pr\u00e9voir sur les gares des Alpes-Maritimes, en particulier \u00e0 Nice.<\/p>\n<p class=\" wall-content\">L\u2019heure de reprise de la circulation est pr\u00e9vue \u00e0 18\u2009h\u200940.<\/p>\n<p class=\" wall-content\">Personnalisez votre actualit\u00e9 en ajoutant vos villes et m\u00e9dias en favori avec <a href=\"https:\/\/moncompte.actu.fr\" title=\"D\u00e9couvez Mon Actu\" rel=\"nofollow noopener\" data-trk=\"{&quot;cta&quot;:{&quot;action&quot;:&quot;https:\\\/\\\/moncompte.actu.fr&quot;,&quot;category&quot;:&quot;mon compte&quot;,&quot;from&quot;:&quot;article footer&quot;,&quot;name&quot;:&quot;Mon actu&quot;,&quot;type&quot;:&quot;cta&quot;}}\" target=\"_blank\">Mon Actu<\/a>.<\/p>\n","protected":false},"excerpt":{"rendered":"Par Ugo Maillard Publi\u00e9 le 1 d\u00e9c. 2025 \u00e0 16h36 La fin de journ\u00e9e s\u2019annonce difficile pour les&hellip;\n","protected":false},"author":2,"featured_media":136178,"comment_status":"","ping_status":"","sticky":false,"template":"","format":"standard","meta":{"footnotes":""},"categories":[2819],"tags":[1111,11,1777,674,1011,27,12,2401,882,25,2215,104],"class_list":{"0":"post-571255","1":"post","2":"type-post","3":"status-publish","4":"format-standard","5":"has-post-thumbnail","7":"category-nice","8":"tag-actu","9":"tag-actualites","10":"tag-eu","11":"tag-europe","12":"tag-fr","13":"tag-france","14":"tag-news","15":"tag-nice","16":"tag-provence-alpes-cote-dazur","17":"tag-republique-francaise","18":"tag-sncf","19":"tag-societe"},"share_on_mastodon":{"url":"https:\/\/pubeurope.com\/@fr\/115645179716829904","error":""},"_links":{"self":[{"href":"https:\/\/www.europesays.com\/fr\/wp-json\/wp\/v2\/posts\/571255","targetHints":{"allow":["GET"]}}],"collection":[{"href":"https:\/\/www.europesays.com\/fr\/wp-json\/wp\/v2\/posts"}],"about":[{"href":"https:\/\/www.europesays.com\/fr\/wp-json\/wp\/v2\/types\/post"}],"author":[{"embeddable":true,"href":"https:\/\/www.europesays.com\/fr\/wp-json\/wp\/v2\/users\/2"}],"replies":[{"embeddable":true,"href":"https:\/\/www.europesays.com\/fr\/wp-json\/wp\/v2\/comments?post=571255"}],"version-history":[{"count":0,"href":"https:\/\/www.europesays.com\/fr\/wp-json\/wp\/v2\/posts\/571255\/revisions"}],"wp:featuredmedia":[{"embeddable":true,"href":"https:\/\/www.europesays.com\/fr\/wp-json\/wp\/v2\/media\/136178"}],"wp:attachment":[{"href":"https:\/\/www.europesays.com\/fr\/wp-json\/wp\/v2\/media?parent=571255"}],"wp:term":[{"taxonomy":"category","embeddable":true,"href":"https:\/\/www.europesays.com\/fr\/wp-json\/wp\/v2\/categories?post=571255"},{"taxonomy":"post_tag","embeddable":true,"href":"https:\/\/www.europesays.com\/fr\/wp-json\/wp\/v2\/tags?post=571255"}],"curies":[{"name":"wp","href":"https:\/\/api.w.org\/{rel}","templated":true}]}}