{"id":571256,"date":"2025-12-01T16:10:21","date_gmt":"2025-12-01T16:10:21","guid":{"rendered":"https:\/\/www.europesays.com\/fr\/571256\/"},"modified":"2025-12-01T16:10:21","modified_gmt":"2025-12-01T16:10:21","slug":"video-car-son-passe-a-de-lavenir-une-exposition-celebre-lidentite-nicoise","status":"publish","type":"post","link":"https:\/\/www.europesays.com\/fr\/571256\/","title":{"rendered":"VID\u00c9O &#8211; Car son pass\u00e9 a de l&rsquo;avenir\u00a0: une exposition c\u00e9l\u00e8bre l&rsquo;identit\u00e9 ni\u00e7oise"},"content":{"rendered":"<p>C&rsquo;est une exposition qui propose un voyage au fil des saisons et des \u00e9v\u00e9nements culturels qui ponctuent l\u2019ann\u00e9e \u00e0 Nice. De la langue \u00e0 la gastronomie, des f\u00eates populaires aux arts de la sc\u00e8ne, la ville a su forger une identit\u00e9 forte, nourrie par son histoire et enrichie par ses habitants.<\/p>\n<p>Jusqu&rsquo;au 1er mars 2026, la Villa Mass\u00e9na accueille l&rsquo;exposition \u00ab\u00a0Nice, son pass\u00e9 a de l&rsquo;avenir\u00a0\u00bb, un hommage vibrant aux traditions, savoir-faire et coutumes qui fa\u00e7onnent l&rsquo;\u00e2me de la cit\u00e9.<\/p>\n<p>Le pass\u00e9 de la capitale de la C\u00f4te d&rsquo;azur s&rsquo;expose. Des joyaux de la culture locale transmis de g\u00e9n\u00e9ration en g\u00e9n\u00e9ration et entretenus par des associations comme <a target=\"_blank\" rel=\"nofollow noopener noreferrer\" class=\"IciLink ici-link IciArticleLink g-ici-body-regular-1 underline brand svelte-1chfe2s\" href=\"https:\/\/www.laciamadanissarda.com\/\">la Ciamada Nissarda,<\/a>\u00a0centenaire et fil rouge de l&rsquo;exposition. Mais cette m\u00e9moire est tout sauf fig\u00e9e, tout \u00e9volue.<\/p>\n<p>Le carnaval de Nice par exemple ne serait pas ce qu&rsquo;il est sans sa c\u00e9l\u00e8bre bataille de fleurs, imagin\u00e9e il y a pr\u00e8s de 100 ans par un certain Alphonse Karr, romancier et journaliste.<\/p>\n<p><a href=\"https:\/\/www.youtube.com\/watch?v=sDtfnedI1X0\" target=\"_blank\" rel=\"noopener noreferrer\" class=\"Youtube svelte-isxgy6\" style=\"background-image: url(https:\/\/i.ytimg.com\/vi\/sDtfnedI1X0\/sddefault.jpg);\"><\/p>\n<p>Une exposition \u00e0 Nice sur le patrimoine, les traditions et leur vie aujourd&rsquo;hui<\/p>\n<p> <\/a> <\/p>\n<p>Jean-Pierre Barbero, directeur de la Villa Mass\u00e9na\u00a0 : \u00ab\u00a0On se l\u00e8ve, on a une id\u00e9e, on essaie de la partager, on essaie de la vendre et cette id\u00e9e \u00e7a va modifier l&rsquo;\u00e9conomie. Cela va faire de la publicit\u00e9 et donc d&rsquo;un seul coup les gens vont la prendre, elle va devenir une coutume et puis avec le temps, avec les g\u00e9n\u00e9rations, \u00e7a va s&rsquo;inscrire dans l&rsquo;identit\u00e9, \u00e7a devient une tradition.\u00a0\u00bb<\/p>\n<p>Nice, carrefour de culture, lieu de vill\u00e9giature, la ville brasse les influences et s&rsquo;adapte \u00e0 tout, m\u00eame \u00e0 la musique noire am\u00e9ricaine.<\/p>\n<p>\u00ab\u00a0Le jazz, une musique qui n&rsquo;est pas ni\u00e7oise, mais qui est adopt\u00e9e par les habitants dans un contexte international. C&rsquo;est \u00e7a la tradition, c&rsquo;est d&rsquo;essayer de qu&rsquo;avec le temps, on int\u00e8gre des cultures, on int\u00e8gre une musique, une fa\u00e7on de cuisiner, mais on ne meurt pas, on ne perd pas ce que nous sommes\u00a0\u00bb pr\u00e9cise\u00a0Jean-Pierre Barbero.<\/p>\n<p> <img decoding=\"async\" src=\"https:\/\/www.europesays.com\/fr\/wp-content\/uploads\/2025\/12\/1764605421_922_1280\" alt=\"illustration agrandir l'image\" style=\"--_image-preview:url('data:image\/jpeg;base64,\/9j\/2wBDACgcHiMeGSgjISMtKygwPGRBPDc3PHtYXUlkkYCZlo+AjIqgtObDoKrarYqMyP\/L2u71\/\/\/\/m8H\/\/\/\/6\/+b9\/\/j\/2wBDASstLTw1PHZBQXb4pYyl+Pj4+Pj4+Pj4+Pj4+Pj4+Pj4+Pj4+Pj4+Pj4+Pj4+Pj4+Pj4+Pj4+Pj4+Pj4+Pj4+Pj\/wAARCAAXACoDASIAAhEBAxEB\/8QAGAABAQEBAQAAAAAAAAAAAAAAAAIBAwT\/xAAWEAEBAQAAAAAAAAAAAAAAAAAAARH\/xAAVAQEBAAAAAAAAAAAAAAAAAAAAAf\/EABQRAQAAAAAAAAAAAAAAAAAAAAD\/2gAMAwEAAhEDEQA\/APJWNEUiolsoLikSq0HGs0ANbKCoqVWgiv\/Z');\" loading=\"lazy\" fetchpriority=\"low\" class=\"svelte-1cksh76 rounded\" onload=\"this.__e=event\" onerror=\"this.__e=event\"\/> de la langue \u00e0 la gastronomie, des f\u00eates populaires \u00e0 l&rsquo;OGC Nice, chaque espace raconte la vitalit\u00e9 d\u2019une culture en mouvement. \u00a9 France T\u00e9l\u00e9visions &#8211; Daniel Gerner  <\/p>\n<p>Plus qu\u2019un simple t\u00e9moignage du pass\u00e9, ces traditions constituent un v\u00e9ritable pont vers l\u2019avenir o\u00f9 modernit\u00e9 et identit\u00e9 continuent de s\u2019entrelacer.\u00a0En mettant en perspective le pass\u00e9 et le pr\u00e9sent, cette exposition invite le visiteur \u00e0 r\u00e9fl\u00e9chir\u00a0: comment ces traditions se projettent-elles dans le futur\u00a0?<\/p>\n<p>Du th\u00e9\u00e2tre en nissart, au foot, \u00e0 la socca \u00e0 la f\u00eate des mai, tout y passe. L&rsquo;identit\u00e9 ni\u00e7oise est plurielle et c&rsquo;est tant mieux.<\/p>\n<p>Jusqu&rsquo;au\u00a0dimanche 1 mars 2026 au\u00a0<a target=\"_blank\" rel=\"nofollow noopener noreferrer\" class=\"IciLink ici-link IciArticleLink g-ici-body-regular-1 underline brand svelte-1chfe2s\" href=\"https:\/\/www.nice.fr\/agenda\/nice-son-passe-a-de-lavenir\/20251016-1000\/\">Mus\u00e9e Massena<\/a>, \u00e0 Nice forc\u00e9ment\u00a0!<\/p>\n<p>R\u00e9dig\u00e9 avec Daniel Gerner.<\/p>\n","protected":false},"excerpt":{"rendered":"C&rsquo;est une exposition qui propose un voyage au fil des saisons et des \u00e9v\u00e9nements culturels qui ponctuent l\u2019ann\u00e9e&hellip;\n","protected":false},"author":2,"featured_media":571257,"comment_status":"","ping_status":"","sticky":false,"template":"","format":"standard","meta":{"footnotes":""},"categories":[2819],"tags":[1111,11,1777,674,1011,27,12,2401,882,25],"class_list":{"0":"post-571256","1":"post","2":"type-post","3":"status-publish","4":"format-standard","5":"has-post-thumbnail","7":"category-nice","8":"tag-actu","9":"tag-actualites","10":"tag-eu","11":"tag-europe","12":"tag-fr","13":"tag-france","14":"tag-news","15":"tag-nice","16":"tag-provence-alpes-cote-dazur","17":"tag-republique-francaise"},"share_on_mastodon":{"url":"https:\/\/pubeurope.com\/@fr\/115645189135644358","error":""},"_links":{"self":[{"href":"https:\/\/www.europesays.com\/fr\/wp-json\/wp\/v2\/posts\/571256","targetHints":{"allow":["GET"]}}],"collection":[{"href":"https:\/\/www.europesays.com\/fr\/wp-json\/wp\/v2\/posts"}],"about":[{"href":"https:\/\/www.europesays.com\/fr\/wp-json\/wp\/v2\/types\/post"}],"author":[{"embeddable":true,"href":"https:\/\/www.europesays.com\/fr\/wp-json\/wp\/v2\/users\/2"}],"replies":[{"embeddable":true,"href":"https:\/\/www.europesays.com\/fr\/wp-json\/wp\/v2\/comments?post=571256"}],"version-history":[{"count":0,"href":"https:\/\/www.europesays.com\/fr\/wp-json\/wp\/v2\/posts\/571256\/revisions"}],"wp:featuredmedia":[{"embeddable":true,"href":"https:\/\/www.europesays.com\/fr\/wp-json\/wp\/v2\/media\/571257"}],"wp:attachment":[{"href":"https:\/\/www.europesays.com\/fr\/wp-json\/wp\/v2\/media?parent=571256"}],"wp:term":[{"taxonomy":"category","embeddable":true,"href":"https:\/\/www.europesays.com\/fr\/wp-json\/wp\/v2\/categories?post=571256"},{"taxonomy":"post_tag","embeddable":true,"href":"https:\/\/www.europesays.com\/fr\/wp-json\/wp\/v2\/tags?post=571256"}],"curies":[{"name":"wp","href":"https:\/\/api.w.org\/{rel}","templated":true}]}}