{"id":571260,"date":"2025-12-01T16:12:31","date_gmt":"2025-12-01T16:12:31","guid":{"rendered":"https:\/\/www.europesays.com\/fr\/571260\/"},"modified":"2025-12-01T16:12:31","modified_gmt":"2025-12-01T16:12:31","slug":"noel-notre-selection-de-huit-sorties-ludiques-pour-les-enfants","status":"publish","type":"post","link":"https:\/\/www.europesays.com\/fr\/571260\/","title":{"rendered":"No\u00ebl : notre s\u00e9lection de huit sorties ludiques pour les enfants"},"content":{"rendered":"<p>La f\u00e9erie de No\u00ebl s&#8217;empare des Machines de l&rsquo;\u00eele, des nefs au Carrousel des Mondes Marins, en passant par la Galerie\u00a0! Les visiteurs pourront profiter du Carrousel marin, d&rsquo;animations et de jeux en bois ainsi que de rendez-vous musicaux gratuits comme La Chorale du Voyage ou celle de l&rsquo;Harmonie de Toutes-Aides le 20 d\u00e9cembre.<\/p>\n<p>C\u00f4t\u00e9 spectacles, le programme rassemble plusieurs compagnies comme \u00ab\u00a0le Bal \u00e0 Boby\u00a0\u00bb (NGC 25) les 20 et 21 d\u00e9cembre, \u00ab\u00a0d\u00e9lire chor\u00e9graphique inspir\u00e9 de Bobby Lapointe\u00a0\u00bb, \u00ab\u00a0les Puces Savantes\u00a0\u00bb (Petits Miracles) du 22 au 28 d\u00e9cembre, m\u00ealant th\u00e9\u00e2tre forain, cirque, humour et po\u00e9sie et \u00ab\u00a0Cap&rsquo;\u00a0\u00bb (l&rsquo;Enjoliveur) pour \u00ab\u00a0un voyage surr\u00e9aliste inspir\u00e9 par l\u2019Albatros de Baudelaire\u00a0\u00bb, tous les jours \u00e0 17h. Sans oublier les gourmandises (bar \u00e0 vin chaud, chocolat chaud et gaufres) pour r\u00e9chauffer les papilles\u00a0!<\/p>\n<p><strong>Du samedi 20 au dimanche 28 d\u00e9cembre, de 10h \u00e0 19h. Ferm\u00e9 jeudi 25 d\u00e9cembre.<\/strong><\/p>\n","protected":false},"excerpt":{"rendered":"La f\u00e9erie de No\u00ebl s&#8217;empare des Machines de l&rsquo;\u00eele, des nefs au Carrousel des Mondes Marins, en passant&hellip;\n","protected":false},"author":2,"featured_media":571261,"comment_status":"","ping_status":"","sticky":false,"template":"","format":"standard","meta":{"footnotes":""},"categories":[2818],"tags":[1111,11,1777,674,1011,27,766,12,2636,25],"class_list":{"0":"post-571260","1":"post","2":"type-post","3":"status-publish","4":"format-standard","5":"has-post-thumbnail","7":"category-nantes","8":"tag-actu","9":"tag-actualites","10":"tag-eu","11":"tag-europe","12":"tag-fr","13":"tag-france","14":"tag-nantes","15":"tag-news","16":"tag-pays-de-la-loire","17":"tag-republique-francaise"},"share_on_mastodon":{"url":"https:\/\/pubeurope.com\/@fr\/115645195573799860","error":""},"_links":{"self":[{"href":"https:\/\/www.europesays.com\/fr\/wp-json\/wp\/v2\/posts\/571260","targetHints":{"allow":["GET"]}}],"collection":[{"href":"https:\/\/www.europesays.com\/fr\/wp-json\/wp\/v2\/posts"}],"about":[{"href":"https:\/\/www.europesays.com\/fr\/wp-json\/wp\/v2\/types\/post"}],"author":[{"embeddable":true,"href":"https:\/\/www.europesays.com\/fr\/wp-json\/wp\/v2\/users\/2"}],"replies":[{"embeddable":true,"href":"https:\/\/www.europesays.com\/fr\/wp-json\/wp\/v2\/comments?post=571260"}],"version-history":[{"count":0,"href":"https:\/\/www.europesays.com\/fr\/wp-json\/wp\/v2\/posts\/571260\/revisions"}],"wp:featuredmedia":[{"embeddable":true,"href":"https:\/\/www.europesays.com\/fr\/wp-json\/wp\/v2\/media\/571261"}],"wp:attachment":[{"href":"https:\/\/www.europesays.com\/fr\/wp-json\/wp\/v2\/media?parent=571260"}],"wp:term":[{"taxonomy":"category","embeddable":true,"href":"https:\/\/www.europesays.com\/fr\/wp-json\/wp\/v2\/categories?post=571260"},{"taxonomy":"post_tag","embeddable":true,"href":"https:\/\/www.europesays.com\/fr\/wp-json\/wp\/v2\/tags?post=571260"}],"curies":[{"name":"wp","href":"https:\/\/api.w.org\/{rel}","templated":true}]}}