{"id":571262,"date":"2025-12-01T16:13:12","date_gmt":"2025-12-01T16:13:12","guid":{"rendered":"https:\/\/www.europesays.com\/fr\/571262\/"},"modified":"2025-12-01T16:13:12","modified_gmt":"2025-12-01T16:13:12","slug":"arianegroup-se-renforce-en-gironde","status":"publish","type":"post","link":"https:\/\/www.europesays.com\/fr\/571262\/","title":{"rendered":"ArianeGroup se renforce en Gironde"},"content":{"rendered":"<p>Dans cette extension, fruit de plusieurs dizaines de millions d\u2019euros d\u2019investissements, ArianeGroup va accro\u00eetre son expertise sur l\u2019un de ses fondamentaux\u00a0: les mat\u00e9riaux composites, ces \u00e9l\u00e9ments indispensables \u00e0 l\u2019activit\u00e9 spatiale gr\u00e2ce \u00e0 leur r\u00e9sistance aux contraintes thermiques et m\u00e9caniques extr\u00eames.<\/p>\n<p>50 emplois cr\u00e9\u00e9s<\/p>\n<p>Concr\u00e8tement, seront fabriqu\u00e9es ici des pi\u00e8ces mettant en \u0153uvre cette technologie de pointe dont une en particulier\u00a0: celle qui permet \u00e0 Ariane 6 de lancer deux satellites. Connu sous le nom de Dual Launch System (DLS), cet \u00e9l\u00e9ment, qui fait le diam\u00e8tre de la fus\u00e9e, autour de 5 m\u00e8tres, n\u00e9cessite plusieurs mois de travail. Pour la premi\u00e8re fois, il sera donc construit au Haillan.<\/p>\n<p>\u00ab\u00a0C\u2019est un nouveau plan de charge, nous confortons notre empreinte dans la r\u00e9gion\u00a0\u00bb, souligne Marie Gaudr\u00e9, la directrice du site d\u2019Issac \u00e0 Saint-M\u00e9dard-en-Jalles et repr\u00e9sentante en Nouvelle-Aquitaine du pr\u00e9sident ex\u00e9cutif d\u2019ArianeGroup, Martin Sion. Ce nouvel atelier assurera aussi la fabrication de pi\u00e8ces pour les satellites.<\/p>\n","protected":false},"excerpt":{"rendered":"Dans cette extension, fruit de plusieurs dizaines de millions d\u2019euros d\u2019investissements, ArianeGroup va accro\u00eetre son expertise sur l\u2019un&hellip;\n","protected":false},"author":2,"featured_media":571263,"comment_status":"","ping_status":"","sticky":false,"template":"","format":"standard","meta":{"footnotes":""},"categories":[2817],"tags":[1111,11,1997,1777,674,1011,27,12,2219,25],"class_list":{"0":"post-571262","1":"post","2":"type-post","3":"status-publish","4":"format-standard","5":"has-post-thumbnail","7":"category-bordeaux","8":"tag-actu","9":"tag-actualites","10":"tag-bordeaux","11":"tag-eu","12":"tag-europe","13":"tag-fr","14":"tag-france","15":"tag-news","16":"tag-nouvelle-aquitaine","17":"tag-republique-francaise"},"share_on_mastodon":{"url":"https:\/\/pubeurope.com\/@fr\/115645199472284568","error":""},"_links":{"self":[{"href":"https:\/\/www.europesays.com\/fr\/wp-json\/wp\/v2\/posts\/571262","targetHints":{"allow":["GET"]}}],"collection":[{"href":"https:\/\/www.europesays.com\/fr\/wp-json\/wp\/v2\/posts"}],"about":[{"href":"https:\/\/www.europesays.com\/fr\/wp-json\/wp\/v2\/types\/post"}],"author":[{"embeddable":true,"href":"https:\/\/www.europesays.com\/fr\/wp-json\/wp\/v2\/users\/2"}],"replies":[{"embeddable":true,"href":"https:\/\/www.europesays.com\/fr\/wp-json\/wp\/v2\/comments?post=571262"}],"version-history":[{"count":0,"href":"https:\/\/www.europesays.com\/fr\/wp-json\/wp\/v2\/posts\/571262\/revisions"}],"wp:featuredmedia":[{"embeddable":true,"href":"https:\/\/www.europesays.com\/fr\/wp-json\/wp\/v2\/media\/571263"}],"wp:attachment":[{"href":"https:\/\/www.europesays.com\/fr\/wp-json\/wp\/v2\/media?parent=571262"}],"wp:term":[{"taxonomy":"category","embeddable":true,"href":"https:\/\/www.europesays.com\/fr\/wp-json\/wp\/v2\/categories?post=571262"},{"taxonomy":"post_tag","embeddable":true,"href":"https:\/\/www.europesays.com\/fr\/wp-json\/wp\/v2\/tags?post=571262"}],"curies":[{"name":"wp","href":"https:\/\/api.w.org\/{rel}","templated":true}]}}