{"id":571264,"date":"2025-12-01T16:14:20","date_gmt":"2025-12-01T16:14:20","guid":{"rendered":"https:\/\/www.europesays.com\/fr\/571264\/"},"modified":"2025-12-01T16:14:20","modified_gmt":"2025-12-01T16:14:20","slug":"une-collecte-de-sang-en-musique-au-grand-theatre","status":"publish","type":"post","link":"https:\/\/www.europesays.com\/fr\/571264\/","title":{"rendered":"une collecte de sang en musique au Grand Th\u00e9\u00e2tre"},"content":{"rendered":"<p>Vanessa Feuillatte, premi\u00e8re danseuse de l\u2019Op\u00e9ra et marraine de cette initiative, accompagnera notamment les \u00e9l\u00e8ves du conservatoire lors d\u2019une performance m\u00ealant harpe, voix et danse avec les \u00e9l\u00e8ves en Classe \u00e0 Horaires Am\u00e9nag\u00e9s, autour d\u2019une \u0153uvre de Gabriel Faur\u00e9. Les \u00e9l\u00e8ves des classes de musique de chambre donneront quant \u00e0 eux \u00e0 entendre des pi\u00e8ces de Franz Schubert, Ludwig van Beethoven ou encore Isaac Alb\u00e9niz.<\/p>\n","protected":false},"excerpt":{"rendered":"Vanessa Feuillatte, premi\u00e8re danseuse de l\u2019Op\u00e9ra et marraine de cette initiative, accompagnera notamment les \u00e9l\u00e8ves du conservatoire lors&hellip;\n","protected":false},"author":2,"featured_media":571265,"comment_status":"","ping_status":"","sticky":false,"template":"","format":"standard","meta":{"footnotes":""},"categories":[2817],"tags":[1111,11,1997,1777,674,1011,27,12,2219,25],"class_list":{"0":"post-571264","1":"post","2":"type-post","3":"status-publish","4":"format-standard","5":"has-post-thumbnail","7":"category-bordeaux","8":"tag-actu","9":"tag-actualites","10":"tag-bordeaux","11":"tag-eu","12":"tag-europe","13":"tag-fr","14":"tag-france","15":"tag-news","16":"tag-nouvelle-aquitaine","17":"tag-republique-francaise"},"share_on_mastodon":{"url":"https:\/\/pubeurope.com\/@fr\/115645204053480852","error":""},"_links":{"self":[{"href":"https:\/\/www.europesays.com\/fr\/wp-json\/wp\/v2\/posts\/571264","targetHints":{"allow":["GET"]}}],"collection":[{"href":"https:\/\/www.europesays.com\/fr\/wp-json\/wp\/v2\/posts"}],"about":[{"href":"https:\/\/www.europesays.com\/fr\/wp-json\/wp\/v2\/types\/post"}],"author":[{"embeddable":true,"href":"https:\/\/www.europesays.com\/fr\/wp-json\/wp\/v2\/users\/2"}],"replies":[{"embeddable":true,"href":"https:\/\/www.europesays.com\/fr\/wp-json\/wp\/v2\/comments?post=571264"}],"version-history":[{"count":0,"href":"https:\/\/www.europesays.com\/fr\/wp-json\/wp\/v2\/posts\/571264\/revisions"}],"wp:featuredmedia":[{"embeddable":true,"href":"https:\/\/www.europesays.com\/fr\/wp-json\/wp\/v2\/media\/571265"}],"wp:attachment":[{"href":"https:\/\/www.europesays.com\/fr\/wp-json\/wp\/v2\/media?parent=571264"}],"wp:term":[{"taxonomy":"category","embeddable":true,"href":"https:\/\/www.europesays.com\/fr\/wp-json\/wp\/v2\/categories?post=571264"},{"taxonomy":"post_tag","embeddable":true,"href":"https:\/\/www.europesays.com\/fr\/wp-json\/wp\/v2\/tags?post=571264"}],"curies":[{"name":"wp","href":"https:\/\/api.w.org\/{rel}","templated":true}]}}