{"id":57127,"date":"2025-04-27T15:39:10","date_gmt":"2025-04-27T15:39:10","guid":{"rendered":"https:\/\/www.europesays.com\/fr\/57127\/"},"modified":"2025-04-27T15:39:10","modified_gmt":"2025-04-27T15:39:10","slug":"des-benevoles-motives-quand-il-sagit-daider-les-enfants-malades","status":"publish","type":"post","link":"https:\/\/www.europesays.com\/fr\/57127\/","title":{"rendered":"Des b\u00e9n\u00e9voles motiv\u00e9s quand il s\u2019agit d\u2019aider les enfants malades"},"content":{"rendered":"<p>Ils sont partout. \u00c0 v\u00e9los, \u00e0 pied\u2026 Les b\u00e9n\u00e9voles mobilis\u00e9s, pour assurer l\u2019organisation du rassemblement de v\u00e9hicules d\u2019\u00e9poque ce dimanche \u00e0 Bonz\u00e9e, \u00e9taient motiv\u00e9s\u00a0! \u00ab\u00a0C\u2019est normal, on fait \u00e7a pour la bonne cause\u00a0!\u00a0\u00bb Carole Vignolini, une auxiliaire de vie de 39 ans, oriente les conducteurs des v\u00e9hicules anciens vers la file ad\u00e9quate.<\/p>\n<p>Pour l\u2019aider dans cette mission\u00a0: Richard M\u00e9tral, chauffeur routier de 52 ans, Pierre-Enzo&#8230;<\/p>\n","protected":false},"excerpt":{"rendered":"Ils sont partout. \u00c0 v\u00e9los, \u00e0 pied\u2026 Les b\u00e9n\u00e9voles mobilis\u00e9s, pour assurer l\u2019organisation du rassemblement de v\u00e9hicules d\u2019\u00e9poque&hellip;\n","protected":false},"author":2,"featured_media":57128,"comment_status":"","ping_status":"","sticky":false,"template":"","format":"standard","meta":{"footnotes":""},"categories":[9635],"tags":[1111,11,15294,15295,1687,10174,2878,1777,674,1011,27,775,1702,12,25,104,1631],"class_list":{"0":"post-57127","1":"post","2":"type-post","3":"status-publish","4":"format-standard","5":"has-post-thumbnail","7":"category-nancy","8":"tag-actu","9":"tag-actualites","10":"tag-bonzee","11":"tag-cc-du-territoire-de-fresnes-en-woevre-55a","12":"tag-culture-loisirs","13":"tag-edition-verdun","14":"tag-encadre","15":"tag-eu","16":"tag-europe","17":"tag-fr","18":"tag-france","19":"tag-grand-est","20":"tag-nancy","21":"tag-news","22":"tag-republique-francaise","23":"tag-societe","24":"tag-vie-associative"},"share_on_mastodon":{"url":"https:\/\/pubeurope.com\/@fr\/114410682428599688","error":""},"_links":{"self":[{"href":"https:\/\/www.europesays.com\/fr\/wp-json\/wp\/v2\/posts\/57127","targetHints":{"allow":["GET"]}}],"collection":[{"href":"https:\/\/www.europesays.com\/fr\/wp-json\/wp\/v2\/posts"}],"about":[{"href":"https:\/\/www.europesays.com\/fr\/wp-json\/wp\/v2\/types\/post"}],"author":[{"embeddable":true,"href":"https:\/\/www.europesays.com\/fr\/wp-json\/wp\/v2\/users\/2"}],"replies":[{"embeddable":true,"href":"https:\/\/www.europesays.com\/fr\/wp-json\/wp\/v2\/comments?post=57127"}],"version-history":[{"count":0,"href":"https:\/\/www.europesays.com\/fr\/wp-json\/wp\/v2\/posts\/57127\/revisions"}],"wp:featuredmedia":[{"embeddable":true,"href":"https:\/\/www.europesays.com\/fr\/wp-json\/wp\/v2\/media\/57128"}],"wp:attachment":[{"href":"https:\/\/www.europesays.com\/fr\/wp-json\/wp\/v2\/media?parent=57127"}],"wp:term":[{"taxonomy":"category","embeddable":true,"href":"https:\/\/www.europesays.com\/fr\/wp-json\/wp\/v2\/categories?post=57127"},{"taxonomy":"post_tag","embeddable":true,"href":"https:\/\/www.europesays.com\/fr\/wp-json\/wp\/v2\/tags?post=57127"}],"curies":[{"name":"wp","href":"https:\/\/api.w.org\/{rel}","templated":true}]}}