{"id":571270,"date":"2025-12-01T16:17:21","date_gmt":"2025-12-01T16:17:21","guid":{"rendered":"https:\/\/www.europesays.com\/fr\/571270\/"},"modified":"2025-12-01T16:17:21","modified_gmt":"2025-12-01T16:17:21","slug":"lille-va-rire-encore-plus-fort-avec-le-nouveau-comedy-club-new-yorkais-loko-a-wazemmes-01-12-2025","status":"publish","type":"post","link":"https:\/\/www.europesays.com\/fr\/571270\/","title":{"rendered":"Lille va rire (encore plus) fort avec le nouveau comedy club new yorkais Loko \u00e0 Wazemmes &#8211; 01\/12\/2025"},"content":{"rendered":"<p>Depuis d\u00e9but novembre, l&rsquo;humoriste lillois Habib invite une ribambelle d&rsquo;humoristes connu\u00b7es et \u00e9mergent\u00b7es pour animer les soir\u00e9es de son nouveau comedy club \u00e0 l&rsquo;ambiance new yorkaise : le Loko. Rendez-vous \u00e0 Wazemmes pour se taper des barres.<\/p>\n<p>Pour celles et ceux qui ont choisi allemand LV2, \u00ab\u00a0loco\u00a0\u00bb veut dire \u00ab\u00a0fou\u00a0\u00bb en espagnol (de rien). Et \u00e0 Lille, c&rsquo;est le surnom de l&rsquo;humoriste <a target=\"_blank\" href=\"https:\/\/www.instagram.com\/habib\/\" rel=\"noopener\">Habib\u00a0<\/a><a target=\"_blank\" href=\"https:\/\/www.instagram.com\/habib\/\" rel=\"noopener\">Djelili<\/a>, un Lillois pure souche qui a d\u00e9cid\u00e9 d&rsquo;ouvrir un comedy club \u00e0 Wazemmes, rue du March\u00e9.\u00a0<\/p>\n<p>\u00ab\u00a0Je suis n\u00e9, j&rsquo;ai grandi, j&rsquo;ai fait mes \u00e9tudes et je vis \u00e0 Lille, raconte le trentenaire. J&rsquo;ai travaill\u00e9 dans le marketing et la communication mais ce n&rsquo;\u00e9tait pas vraiment le m\u00e9tier de mes r\u00eaves. Alors je me suis lanc\u00e9 dans le stand up en 2019 et aujourd&rsquo;hui j&rsquo;arrive \u00e0 en vivre.\u00a0\u00bb Pour vous donner un aper\u00e7u de sa carri\u00e8re, il a fait des premi\u00e8res parties de Roman Frayssinet, Ilyes Djadel ou encore de Nordine Ganso et a jou\u00e9 dans plusieurs comedy clubs \u00e0 Paris, Marseille et Lyon.<\/p>\n<p>      <a data-fslightbox=\"lightbox-74313\" data-caption=\"L&#039;humoriste proposait aussi des soir&#xE9;es stand up &quot;Loko&quot; au Zango, un resto lillois d&#xE9;sormais ferm&#xE9;.\" href=\"https:\/\/vozer.s3.eu-west-3.amazonaws.com\/production\/1764588161\/fgalcoslj2kezn6oq344o40c15sj\/img_5851-2.JPG\" target=\"_blank\" rel=\"noopener\"><br \/>\n        <img decoding=\"async\" class=\"mw-100 lazy\" alt=\"L'humoriste proposait aussi des soir&#xE9;es stand up &quot;Loko&quot; au Zango, un resto lillois d&#xE9;sormais ferm&#xE9;.\" lazy=\"true\" src=\"https:\/\/www.europesays.com\/fr\/wp-content\/uploads\/2025\/12\/img_5851-2.webp.webp\"\/><br \/>\n      <\/a><br \/>\n        L&rsquo;humoriste proposait aussi des soir\u00e9es stand up \u00ab\u00a0Loko\u00a0\u00bb au Zango, un resto lillois d\u00e9sormais ferm\u00e9.<\/p>\n<p>  Des humoristes de toute la France sur sc\u00e8ne<\/p>\n<p>\u00ab\u00a0Je me suis constitu\u00e9 un beau r\u00e9seau\u00a0\u00bb, d\u00e9clare Habib. Et il compte bien s&rsquo;en servir pour que vous vous tapiez des bonnes barres tous les soirs du mardi au samedi chez Loko. \u00ab\u00a0Il y aura \u00e0 la fois des t\u00eates d&rsquo;affiche mais aussi des talents \u00e9mergents de toute la France que je s\u00e9lectionne, et je ferai des soir\u00e9es &lsquo;open mic&rsquo; avec des personnes qui veulent s&rsquo;essayer au stand up\u00a0\u00bb, indique le Lillois. <\/p>\n<p>Mais les trois grand types de soir\u00e9e, les voici :\u00a0<\/p>\n<ul>&#13;<\/p>\n<li>les <b>soir\u00e9es \u00ab\u00a0comedy club\u00a0\u00bb<\/b>, avec cinq humoristes qui se relaient sur sc\u00e8ne pour vous pr\u00e9senter pendant 10-15 minutes quelques sketchs<\/li>\n<p>&#13;<\/p>\n<li>les <b>soir\u00e9es \u00ab\u00a0spectacle\u00a0\u00bb<\/b> qui durent une heure avec un ou une humoriste<\/li>\n<p>&#13;<\/p>\n<li>les<b> soir\u00e9es \u00ab\u00a0rodage\u00a0\u00bb<\/b> avec des t\u00eates d&rsquo;affiche qui testent leur spectacle avant de faire leur tourn\u00e9e<br \/>&#13;<\/li>\n<p>&#13;<\/ul>\n<p>\u00ab\u00a0Beaucoup d&rsquo;humoristes testent leurs sketchs en amont dans des petites salles partout en France, plusieurs fois dans la semaine\u00a0\u00bb, explique Habib qui connait des humoristes de Montreux, du Jamel Comedy Club et bien d&rsquo;autres com\u00e9dien\u00b7nes \u00ab\u00a0de plus de 100 000 abonn\u00e9s sur les r\u00e9seaux sociaux.\u00a0\u00bb<\/p>\n<p>Ambiance new yorkaise \u00e0 Wazemmes<\/p>\n<p>L&rsquo;autre info qui fait plaisir : vous allez vous retrouver dans un spot new yorkais sans d\u00e9coller de Lille. \u00ab\u00a0En faisant les comedy clubs de France, je n&rsquo;ai jamais retrouv\u00e9 le format new yorkais que j&rsquo;avais vu l\u00e0-bas, avec les murs en brique, le mood du public qui se l\u00e2che et le MC qui met l&rsquo;ambiance. C&rsquo;est \u00e7a que je veux faire en reprenant les codes du stand up new yorkais.\u00a0\u00bb<\/p>\n<p>      <a data-fslightbox=\"lightbox-74316\" data-caption=\"On compte 80 places avec les tables, une centaine sans les tables. @Loko\" href=\"https:\/\/vozer.s3.eu-west-3.amazonaws.com\/production\/1764588161\/ocqw8v634uqjpj1rx5ezmegpaax9\/img_1192-1.jpg\" target=\"_blank\" rel=\"noopener\"><br \/>\n        <img decoding=\"async\" class=\"mw-100 lazy\" alt=\"On compte 80 places avec les tables, une centaine sans les tables. @Loko\" lazy=\"true\" src=\"https:\/\/www.europesays.com\/fr\/wp-content\/uploads\/2025\/12\/img_1192-1.webp.webp\"\/><br \/>\n      <\/a><br \/>\n        On compte 80 places avec les tables, une centaine sans les tables. @Loko<\/p>\n<p>C\u00f4t\u00e9 d\u00e9co et menu, on se retrouve aussi aux \u00c9tats-Unis. \u00ab\u00a0J&rsquo;ai install\u00e9 huit portraits de huit am\u00e9ricains qui ont compt\u00e9 dans l&rsquo;histoire du stand up et nos cocktails et mocktails signature portent leur nom.\u00a0\u00bb On pense \u00e0 Richard Pryor, humoriste noir am\u00e9ricain le plus important de l&rsquo;Histoire, ou encore\u00a0Joan Rivers, la premi\u00e8re figure f\u00e9minine de ce milieu majoritairement masculin.<\/p>\n<p>Et pour ce qui est de la finger food, on part sur un trio de mini-burgers, du dynamite chicken, des planches charcuterie-fromages ou encore des tapas.\u00a0<\/p>\n<p>Prix d&rsquo;entr\u00e9e<\/p>\n<p>Pour voir tout plein de sketchs et de spectacles, il faudra payer son entr\u00e9e. Comptez entre 5\u20ac et 7\u20ac en semaine et environ 10\u20ac les week-ends pour les soir\u00e9es comedy club, et entre 12\u20ac et 20\u20ac les spectacles et rodages, selon l&rsquo;humoriste. On vous a mis le lien vers la billetterie dans les infos pratiques.<\/p>\n<p>\u00ab\u00a0Sur le long terme, j&rsquo;aimerais aussi proposer des concerts de jazz, des soir\u00e9es &lsquo;trash&rsquo; o\u00f9 on peut vraiment rire de tout, et m\u00eame ouvrir d&rsquo;autres cr\u00e9neaux selon le succ\u00e8s du comedy club\u00a0\u00bb, termine Habib. En attendant, vous pouvez d&rsquo;ores et d\u00e9j\u00e0 vous rendre chez Loko \u00e0 partir de ce samedi 6 d\u00e9cembre, pour la soir\u00e9e d&rsquo;inauguration qui r\u00e9serve quelques surprises de taille.\u00a0<\/p>\n<p>    <script async src=\"\/\/www.instagram.com\/embed.js\"><\/script><\/p>\n","protected":false},"excerpt":{"rendered":"Depuis d\u00e9but novembre, l&rsquo;humoriste lillois Habib invite une ribambelle d&rsquo;humoristes connu\u00b7es et \u00e9mergent\u00b7es pour animer les soir\u00e9es de&hellip;\n","protected":false},"author":2,"featured_media":571271,"comment_status":"","ping_status":"","sticky":false,"template":"","format":"standard","meta":{"footnotes":""},"categories":[2815],"tags":[1111,11,1777,674,1011,27,811,1307,12,25],"class_list":{"0":"post-571270","1":"post","2":"type-post","3":"status-publish","4":"format-standard","5":"has-post-thumbnail","7":"category-lille","8":"tag-actu","9":"tag-actualites","10":"tag-eu","11":"tag-europe","12":"tag-fr","13":"tag-france","14":"tag-hauts-de-france","15":"tag-lille","16":"tag-news","17":"tag-republique-francaise"},"share_on_mastodon":{"url":"https:\/\/pubeurope.com\/@fr\/115645215623296648","error":""},"_links":{"self":[{"href":"https:\/\/www.europesays.com\/fr\/wp-json\/wp\/v2\/posts\/571270","targetHints":{"allow":["GET"]}}],"collection":[{"href":"https:\/\/www.europesays.com\/fr\/wp-json\/wp\/v2\/posts"}],"about":[{"href":"https:\/\/www.europesays.com\/fr\/wp-json\/wp\/v2\/types\/post"}],"author":[{"embeddable":true,"href":"https:\/\/www.europesays.com\/fr\/wp-json\/wp\/v2\/users\/2"}],"replies":[{"embeddable":true,"href":"https:\/\/www.europesays.com\/fr\/wp-json\/wp\/v2\/comments?post=571270"}],"version-history":[{"count":0,"href":"https:\/\/www.europesays.com\/fr\/wp-json\/wp\/v2\/posts\/571270\/revisions"}],"wp:featuredmedia":[{"embeddable":true,"href":"https:\/\/www.europesays.com\/fr\/wp-json\/wp\/v2\/media\/571271"}],"wp:attachment":[{"href":"https:\/\/www.europesays.com\/fr\/wp-json\/wp\/v2\/media?parent=571270"}],"wp:term":[{"taxonomy":"category","embeddable":true,"href":"https:\/\/www.europesays.com\/fr\/wp-json\/wp\/v2\/categories?post=571270"},{"taxonomy":"post_tag","embeddable":true,"href":"https:\/\/www.europesays.com\/fr\/wp-json\/wp\/v2\/tags?post=571270"}],"curies":[{"name":"wp","href":"https:\/\/api.w.org\/{rel}","templated":true}]}}