{"id":571272,"date":"2025-12-01T16:18:12","date_gmt":"2025-12-01T16:18:12","guid":{"rendered":"https:\/\/www.europesays.com\/fr\/571272\/"},"modified":"2025-12-01T16:18:12","modified_gmt":"2025-12-01T16:18:12","slug":"un-marche-de-noel-feerique-tattend-dans-une-abbaye-medievale-a-1h-de-lille","status":"publish","type":"post","link":"https:\/\/www.europesays.com\/fr\/571272\/","title":{"rendered":"Un march\u00e9 de No\u00ebl f\u00e9erique t\u2019attend dans une abbaye m\u00e9di\u00e9vale \u00e0 1h de Lille"},"content":{"rendered":"<p><b>Quand l\u2019abbaye se transforme en for\u00eat enchant\u00e9e<\/b>&#13;<\/p>\n<p>Chaque fin novembre, l\u2019<b><a href=\"https:\/\/www.lebonbon.fr\/lille\/loisirs\/escape-game-flippant-debarque-abbaye-millenaire-nord\/\" target=\"_blank\" rel=\"noopener\">Abbaye de Vaucelles<\/a> semble sortir tout droit d\u2019un film de fantasy<\/b>. Pendant quatre jours, ce monument de 900 ans rallume la magie comme personne\u00a0: lumi\u00e8res, d\u00e9cors f\u00e9eriques, odeurs de pain d\u2019\u00e9pices et <b>plus de 50 artisans<\/b> qui exposent leurs cr\u00e9ations sous les i<b>mmenses <a href=\"https:\/\/www.lebonbon.fr\/lille\/brunchs\/brunch-abbaye-monumentale-poudlard-pres-paris\/?from=00020\" target=\"_blank\" rel=\"noopener\">vo\u00fbtes gothiques<\/a> du XII<\/b><b>\u1d49<\/b><b> si\u00e8cle<\/b>. Une ambiance unique, presque irr\u00e9elle, o\u00f9 le patrimoine r\u00e9pond \u00e0 la <a href=\"https:\/\/www.lebonbon.fr\/lille\/good-news\/ville-nord-se-metamorphose-conte-d-hiver-noel\/\" target=\"_blank\" rel=\"noopener\">magie de No\u00ebl<\/a> dans un d\u00e9cor qui donne envie de chuchoter.<br \/>On y chine des tr\u00e9sors\u00a0: <b>douceurs locales, bijoux po\u00e9tiques, d\u00e9co artisanale, cosm\u00e9tiques naturels, potions bien-\u00eatre, librairie, id\u00e9es cadeaux pour tous les \u00e2ges.<\/b> Le genre de march\u00e9 qui donne envie d\u2019arriver avec un tote bag vide et de repartir avec un coffre de voiture plein.<\/p>\n<p>&#13;<\/p>\n<blockquote class=\"instagram-media\" data-instgrm-permalink=\"https:\/\/www.instagram.com\/p\/DRKmpJFjBki\/?utm_source=ig_embed&amp;utm_campaign=loading\" data-instgrm-version=\"14\" style=\"background: #FFF; border: 0; border-radius: 3px; box-shadow: 0 0 1px 0 rgba(0,0,0,0.5),0 1px 10px 0 rgba(0,0,0,0.15); margin: 1px; max-width: 540px; min-width: 326px; padding: 0; width: calc(100% - 2px);\"><p>&#13;<br \/>\n&#13;\n<\/p><\/blockquote>\n<p>&#13;<br \/>\n&#13;<br \/>\n<b>Ateliers, P\u00e8re No\u00ebl et un jeu-concours qui peut t\u2019envoyer\u2026 dans les airs<\/b>&#13;<\/p>\n<p>Vaucelles fait vivre la magie jusqu\u2019au bout. Pendant tout le week-end, les enfants (et les grands sensibles \u00e0 No\u00ebl, on te voit) peuvent participer \u00e0 des ateliers cr\u00e9atifs,<b> glisser leur lettre au P\u00e8re No\u00ebl <\/b>dans sa bo\u00eete aux lettres magique, profiter d\u2019un man\u00e8ge gratuit ou poser pour une photo souvenir dans un d\u00e9cor qui ferait jalouser un film Netflix.<br \/>Et nouveaut\u00e9 qui fait briller les yeux\u00a0: <b>le jeu-concours \u00ab\u00a0Les Chroniques de No\u00ebl\u00a0\u00bb<\/b>, qui peut te faire gagner\u2026 <b>un vol en montgolfi\u00e8re du D\u00e9partement du Nord. <\/b>Un VRAI vol, au-dessus de la r\u00e9gion, fa\u00e7on carte postale vivante. Il suffit de r\u00e9soudre des \u00e9nigmes historiques sur place pour tenter sa chance.<\/p>\n<p>&#13;<\/p>\n<blockquote class=\"instagram-media\" data-instgrm-permalink=\"https:\/\/www.instagram.com\/p\/DQrps4PEpEb\/?utm_source=ig_embed&amp;utm_campaign=loading\" data-instgrm-version=\"14\" style=\"background: #FFF; border: 0; border-radius: 3px; box-shadow: 0 0 1px 0 rgba(0,0,0,0.5),0 1px 10px 0 rgba(0,0,0,0.15); margin: 1px; max-width: 540px; min-width: 326px; padding: 0; width: calc(100% - 2px);\"><p>&#13;<br \/>\n&#13;\n<\/p><\/blockquote>\n<p>&#13;<br \/>\n&#13;<br \/>\n<b>Programme (juste ce qu\u2019il faut pour te convaincre)<\/b>&#13;<\/p>\n<p>Ateliers d\u00e9co, cartes magiques de No\u00ebl, maquillage pour enfants, sculpture de ballons, rencontres quotidiennes avec le P\u00e8re No\u00ebl\u2026 Chaque journ\u00e9e a son lot de petits enchantements, le tout dans une abbaye qui semble avoir \u00e9t\u00e9 pens\u00e9e pour No\u00ebl.<\/p>\n<p>&#13;<\/p>\n<p><b>Abbaye de Vaucelles, 59258 Les Rues-des-Vignes<\/b><br \/><b>Du 27 au 30 novembre 2025<br \/>Billetterie &amp; infos <a href=\"https:\/\/my.weezevent.com\/noel-a-vaucelles-2025\" rel=\"nofollow noopener noreferrer\" target=\"_blank\">ici<\/a><\/b><b><br \/><\/b><\/p>\n<p><script async src=\"\/\/www.instagram.com\/embed.js\"><\/script><\/p>\n","protected":false},"excerpt":{"rendered":"Quand l\u2019abbaye se transforme en for\u00eat enchant\u00e9e&#13; Chaque fin novembre, l\u2019Abbaye de Vaucelles semble sortir tout droit d\u2019un&hellip;\n","protected":false},"author":2,"featured_media":571273,"comment_status":"","ping_status":"","sticky":false,"template":"","format":"standard","meta":{"footnotes":""},"categories":[2815],"tags":[1111,11,1777,674,1011,27,811,1307,12,25],"class_list":{"0":"post-571272","1":"post","2":"type-post","3":"status-publish","4":"format-standard","5":"has-post-thumbnail","7":"category-lille","8":"tag-actu","9":"tag-actualites","10":"tag-eu","11":"tag-europe","12":"tag-fr","13":"tag-france","14":"tag-hauts-de-france","15":"tag-lille","16":"tag-news","17":"tag-republique-francaise"},"share_on_mastodon":{"url":"https:\/\/pubeurope.com\/@fr\/115645219495705926","error":""},"_links":{"self":[{"href":"https:\/\/www.europesays.com\/fr\/wp-json\/wp\/v2\/posts\/571272","targetHints":{"allow":["GET"]}}],"collection":[{"href":"https:\/\/www.europesays.com\/fr\/wp-json\/wp\/v2\/posts"}],"about":[{"href":"https:\/\/www.europesays.com\/fr\/wp-json\/wp\/v2\/types\/post"}],"author":[{"embeddable":true,"href":"https:\/\/www.europesays.com\/fr\/wp-json\/wp\/v2\/users\/2"}],"replies":[{"embeddable":true,"href":"https:\/\/www.europesays.com\/fr\/wp-json\/wp\/v2\/comments?post=571272"}],"version-history":[{"count":0,"href":"https:\/\/www.europesays.com\/fr\/wp-json\/wp\/v2\/posts\/571272\/revisions"}],"wp:featuredmedia":[{"embeddable":true,"href":"https:\/\/www.europesays.com\/fr\/wp-json\/wp\/v2\/media\/571273"}],"wp:attachment":[{"href":"https:\/\/www.europesays.com\/fr\/wp-json\/wp\/v2\/media?parent=571272"}],"wp:term":[{"taxonomy":"category","embeddable":true,"href":"https:\/\/www.europesays.com\/fr\/wp-json\/wp\/v2\/categories?post=571272"},{"taxonomy":"post_tag","embeddable":true,"href":"https:\/\/www.europesays.com\/fr\/wp-json\/wp\/v2\/tags?post=571272"}],"curies":[{"name":"wp","href":"https:\/\/api.w.org\/{rel}","templated":true}]}}