{"id":571274,"date":"2025-12-01T16:19:12","date_gmt":"2025-12-01T16:19:12","guid":{"rendered":"https:\/\/www.europesays.com\/fr\/571274\/"},"modified":"2025-12-01T16:19:12","modified_gmt":"2025-12-01T16:19:12","slug":"qommute-revolutionner-linformation-voyageurs-en-temps-reel-depuis-marseille","status":"publish","type":"post","link":"https:\/\/www.europesays.com\/fr\/571274\/","title":{"rendered":"Qommute, r\u00e9volutionner l&rsquo;information voyageurs en temps r\u00e9el depuis Marseille"},"content":{"rendered":"<p>En douze ans, <a href=\"https:\/\/www.laprovence.com\/article\/economie\/62745883698158\/la-start-up-marseillaise-qommute-informe-les-voyageurs-en-temps-reel\" target=\"_blank\" rel=\"noopener\">l\u2019entreprise phoc\u00e9enne Qommute <\/a>s\u2019est impos\u00e9e comme une r\u00e9f\u00e9rence de l\u2019information voyageurs en temps r\u00e9el. Fond\u00e9e \u00e0 Marseille par Cyril Labi, elle est pass\u00e9e d\u2019une activit\u00e9 de services \u00e0 un \u00e9diteur de logiciel reconnu en France et \u00e0 l\u2019international.<\/p>\n<p>En\u00a02013, la soci\u00e9t\u00e9 transforme son mod\u00e8le \u00e9conomique\u00a0: du service au produit, afin de proposer une solution \u00e0 forte valeur ajout\u00e9e pour les transporteurs comme pour les voyageurs.<\/p>\n<p>En travaillant au plus pr\u00e8s des r\u00e9seaux de transport, l\u2019\u00e9quipe identifie un besoin majeur\u00a0: la coordination et la fiabilit\u00e9 de l\u2019information diffus\u00e9e, surtout en cas de perturbation. Le premier test grandeur nature a lieu \u00e0 la RTM en\u00a02015. Puis l\u2019incident de cat\u00e9naire \u00e0 la gare Montparnasse en\u00a02017 r\u00e9v\u00e8le l\u2019ampleur du probl\u00e8me du manque d\u2019informations voyageurs.<\/p>\n<p>\u00ab\u00a0\u202fQommute (anciennement Mytechtrip), laur\u00e9at des <a href=\"https:\/\/www.laprovence.com\/article\/economie\/4743883\/la-provence-salue-les-entrepreneurs-qui-ont-de-laudace.html\" target=\"_blank\" rel=\"noopener\">Tremplins de l\u2019\u00e9conomie en\u00a02017<\/a>, a largement b\u00e9n\u00e9fici\u00e9 de la visibilit\u00e9 offerte par La Provence, explique le fondateur. Cette exposition m\u00e9diatique a permis \u00e0 la jeune entreprise de d\u00e9passer rapidement le cadre r\u00e9gional, d\u2019attirer l\u2019attention d\u2019acteurs majeurs du secteur &#8211;\u00a0RATP, SNCF\u00a0&#8211; puis de grands op\u00e9rateurs internationaux. Cette mise en lumi\u00e8re pr\u00e9coce a \u00e9t\u00e9 d\u00e9terminante pour cr\u00e9dibiliser la solution et consolider son positionnement en tant que plateforme de r\u00e9f\u00e9rence de l\u2019information voyageurs en temps r\u00e9el, aujourd\u2019hui reconnue en France comme \u00e0 l\u2019\u00e9tranger.\u00a0\u00bb<\/p>\n","protected":false},"excerpt":{"rendered":"En douze ans, l\u2019entreprise phoc\u00e9enne Qommute s\u2019est impos\u00e9e comme une r\u00e9f\u00e9rence de l\u2019information voyageurs en temps r\u00e9el. Fond\u00e9e&hellip;\n","protected":false},"author":2,"featured_media":571275,"comment_status":"","ping_status":"","sticky":false,"template":"","format":"standard","meta":{"footnotes":""},"categories":[2814],"tags":[17,1111,11,1764,154,33,1777,674,1011,27,30481,151,884,12,882,68634,25,56967,37369],"class_list":{"0":"post-571274","1":"post","2":"type-post","3":"status-publish","4":"format-standard","5":"has-post-thumbnail","7":"category-marseille","8":"tag-17","9":"tag-actu","10":"tag-actualites","11":"tag-ans","12":"tag-des","13":"tag-economie","14":"tag-eu","15":"tag-europe","16":"tag-fr","17":"tag-france","18":"tag-leconomie","19":"tag-les","20":"tag-marseille","21":"tag-news","22":"tag-provence-alpes-cote-dazur","23":"tag-qommute","24":"tag-republique-francaise","25":"tag-revolutionner","26":"tag-trophees"},"share_on_mastodon":{"url":"https:\/\/pubeurope.com\/@fr\/115645223335522990","error":""},"_links":{"self":[{"href":"https:\/\/www.europesays.com\/fr\/wp-json\/wp\/v2\/posts\/571274","targetHints":{"allow":["GET"]}}],"collection":[{"href":"https:\/\/www.europesays.com\/fr\/wp-json\/wp\/v2\/posts"}],"about":[{"href":"https:\/\/www.europesays.com\/fr\/wp-json\/wp\/v2\/types\/post"}],"author":[{"embeddable":true,"href":"https:\/\/www.europesays.com\/fr\/wp-json\/wp\/v2\/users\/2"}],"replies":[{"embeddable":true,"href":"https:\/\/www.europesays.com\/fr\/wp-json\/wp\/v2\/comments?post=571274"}],"version-history":[{"count":0,"href":"https:\/\/www.europesays.com\/fr\/wp-json\/wp\/v2\/posts\/571274\/revisions"}],"wp:featuredmedia":[{"embeddable":true,"href":"https:\/\/www.europesays.com\/fr\/wp-json\/wp\/v2\/media\/571275"}],"wp:attachment":[{"href":"https:\/\/www.europesays.com\/fr\/wp-json\/wp\/v2\/media?parent=571274"}],"wp:term":[{"taxonomy":"category","embeddable":true,"href":"https:\/\/www.europesays.com\/fr\/wp-json\/wp\/v2\/categories?post=571274"},{"taxonomy":"post_tag","embeddable":true,"href":"https:\/\/www.europesays.com\/fr\/wp-json\/wp\/v2\/tags?post=571274"}],"curies":[{"name":"wp","href":"https:\/\/api.w.org\/{rel}","templated":true}]}}