{"id":571276,"date":"2025-12-01T16:20:16","date_gmt":"2025-12-01T16:20:16","guid":{"rendered":"https:\/\/www.europesays.com\/fr\/571276\/"},"modified":"2025-12-01T16:20:16","modified_gmt":"2025-12-01T16:20:16","slug":"marseille-orange-va-fermer-son-site-dans-le-quartier-sensible-de-saint-mauront-apres-des-tensions-europe-1-dans-les-medias-presse","status":"publish","type":"post","link":"https:\/\/www.europesays.com\/fr\/571276\/","title":{"rendered":"Marseille : Orange va fermer son site dans le quartier sensible de Saint-Mauront apr\u00e8s des \u00abtensions\u00bb &#8211; Europe 1 | Dans les m\u00e9dias | Presse"},"content":{"rendered":"<p class=\"uk-margin-small-top uk-margin-remove-bottom uk-article-meta\">\n                R\u00e9dig\u00e9 par St\u00e9phanie CRESPIN le 1 d\u00e9cembre 2025.                Publi\u00e9 dans <a href=\"https:\/\/www.cfecgc-orange.org\/revue-de-presse\/\" target=\"_blank\" rel=\"noopener\">Dans les m\u00e9dias<\/a>.            <\/p>\n<p>\t\t\t\t        \t\t\t\t            <img loading=\"lazy\" decoding=\"async\" src=\"https:\/\/www.europesays.com\/fr\/wp-content\/uploads\/2025\/12\/orangeetbleu.png\" alt=\"orangeetbleu\" width=\"605\" height=\"373\"\/><br \/>\nL&rsquo;op\u00e9rateur Orange va fermer ce vendredi son site de Marseille, situ\u00e9 dans le quartier sensible de Saint-Mauront, apr\u00e8s une \u00ab\u00a0mont\u00e9e des tensions\u00a0\u00bb, indique la direction r\u00e9gionale du groupe. Environ 1.000 personnes travaillent dans ces locaux de la cit\u00e9 phoc\u00e9enne. L&rsquo;entreprise attend \u00ab\u00a0un retour \u00e0 une situation apais\u00e9e dans le quartier\u00a0\u00bb.<\/p>\n<p>[&#8230;]<br \/>Les salari\u00e9s ont d\u00fb \u00eatre confin\u00e9s mardi \u00e0 cause d&rsquo;une \u00ab\u00a0bagarre entre dealers\u00a0\u00bb dans la rue. \u00ab\u00a0\u00c7a a toujours \u00e9t\u00e9 ins\u00e9cure, mais l\u00e0, \u00e7a prend des proportions extr\u00eamement particuli\u00e8res\u00a0\u00bb, a conc\u00e9d\u00e9 Nad\u00e8ge Po\u00ebt, repr\u00e9sentante de la CFE-CGC Orange. \u00ab\u00a0On a eu des tirs, quelqu&rsquo;un s&rsquo;est fait assassin\u00e9 juste \u00e0 c\u00f4t\u00e9 de nous il y a quelques jours, au bar en face de nous. Il y avait des douilles dans le parking\u00a0\u00bb, a-t-elle relat\u00e9.<br \/>[&#8230;]<br \/><strong>Lire l&rsquo;article complet sur<a href=\"https:\/\/www.europe1.fr\/societe\/marseille-orange-va-fermer-son-site-dans-le-quartier-sensible-de-saint-mauront-apres-des-tensions-873083\" target=\"_blank\" rel=\"noopener\"> Europe1<\/a> &#8211; St\u00e9phane Burgatt &#8211;\u00a0 28\/11\/2025<\/strong><\/p>\n<p>\u00a0<\/p>\n<p>\t\t\t\t\t\t\t\t\t\t\t\t<a href=\"https:\/\/www.cfecgc-orange.org\/tag\/key-cit-conditions.html\" class=\"my-tag\" property=\"keywords\" target=\"_blank\" rel=\"noopener\">Conditions de Travail et Sant\u00e9<\/a><br \/>\n\t\t\t\t\t\t\t\t\t\t\t\t\t\t<a href=\"https:\/\/www.cfecgc-orange.org\/tag\/key-do-go.html\" class=\"my-tag\" property=\"keywords\" target=\"_blank\" rel=\"noopener\">DO Grand Ouest<\/a>\n\t\t\t<\/p>\n","protected":false},"excerpt":{"rendered":"R\u00e9dig\u00e9 par St\u00e9phanie CRESPIN le 1 d\u00e9cembre 2025. Publi\u00e9 dans Dans les m\u00e9dias. L&rsquo;op\u00e9rateur Orange va fermer ce&hellip;\n","protected":false},"author":2,"featured_media":571277,"comment_status":"","ping_status":"","sticky":false,"template":"","format":"standard","meta":{"footnotes":""},"categories":[2814],"tags":[1111,11,33781,68592,32577,68593,68594,68597,32581,1777,674,6248,1011,27,964,68595,68596,884,12,68598,738,882,25,68599,34263,68590,68591,11564],"class_list":{"0":"post-571276","1":"post","2":"type-post","3":"status-publish","4":"format-standard","5":"has-post-thumbnail","7":"category-marseille","8":"tag-actu","9":"tag-actualites","10":"tag-cadre","11":"tag-cfe","12":"tag-cfe-cgc","13":"tag-cfecgc","14":"tag-cgc","15":"tag-droit-prive","16":"tag-encadrement","17":"tag-eu","18":"tag-europe","19":"tag-fonctionnaire","20":"tag-fr","21":"tag-france","22":"tag-france-telecom","23":"tag-ft","24":"tag-ft-sa","25":"tag-marseille","26":"tag-news","27":"tag-non-cadre","28":"tag-orange","29":"tag-provence-alpes-cote-dazur","30":"tag-republique-francaise","31":"tag-sebastien-crozier","32":"tag-section","33":"tag-sncgc","34":"tag-sncgc-ft","35":"tag-syndicat"},"share_on_mastodon":{"url":"https:\/\/pubeurope.com\/@fr\/115645227989136973","error":""},"_links":{"self":[{"href":"https:\/\/www.europesays.com\/fr\/wp-json\/wp\/v2\/posts\/571276","targetHints":{"allow":["GET"]}}],"collection":[{"href":"https:\/\/www.europesays.com\/fr\/wp-json\/wp\/v2\/posts"}],"about":[{"href":"https:\/\/www.europesays.com\/fr\/wp-json\/wp\/v2\/types\/post"}],"author":[{"embeddable":true,"href":"https:\/\/www.europesays.com\/fr\/wp-json\/wp\/v2\/users\/2"}],"replies":[{"embeddable":true,"href":"https:\/\/www.europesays.com\/fr\/wp-json\/wp\/v2\/comments?post=571276"}],"version-history":[{"count":0,"href":"https:\/\/www.europesays.com\/fr\/wp-json\/wp\/v2\/posts\/571276\/revisions"}],"wp:featuredmedia":[{"embeddable":true,"href":"https:\/\/www.europesays.com\/fr\/wp-json\/wp\/v2\/media\/571277"}],"wp:attachment":[{"href":"https:\/\/www.europesays.com\/fr\/wp-json\/wp\/v2\/media?parent=571276"}],"wp:term":[{"taxonomy":"category","embeddable":true,"href":"https:\/\/www.europesays.com\/fr\/wp-json\/wp\/v2\/categories?post=571276"},{"taxonomy":"post_tag","embeddable":true,"href":"https:\/\/www.europesays.com\/fr\/wp-json\/wp\/v2\/tags?post=571276"}],"curies":[{"name":"wp","href":"https:\/\/api.w.org\/{rel}","templated":true}]}}