{"id":571284,"date":"2025-12-01T16:27:11","date_gmt":"2025-12-01T16:27:11","guid":{"rendered":"https:\/\/www.europesays.com\/fr\/571284\/"},"modified":"2025-12-01T16:27:11","modified_gmt":"2025-12-01T16:27:11","slug":"les-perturbations-prevues-dans-les-transports-a-paris-et-en-ile-de-france","status":"publish","type":"post","link":"https:\/\/www.europesays.com\/fr\/571284\/","title":{"rendered":"les perturbations pr\u00e9vues dans les transports \u00e0 Paris et en \u00cele-de-France"},"content":{"rendered":"<p>                    Par<br \/>\n        <strong><br \/>\n            <a href=\"https:\/\/actu.fr\/auteur\/redaction-paris\" title=\"Consulter tous les articles de R\u00e9daction Paris\" target=\"_blank\" rel=\"noopener\">R\u00e9daction Paris<\/a><br \/>\n                    <\/strong><\/p>\n<p>        Publi\u00e9 le<\/p>\n<p>            1 d\u00e9c. 2025 \u00e0 16h52        <\/p>\n<p>Les organisations syndicales ont lanc\u00e9 un appel \u00e0 la mobilisation mardi 2 d\u00e9cembre 2025 pour d\u00e9noncer un projet de loi de finances (PLF) 2026 jug\u00e9 \u00ab socialement injuste \u00bb. \u00c0 quel point cette <a href=\"https:\/\/actu.fr\/tag\/greve\" target=\"_blank\" rel=\"noopener\">gr\u00e8ve<\/a> va-t-elle <strong>impacter les usagers<\/strong> des <a href=\"https:\/\/actu.fr\/tag\/transport\" target=\"_blank\" rel=\"noopener\">transports<\/a> en \u00cele-de-France ? Le minist\u00e8re des Transports vient de donner les derni\u00e8res pr\u00e9visions.<\/p>\n<p class=\" wall-content\">\u00c0 priori, les voyageurs ne devraient pas \u00eatre trop impact\u00e9s.\u00a0<\/p>\n<p>TGV<\/p>\n<p class=\" wall-content\">Trafic normal<\/p>\n<p>RER et Transilien<\/p>\n<p class=\" wall-content\">Quelques perturbations \u00e0 pr\u00e9voir sur la ligne C du <a href=\"https:\/\/actu.fr\/tag\/rer-c\" target=\"_blank\" rel=\"noopener\">RER<\/a>.<\/p>\n<p class=\" wall-content\">\n<p>M\u00e9tro<\/p>\n<p class=\" wall-content\">\u00c0 la <a href=\"https:\/\/actu.fr\/tag\/ratp\" target=\"_blank\" rel=\"noopener\">RATP<\/a>, un pr\u00e9avis court du lundi 1er d\u00e9cembre \u00e0 18h jusqu\u2019au mercredi 3 d\u00e9cembre \u00e0 7h. La r\u00e9gie des transports\u00a0 indiquait dimanche 30 novembre \u00e0 actu Paris qu\u2019il n\u2019y aurait <strong>aucune perturbation<\/strong> sur le r\u00e9seau.<\/p>\n<p>Transport a\u00e9rien<\/p>\n<p class=\" wall-content\">Malgr\u00e9 une gr\u00e8ve pr\u00e9vue par deux syndicats minoritaires d\u2019<a href=\"https:\/\/actu.fr\/tag\/air-france\" target=\"_blank\" rel=\"noopener\">Air France<\/a>, le minist\u00e8re des Transports se montre optimiste : <strong>pas d\u2019impact anticip\u00e9<\/strong> sur les programmes de vol dans les <a href=\"https:\/\/actu.fr\/tag\/aeroport-roissy-charles-de-gaulle\" target=\"_blank\" rel=\"noopener\">a\u00e9roports de Roissy-Charles-de-Gaulle<\/a> et d\u2019<a href=\"https:\/\/actu.fr\/tag\/aeroport-dorly\" target=\"_blank\" rel=\"noopener\">Orly<\/a>.\u00a0<\/p>\n<p>Transport routier<\/p>\n<p class=\" wall-content\">La direction ne devrait <strong>pas non plus \u00eatre trop impact\u00e9e<\/strong> par ce mouvement social : les agents des Directions interd\u00e9partementales des routes (DIR) ne pr\u00e9voient pas de suivre la gr\u00e8ve.<\/p>\n<p class=\" wall-content\">Personnalisez votre actualit\u00e9 en ajoutant vos villes et m\u00e9dias en favori avec <a href=\"https:\/\/moncompte.actu.fr\" title=\"D\u00e9couvez Mon Actu\" rel=\"nofollow noopener\" data-trk=\"{&quot;cta&quot;:{&quot;action&quot;:&quot;https:\\\/\\\/moncompte.actu.fr&quot;,&quot;category&quot;:&quot;mon compte&quot;,&quot;from&quot;:&quot;article footer&quot;,&quot;name&quot;:&quot;Mon actu&quot;,&quot;type&quot;:&quot;cta&quot;}}\" target=\"_blank\">Mon Actu<\/a>.<\/p>\n","protected":false},"excerpt":{"rendered":"Par R\u00e9daction Paris Publi\u00e9 le 1 d\u00e9c. 2025 \u00e0 16h52 Les organisations syndicales ont lanc\u00e9 un appel \u00e0&hellip;\n","protected":false},"author":2,"featured_media":571285,"comment_status":"","ping_status":"","sticky":false,"template":"","format":"standard","meta":{"footnotes":""},"categories":[1888],"tags":[1111,1928,11,1927,1777,674,1011,27,6151,12,1926,626,1925,25,104,2803],"class_list":{"0":"post-571284","1":"post","2":"type-post","3":"status-publish","4":"format-standard","5":"has-post-thumbnail","7":"category-paris","8":"tag-actu","9":"tag-actu-paris","10":"tag-actualites","11":"tag-actualites-paris","12":"tag-eu","13":"tag-europe","14":"tag-fr","15":"tag-france","16":"tag-greve","17":"tag-news","18":"tag-news-paris","19":"tag-paris","20":"tag-paris-news","21":"tag-republique-francaise","22":"tag-societe","23":"tag-transport"},"share_on_mastodon":{"url":"https:\/\/pubeurope.com\/@fr\/115645254853385361","error":""},"_links":{"self":[{"href":"https:\/\/www.europesays.com\/fr\/wp-json\/wp\/v2\/posts\/571284","targetHints":{"allow":["GET"]}}],"collection":[{"href":"https:\/\/www.europesays.com\/fr\/wp-json\/wp\/v2\/posts"}],"about":[{"href":"https:\/\/www.europesays.com\/fr\/wp-json\/wp\/v2\/types\/post"}],"author":[{"embeddable":true,"href":"https:\/\/www.europesays.com\/fr\/wp-json\/wp\/v2\/users\/2"}],"replies":[{"embeddable":true,"href":"https:\/\/www.europesays.com\/fr\/wp-json\/wp\/v2\/comments?post=571284"}],"version-history":[{"count":0,"href":"https:\/\/www.europesays.com\/fr\/wp-json\/wp\/v2\/posts\/571284\/revisions"}],"wp:featuredmedia":[{"embeddable":true,"href":"https:\/\/www.europesays.com\/fr\/wp-json\/wp\/v2\/media\/571285"}],"wp:attachment":[{"href":"https:\/\/www.europesays.com\/fr\/wp-json\/wp\/v2\/media?parent=571284"}],"wp:term":[{"taxonomy":"category","embeddable":true,"href":"https:\/\/www.europesays.com\/fr\/wp-json\/wp\/v2\/categories?post=571284"},{"taxonomy":"post_tag","embeddable":true,"href":"https:\/\/www.europesays.com\/fr\/wp-json\/wp\/v2\/tags?post=571284"}],"curies":[{"name":"wp","href":"https:\/\/api.w.org\/{rel}","templated":true}]}}