{"id":571286,"date":"2025-12-01T16:28:22","date_gmt":"2025-12-01T16:28:22","guid":{"rendered":"https:\/\/www.europesays.com\/fr\/571286\/"},"modified":"2025-12-01T16:28:22","modified_gmt":"2025-12-01T16:28:22","slug":"a-paris-un-petit-espace-des-annees-1970-transforme-en-interieur-japonisant","status":"publish","type":"post","link":"https:\/\/www.europesays.com\/fr\/571286\/","title":{"rendered":"\u00c0 Paris, un petit espace des ann\u00e9es 1970 transform\u00e9 en int\u00e9rieur japonisant"},"content":{"rendered":"<p>\u00ab Rectiligne, pas tr\u00e8s parisien \u00bb, ce <a href=\"https:\/\/www.admagazine.fr\/article\/marais-petit-espace-haussmannien-vue-musee\" target=\"_blank\" rel=\"noopener\">petit espace<\/a> du XIe arrondissement est embl\u00e9matique des constructions des ann\u00e9es 1970. Dans une enveloppe rationalis\u00e9e, perc\u00e9e de baies vitr\u00e9es en inox caract\u00e9ristiques de la d\u00e9cennie, l&rsquo;architecte d&rsquo;int\u00e9rieur Alice Lacherez a op\u00e9r\u00e9 un changement radical. L&rsquo;objectif ? Instiller du charme au lieu, trouv\u00e9 en mauvais \u00e9tat : \u00ab Il fallait redonner du cachet \u00e0 cet appartement, plut\u00f4t banal \u00e0 l&rsquo;origine. Pour cela, nous avons mis\u00e9 sur un style japonisant, bas\u00e9 sur du bois clair et inspir\u00e9 des huisseries en m\u00e9tal d\u00e9j\u00e0 pr\u00e9sentes. \u00bb<\/p>\n<p><img decoding=\"async\" alt=\"\u00c0 Paris un petit espace des annes 1970 transform en intrieur japonisant\" loading=\"lazy\" class=\"ResponsiveImageContainer-eNxvmU cfBbTk responsive-image__image\"   src=\"https:\/\/www.europesays.com\/fr\/wp-content\/uploads\/2025\/12\/_DSC1800.jpeg\"\/><\/p>\n<p>Jeanne Perrotte<\/p>\n<p><img decoding=\"async\" alt=\"\u00c0 Paris un petit espace des annes 1970 transform en intrieur japonisant\" loading=\"lazy\" class=\"ResponsiveImageContainer-eNxvmU cfBbTk responsive-image__image\"   src=\"https:\/\/www.europesays.com\/fr\/wp-content\/uploads\/2025\/12\/_DSC1815.jpeg\"\/><\/p>\n<p>Jeanne Perrotte<\/p>\n<p>Un motif comme signature d\u00e9corative<\/p>\n<p>Aussi, \u00ab les volumes \u00e9tant d\u00e9j\u00e0 grands et ouverts \u00bb, l&rsquo;architecte d&rsquo;int\u00e9rieur a capitalis\u00e9 sur les qualit\u00e9s du plan existant, tout en abolissant, en outre, les cloisons accessoires. Le s\u00e9jour et la cuisine ont ainsi \u00e9t\u00e9 r\u00e9unis et optimis\u00e9s gr\u00e2ce \u00e0 un astucieux \u00eelot-banquette r\u00e9alis\u00e9 sur mesure. \u00ab J&rsquo;ai repris les codes de l&rsquo;esth\u00e9tique <a href=\"https:\/\/www.admagazine.fr\/article\/35-m2-de-minimalisme-japonisant-et-elegant-derriere-lavenue-foch\" target=\"_blank\" rel=\"noopener\">japonisante<\/a> \u00bb, souligne-t-elle : du ch\u00eane clair, des mati\u00e8res min\u00e9rales et des lignes sobres. \u00ab J&rsquo;ai aussi voulu apporter un c\u00f4t\u00e9 parisien, un peu plus sophistiqu\u00e9, par des touches graphiques qui cassent le caract\u00e8re rectiligne de l&rsquo;appartement \u00bb, ajoute-t-elle. Ce choix est d&rsquo;ailleurs devenu le fil rouge d\u00e9coratif de la r\u00e9novation, marqu\u00e9e, de pi\u00e8ce en pi\u00e8ce, par la r\u00e9currence d&rsquo;un m\u00eame crantage ludique : poign\u00e9es, \u00e9tag\u00e8res\u2026 jusqu&rsquo;au tissus Dedar de la banquette, constell\u00e9 de vagues color\u00e9es rappelant les cr\u00e9nelages du bois. \u00ab Ces vagues en volume sur le tissu apportent un jeu de textures int\u00e9ressant \u00bb, pr\u00e9cise <a href=\"https:\/\/www.admagazine.fr\/article\/neuilly-petit-espace-mediterraneen\" target=\"_blank\" rel=\"noopener\">Alice Lacherez<\/a>.<\/p>\n<p><img decoding=\"async\" alt=\"\u00c0 Paris un petit espace des annes 1970 transform en intrieur japonisant\" loading=\"lazy\" class=\"ResponsiveImageContainer-eNxvmU cfBbTk responsive-image__image\"   src=\"https:\/\/www.europesays.com\/fr\/wp-content\/uploads\/2025\/12\/_DSC1744.jpeg\"\/><\/p>\n<p>Jeanne Perrotte<\/p>\n<p><img decoding=\"async\" alt=\"petit espace \u00e0 paris cuisine tout en bois clair\" loading=\"lazy\" class=\"ResponsiveImageContainer-eNxvmU cfBbTk responsive-image__image\" src=\"https:\/\/www.europesays.com\/fr\/wp-content\/uploads\/2025\/12\/_DSC1768.jpeg\"\/><\/p>\n<p>Jeanne Perrotte<\/p>\n<p>Le bois, vedette du petit espace<\/p>\n<p>Au mur, la peinture cr\u00e8me dialogue m\u00e9lodieusement avec le ch\u00eane couleur miel du mobilier \u2014 \u00ab Je ne voulais pas un bois trop clair, qui aurait donn\u00e9 un trait trop scandinave au projet \u00bb, note-t-elle \u2014, dans l&rsquo;enjeu d&rsquo;apporter de la luminosit\u00e9 et de la chaleur. Fr\u00e9quente dans ses projets r\u00e9sidentiels, la cr\u00e9dence en miroir de la cuisine, en \u00e9chos au bloc tout en glace de l&rsquo;entr\u00e9e, double l&rsquo;apport <a href=\"https:\/\/www.admagazine.fr\/article\/15m2-lumineux-toits-montmartre\" target=\"_blank\" rel=\"noopener\">lumineux<\/a> de la pi\u00e8ce. \u00ab Mais c&rsquo;est le bois qui donne le ton du projet \u00bb, indique l&rsquo;architecte d&rsquo;int\u00e9rieur, qui a de fait privil\u00e9gi\u00e9 des surfaces simples comme le marbre et la r\u00e9sine aux tons neutres pour c\u00f4toyer la grande biblioth\u00e8que du salon. \u00ab La hauteur plafond du meuble permet de redonner un vrai volume \u00e0 la pi\u00e8ce parce qu&rsquo;en g\u00e9n\u00e9ral, les appartements des ann\u00e9es 1970 ne sont pas tr\u00e8s hauts de plafond. Le travail des lignes horizontales, des pleins et des vides, apporte aussi plus de verticalit\u00e9 en contrastant. \u00bb<\/p>\n<p><img decoding=\"async\" alt=\"\u00c0 Paris un petit espace des annes 1970 transform en intrieur japonisant\" loading=\"lazy\" class=\"ResponsiveImageContainer-eNxvmU cfBbTk responsive-image__image\"   src=\"https:\/\/www.europesays.com\/fr\/wp-content\/uploads\/2025\/12\/_DSC1790.jpeg\"\/><\/p>\n<p>Jeanne Perrotte<\/p>\n<p><img decoding=\"async\" alt=\"\u00c0 Paris un petit espace des annes 1970 transform en intrieur japonisant\" loading=\"lazy\" class=\"ResponsiveImageContainer-eNxvmU cfBbTk responsive-image__image\"   src=\"https:\/\/www.europesays.com\/fr\/wp-content\/uploads\/2025\/12\/_DSC1753.jpeg\"\/><\/p>\n<p>Jeanne Perrotte<\/p>\n<p>Une bo\u00eete au design d\u00e9licat<\/p>\n<p>Pour enrichir la d\u00e9coration, Alcie Lacherez a ponctu\u00e9 l&rsquo;int\u00e9rieur d&rsquo;objets sourc\u00e9s par Sandra Agostini de la <a data-offer-url=\"https:\/\/www.incuntra.com\/\" class=\"external-link\" data-event-click=\"{&quot;element&quot;:&quot;ExternalLink&quot;,&quot;outgoingURL&quot;:&quot;https:\/\/www.incuntra.com\/&quot;}\" href=\"https:\/\/www.incuntra.com\/\" rel=\"nofollow noopener\" target=\"_blank\">Galerie Incuntra<\/a> \u00e0 Boulogne-Billancourt. \u00ab Il y a plein d&rsquo;\u0153uvres un peu partout, se r\u00e9jouit-elle, pour travailler des touches <a href=\"https:\/\/www.admagazine.fr\/article\/comprendre-architecture-japonaise-interieur-harmonieux\" target=\"_blank\" rel=\"noopener\">japonaises<\/a> tout en apportant un c\u00f4t\u00e9 brut \u00bb, \u00e0 l&rsquo;instar des luminaires Serax, dont le b\u00e9ton brut tranche avec des ampoules chrom\u00e9es, ou encore des lampes peintes dans la m\u00eame teinte que les murs et le plafond \u00ab pour obtenir un effet bo\u00eete assum\u00e9, plus enveloppant \u00bb. Quelques c\u00e9ramiques rappellent \u00e9galement le c\u00f4t\u00e9 v\u00e9g\u00e9tal et wabi-sabi de l&rsquo;ambiance japonisante. Et pour garder un lien avec l&rsquo;\u00e9poque de construction, des chaises en section tubulaire reprenant les codes des <a href=\"https:\/\/www.admagazine.fr\/article\/maison-architectes-annees-1970-moderne-lumineuse\" target=\"_blank\" rel=\"noopener\">ann\u00e9es 1970<\/a> s&rsquo;ajoutent \u00e0 l&rsquo;ensemble.<\/p>\n","protected":false},"excerpt":{"rendered":"\u00ab Rectiligne, pas tr\u00e8s parisien \u00bb, ce petit espace du XIe arrondissement est embl\u00e9matique des constructions des ann\u00e9es&hellip;\n","protected":false},"author":2,"featured_media":571287,"comment_status":"","ping_status":"","sticky":false,"template":"","format":"standard","meta":{"footnotes":""},"categories":[1888],"tags":[1111,1928,11,1927,10099,1777,674,1011,27,12,1926,626,1925,9986,25],"class_list":{"0":"post-571286","1":"post","2":"type-post","3":"status-publish","4":"format-standard","5":"has-post-thumbnail","7":"category-paris","8":"tag-actu","9":"tag-actu-paris","10":"tag-actualites","11":"tag-actualites-paris","12":"tag-appartement-parisien","13":"tag-eu","14":"tag-europe","15":"tag-fr","16":"tag-france","17":"tag-news","18":"tag-news-paris","19":"tag-paris","20":"tag-paris-news","21":"tag-petits-espaces","22":"tag-republique-francaise"},"share_on_mastodon":{"url":"https:\/\/pubeurope.com\/@fr\/115645262182751519","error":""},"_links":{"self":[{"href":"https:\/\/www.europesays.com\/fr\/wp-json\/wp\/v2\/posts\/571286","targetHints":{"allow":["GET"]}}],"collection":[{"href":"https:\/\/www.europesays.com\/fr\/wp-json\/wp\/v2\/posts"}],"about":[{"href":"https:\/\/www.europesays.com\/fr\/wp-json\/wp\/v2\/types\/post"}],"author":[{"embeddable":true,"href":"https:\/\/www.europesays.com\/fr\/wp-json\/wp\/v2\/users\/2"}],"replies":[{"embeddable":true,"href":"https:\/\/www.europesays.com\/fr\/wp-json\/wp\/v2\/comments?post=571286"}],"version-history":[{"count":0,"href":"https:\/\/www.europesays.com\/fr\/wp-json\/wp\/v2\/posts\/571286\/revisions"}],"wp:featuredmedia":[{"embeddable":true,"href":"https:\/\/www.europesays.com\/fr\/wp-json\/wp\/v2\/media\/571287"}],"wp:attachment":[{"href":"https:\/\/www.europesays.com\/fr\/wp-json\/wp\/v2\/media?parent=571286"}],"wp:term":[{"taxonomy":"category","embeddable":true,"href":"https:\/\/www.europesays.com\/fr\/wp-json\/wp\/v2\/categories?post=571286"},{"taxonomy":"post_tag","embeddable":true,"href":"https:\/\/www.europesays.com\/fr\/wp-json\/wp\/v2\/tags?post=571286"}],"curies":[{"name":"wp","href":"https:\/\/api.w.org\/{rel}","templated":true}]}}