{"id":571294,"date":"2025-12-01T16:33:19","date_gmt":"2025-12-01T16:33:19","guid":{"rendered":"https:\/\/www.europesays.com\/fr\/571294\/"},"modified":"2025-12-01T16:33:19","modified_gmt":"2025-12-01T16:33:19","slug":"guerre-en-ukraine-emmanuel-macron-refuse-de-donner-des-lecons-et-assure-que-la-vraie-dictature-est-cote-russe","status":"publish","type":"post","link":"https:\/\/www.europesays.com\/fr\/571294\/","title":{"rendered":"Guerre en Ukraine\u00a0: Emmanuel Macron refuse de \u00ab\u00a0donner des le\u00e7ons\u00a0\u00bb et assure que la \u00ab\u00a0vraie dictature\u00a0\u00bb est c\u00f4t\u00e9 russe"},"content":{"rendered":"<p>\n                                                                Le pr\u00e9sident fran\u00e7ais Emmanuel Macron a affirm\u00e9 lundi 1er\u00a0d\u00e9cembre \u00e0 Paris qu\u2019aucun plan de paix pour l\u2019Ukraine ne pouvait \u00eatre \u00ab\u00a0finalis\u00e9\u00a0\u00bb sans la pr\u00e9sence de Kiev et des Europ\u00e9ens \u00ab\u00a0autour de la table\u00a0\u00bb, lors de la r\u00e9ception de son homologue Volodymyr Zelensky. Le chef d\u2019\u00c9tat fran\u00e7ais a insist\u00e9 sur le r\u00f4le essentiel de l\u2019Europe dans l\u2019\u00e9laboration de garanties de s\u00e9curit\u00e9, les sanctions contre la Russie et la question des actifs gel\u00e9s.\n                            <\/p>\n<p>Un plan de paix entre la Russie et l\u2019Ukraine ne peut \u00eatre finalis\u00e9 qu\u2019avec Kiev et les Europ\u00e9ens \u00ab\u00a0autour de la table\u00a0\u00bb, a d\u00e9clar\u00e9 lundi 1er\u00a0d\u00e9cembre Emmanuel Macron.<\/p>\n<p><a href=\"https:\/\/www.midilibre.fr\/2025\/12\/01\/guerre-en-ukraine-echanges-avec-emmanuel-macron-rendez-vous-au-quai-dorsay-le-programme-de-la-visite-de-volodymyr-zelensky-a-paris-13082967.php\" target=\"_blank\" rel=\"noopener\">Le pr\u00e9sident de la R\u00e9publique recevait son homologue Volodymyr Zelensky \u00e0 Paris lors d\u2019une conf\u00e9rence de presse.<\/a><\/p>\n<p>\u00ab\u00a0Pas de plan finalis\u00e9\u00a0\u00bb<\/p>\n<p>\u00ab\u00a0Il n\u2019y a pas aujourd\u2019hui \u00e0 proprement parler un plan qui soit finalis\u00e9 sur les questions des territoires. Il ne peut \u00eatre finalis\u00e9 que par le pr\u00e9sident Zelensky\u00a0\u00bb, a d\u00e9clar\u00e9 le pr\u00e9sident fran\u00e7ais alors que \u00ab\u00a0des m\u00e9diateurs am\u00e9ricains vont se d\u00e9placer \u00e0 Moscou dans les prochaines heures\u00a0\u00bb.<\/p>\n<p>\u00ab\u00a0Sur la question des actifs gel\u00e9s, des garanties de s\u00e9curit\u00e9, de l\u2019accession \u00e0 l\u2019Union europ\u00e9enne, des sanctions europ\u00e9ennes, (ce plan) ne peut \u00eatre finalis\u00e9 qu\u2019avec les Europ\u00e9ens autour de la table. Donc nous sommes encore \u00e0 une phase pr\u00e9alable\u00a0\u00bb, a-t-il ajout\u00e9.<\/p>\n<p>\u00ab\u00a0La Russie a subi beaucoup de pertes\u00a0\u00bb<\/p>\n<p>Interrog\u00e9 par un journaliste sur le fait que<a href=\"https:\/\/www.midilibre.fr\/2025\/12\/01\/guerre-en-ukraine-les-troupes-russes-realisent-leur-plus-importante-progression-sur-le-territoire-ukrainien-depuis-un-an-13084094.php\" target=\"_blank\" rel=\"noopener\"> l\u2019arm\u00e9e russe a r\u00e9alis\u00e9 en novembre sa plus grosse progression sur le front en Ukraine depuis un an<\/a>, Volodymyr Zelensky a d\u00e9clar\u00e9\u00a0: \u00ab\u00a0Il y a une avanc\u00e9e de l\u2019arm\u00e9e russe, et une offensive en cours qui n\u2019a pas obtenu de succ\u00e8s. Les combats sont tr\u00e8s durs [\u2026] La Russie a subi beaucoup de pertes\u00a0\u00bb.<\/p>\n<p>\u00ab\u00a0Les Russes frappent l\u2019Ukraine tous les jours. Aujourd\u2019hui, il y a eu une attaque violente sur la ville de Dnipro\u00a0\u00bb, poursuit le pr\u00e9sident ukrainien. <a href=\"https:\/\/www.midilibre.fr\/2025\/12\/01\/guerre-en-ukraine-au-moins-quatre-morts-a-ce-stade-apres-une-frappe-russe-sur-dnipro-cette-nuit-13083963.php\" target=\"_blank\" rel=\"noopener\">Au moins quatre personnes ont en effet \u00e9t\u00e9 tu\u00e9es et 22 autres bless\u00e9es dans une frappe de missile russe sur Dnipro,<\/a> grande ville du centre-est de l\u2019Ukraine, selon un nouveau bilan officiel.<\/p>\n<p>Le pr\u00e9sident ukrainien a conclu que la Russie ne devait pas \u00eatre r\u00e9compens\u00e9e pour son invasion de l\u2019Ukraine.<\/p>\n<p>Macron refuse de \u00ab\u00a0donner des le\u00e7ons\u00a0\u00bb \u00e0 l\u2019Ukraine<\/p>\n<p>Emmanuel Macron a dit lundi refus\u00e9 de \u00ab\u00a0donner des le\u00e7ons\u00a0\u00bb \u00e0 l\u2019Ukraine, secou\u00e9e par une affaire de corruption qui \u00e9clabousse son gouvernement, estimant que \u00ab\u00a0la vraie dictature\u00a0\u00bb \u00e9tait du c\u00f4t\u00e9 russe plut\u00f4t qu\u2019\u00e0 Kiev.<\/p>\n<p>\u00ab\u00a0Nous sommes tr\u00e8s vigilants\u00a0\u00bb, \u00ab\u00a0comme on donne de l\u2019argent, comme on soutient un effort de guerre, il est normal qu\u2019on soit exigeant\u00a0\u00bb, a d\u00e9clar\u00e9 le pr\u00e9sident fran\u00e7ais.<\/p>\n<p>\u00ab\u00a0Mais je constate qu\u2019en tout cas, la lutte contre la corruption fonctionne puisqu\u2019il y a des d\u00e9cisions qui sont ouvertes et des d\u00e9cisions aussi politiques qui sont prises\u00a0\u00bb, a-t-il ajout\u00e9, avant de lancer\u00a0: \u00ab\u00a0vous n\u2019avez jamais ce type de d\u00e9cision du c\u00f4t\u00e9 russe, parce que la vraie dictature est l\u00e0\u00a0\u00bb.<\/p>\n<p><strong>Plus d\u2019informations \u00e0 suivre\u2026<\/strong><\/p>\n","protected":false},"excerpt":{"rendered":"Le pr\u00e9sident fran\u00e7ais Emmanuel Macron a affirm\u00e9 lundi 1er\u00a0d\u00e9cembre \u00e0 Paris qu\u2019aucun plan de paix pour l\u2019Ukraine ne&hellip;\n","protected":false},"author":2,"featured_media":571295,"comment_status":"","ping_status":"","sticky":false,"template":"","format":"standard","meta":{"footnotes":""},"categories":[1590],"tags":[11,1777,674,12,220],"class_list":{"0":"post-571294","1":"post","2":"type-post","3":"status-publish","4":"format-standard","5":"has-post-thumbnail","7":"category-ukraine","8":"tag-actualites","9":"tag-eu","10":"tag-europe","11":"tag-news","12":"tag-ukraine"},"share_on_mastodon":{"url":"https:\/\/pubeurope.com\/@fr\/115645278108498570","error":""},"_links":{"self":[{"href":"https:\/\/www.europesays.com\/fr\/wp-json\/wp\/v2\/posts\/571294","targetHints":{"allow":["GET"]}}],"collection":[{"href":"https:\/\/www.europesays.com\/fr\/wp-json\/wp\/v2\/posts"}],"about":[{"href":"https:\/\/www.europesays.com\/fr\/wp-json\/wp\/v2\/types\/post"}],"author":[{"embeddable":true,"href":"https:\/\/www.europesays.com\/fr\/wp-json\/wp\/v2\/users\/2"}],"replies":[{"embeddable":true,"href":"https:\/\/www.europesays.com\/fr\/wp-json\/wp\/v2\/comments?post=571294"}],"version-history":[{"count":0,"href":"https:\/\/www.europesays.com\/fr\/wp-json\/wp\/v2\/posts\/571294\/revisions"}],"wp:featuredmedia":[{"embeddable":true,"href":"https:\/\/www.europesays.com\/fr\/wp-json\/wp\/v2\/media\/571295"}],"wp:attachment":[{"href":"https:\/\/www.europesays.com\/fr\/wp-json\/wp\/v2\/media?parent=571294"}],"wp:term":[{"taxonomy":"category","embeddable":true,"href":"https:\/\/www.europesays.com\/fr\/wp-json\/wp\/v2\/categories?post=571294"},{"taxonomy":"post_tag","embeddable":true,"href":"https:\/\/www.europesays.com\/fr\/wp-json\/wp\/v2\/tags?post=571294"}],"curies":[{"name":"wp","href":"https:\/\/api.w.org\/{rel}","templated":true}]}}