{"id":571298,"date":"2025-12-01T16:35:16","date_gmt":"2025-12-01T16:35:16","guid":{"rendered":"https:\/\/www.europesays.com\/fr\/571298\/"},"modified":"2025-12-01T16:35:16","modified_gmt":"2025-12-01T16:35:16","slug":"inquiete-par-les-pressions-jihadistes-le-royaume-uni-retire-son-soutien-au-projet-gazier-liberation","status":"publish","type":"post","link":"https:\/\/www.europesays.com\/fr\/571298\/","title":{"rendered":"inqui\u00e9t\u00e9 par les pressions jihadistes, le Royaume-Uni retire son soutien au projet gazier \u2013 Lib\u00e9ration"},"content":{"rendered":"<p class=\"sc-cPiKLX AiZTS text-element\">Le d\u00e9but de la fin d\u2019un projet climaticide ? Le Royaume-Uni a annonc\u00e9 lundi 1er d\u00e9cembre retirer son soutien financier de 1,15 milliard de dollars au <a href=\"https:\/\/www.liberation.fr\/international\/afrique\/totalenergies-annonce-vouloir-reprendre-son-megaprojet-gazier-au-mozambique-20251025_5LBZGGUOT5FJXGJ2JTYIRLFJ5Y\/\" target=\"_blank\" rel=\"noreferrer noopener\" title=\"https:\/\/www.liberation.fr\/international\/afrique\/totalenergies-annonce-vouloir-reprendre-son-megaprojet-gazier-au-mozambique-20251025_5LBZGGUOT5FJXGJ2JTYIRLFJ5Y\/\">projet gazier controvers\u00e9<\/a> men\u00e9 par <a href=\"https:\/\/www.liberation.fr\/societe\/police-justice\/totalenergies-un-proces-tentaculaire-pour-corruption-et-tentative-descroquerie-souvre-ce-lundi-20251201_DIV5K6JDPJF75EXH2DRLZFCFCM\/\" target=\"_blank\" rel=\"noreferrer noopener\" title=\"https:\/\/www.liberation.fr\/societe\/police-justice\/totalenergies-un-proces-tentaculaire-pour-corruption-et-tentative-descroquerie-souvre-ce-lundi-20251201_DIV5K6JDPJF75EXH2DRLZFCFCM\/\">TotalEnergies<\/a> au Mozambique, invoquant une hausse des risques li\u00e9s au djihadisme dans la r\u00e9gion. \u00abLe gouvernement de Sa Majest\u00e9 estime que ces risques ont augment\u00e9 depuis 2020\u00bb, a expliqu\u00e9 le secr\u00e9taire d\u2019Etat au Commerce Peter Kyle dans une d\u00e9claration au Parlement. \u00abLe financement britannique de ce projet ne servira pas les int\u00e9r\u00eats de notre pays\u00bb, a-t-il ajout\u00e9.<\/p>\n<p class=\"sc-cPiKLX AiZTS text-element\">Cette d\u00e9cision est le dernier revers en date pour l\u2019un des plus grands projets d\u2019infrastructure en Afrique, qui a \u00e9t\u00e9 entach\u00e9 par <a href=\"https:\/\/www.liberation.fr\/international\/afrique\/megaprojet-de-totalenergies-au-mozambique-il-est-temps-pour-les-banques-francaises-de-se-retirer-du-financement-20231123_THW23T5XJNHCVMTBPABM6HPB6A\/\" target=\"_blank\" rel=\"noreferrer noopener\" title=\"https:\/\/www.liberation.fr\/international\/afrique\/megaprojet-de-totalenergies-au-mozambique-il-est-temps-pour-les-banques-francaises-de-se-retirer-du-financement-20231123_THW23T5XJNHCVMTBPABM6HPB6A\/\">des controverses<\/a> sur des questions environnementales,<b> <\/b>de droits humains et de s\u00e9curit\u00e9. En effet, TotalEnergies est vis\u00e9 par deux proc\u00e9dures judiciaires dans le cadre de ce projet, suspendu \u00e0 la suite d\u2019une sanglante attaque jihadiste dans <a href=\"https:\/\/www.liberation.fr\/international\/afrique\/mozambique-a-palma-tellement-de-gens-sont-morts-20210403_RS7FJR55VJFSVJCLFOJ7K34LII\/\" target=\"_blank\" rel=\"noreferrer noopener\" title=\"https:\/\/www.liberation.fr\/international\/afrique\/mozambique-a-palma-tellement-de-gens-sont-morts-20210403_RS7FJR55VJFSVJCLFOJ7K34LII\/\">la ville voisine de Palma<\/a> en 2021, qui a fait environ 800 morts, selon l\u2019ONG Acled.<\/p>\n<p class=\"sc-cPiKLX AiZTS text-element\">Cette annonce \u00abdoit \u00eatre un \u00e9lectrochoc pour [les groupes bancaires] Cr\u00e9dit Agricole et Soci\u00e9t\u00e9 G\u00e9n\u00e9rale qui refusent toujours de retirer leur soutien\u00bb, assure Antoine Bouhey, de Reclaim Finance, une ONG de d\u00e9fense de l\u2019environnement. Toutefois, le groupe assure que le retrait du financement britannique ne devrait pas mettre fin au projet de 20 milliards de dollars, qui a obtenu le soutien des gouvernements des Etats-Unis et du Japon. De plus, <a href=\"https:\/\/www.liberation.fr\/politique\/arnault-pouyanne-pfizer-pour-les-grands-patrons-cest-plutot-trump-que-lunion-europeenne-20250421_T5VJTBNUZVF3DPJAKF2CAJJKOE\/\" target=\"_blank\" rel=\"noreferrer noopener\" title=\"https:\/\/www.liberation.fr\/politique\/arnault-pouyanne-pfizer-pour-les-grands-patrons-cest-plutot-trump-que-lunion-europeenne-20250421_T5VJTBNUZVF3DPJAKF2CAJJKOE\/\">Patrick Pouyann\u00e9<\/a>, directeur g\u00e9n\u00e9ral de TotalEnergies, a d\u00e9clar\u00e9 en f\u00e9vrier qu\u2019il \u00e9tait \u00abpr\u00eat \u00e0 exercer tous ses droits contractuels\u00bb si les agences de cr\u00e9dit \u00e0 l\u2019exportation ne respectaient pas leurs engagements, alors que le gouvernement n\u00e9erlandais r\u00e9examine \u00e9galement son soutien au projet.<\/p>\n<p class=\"sc-cPiKLX AiZTS text-element\">Ma\u00eetre d\u2019\u0153uvre du projet et premier actionnaire avec 26,5 % des parts, le g\u00e9ant fran\u00e7ais des hydrocarbures esp\u00e8re reprendre en 2029 la production sur le site, qui repr\u00e9sente un investissement de 20 milliards de dollars. TotalEnergies affirme que la zone autour des op\u00e9rations est d\u00e9sormais s\u00fbre, en partie gr\u00e2ce au travail des soldats rwandais qui ont contribu\u00e9 \u00e0 s\u00e9curiser le site.<\/p>\n<p class=\"sc-cPiKLX AiZTS text-element\">Le groupe a d\u2019ailleurs r\u00e9clam\u00e9 fin octobre au gouvernement du Mozambique une compensation pour le surco\u00fbt li\u00e9 au retard, qu\u2019il \u00e9value \u00e0 4,5 milliards de dollars, ainsi qu\u2019une extension de la concession de dix ans, en plus d\u2019un rattrapage des quatre ans et demi perdus.<\/p>\n<p class=\"sc-cPiKLX AiZTS text-element\">L\u2019insurrection dans la province mozambicaine du Cabo Delgado, dans le nord de ce pays d\u2019Afrique australe, men\u00e9e par un groupe affili\u00e9 \u00e0 l\u2019organisation Etat islamique, a caus\u00e9 plus de 6 300 morts depuis 2017, d\u2019apr\u00e8s un d\u00e9compte de l\u2019Acled. Le g\u00e9ant fran\u00e7ais des hydrocarbures fait l\u2019objet en France d\u2019une <a href=\"https:\/\/www.liberation.fr\/international\/afrique\/attaque-djihadiste-au-mozambique-en-2021-totalenergies-vise-par-une-plainte-au-penal-20231010_ONT4PNPJRFATLJPHOOVOMCHCZM\/\" target=\"_blank\" rel=\"noreferrer noopener\" title=\"https:\/\/www.liberation.fr\/international\/afrique\/attaque-djihadiste-au-mozambique-en-2021-totalenergies-vise-par-une-plainte-au-penal-20231010_ONT4PNPJRFATLJPHOOVOMCHCZM\/\">information judiciaire pour homicide involontaire<\/a> apr\u00e8s des plaintes de survivants et de familles de victimes de l\u2019attaque de Palma, qui lui reprochent de ne pas avoir assur\u00e9 la s\u00e9curit\u00e9 de ses sous-traitants.<\/p>\n<p class=\"sc-cPiKLX AiZTS text-element\">De plus, des soldats mozambicains charg\u00e9s par le groupe fran\u00e7ais de prot\u00e9ger le site \u00e0 l\u2019\u00e9poque sont accus\u00e9s d\u2019exactions mortelles sur des villageois, selon des t\u00e9moignages recueillis par le m\u00e9dia Politico. TotalEnergies est dans ce cadre <a href=\"https:\/\/www.liberation.fr\/international\/afrique\/totalenergies-vise-par-une-plainte-pour-complicite-de-crimes-de-guerre-au-mozambique-20251118_HHBHFLY3WFECBK37EVFETGGQBQ\/\" target=\"_blank\" rel=\"noreferrer noopener\" title=\"https:\/\/www.liberation.fr\/international\/afrique\/totalenergies-vise-par-une-plainte-pour-complicite-de-crimes-de-guerre-au-mozambique-20251118_HHBHFLY3WFECBK37EVFETGGQBQ\/\">vis\u00e9 \u00e0 Paris par une plainte<\/a> pour \u00abcomplicit\u00e9 de crimes de guerre, torture et disparitions forc\u00e9es\u00bb, d\u00e9pos\u00e9e par l\u2019ONG allemande European Center for Constitutional and Human Rights. De son c\u00f4t\u00e9, TotalEnergies conteste \u00abde fa\u00e7on cat\u00e9gorique\u00bb cette affirmation selon laquelle il \u00abaurait eu, ou aurait pu avoir, connaissance des actes de violence\u00bb.<\/p>\n<p class=\"sc-cPiKLX AiZTS text-element\">Le projet de TotalEnergies, avec celui men\u00e9 par l\u2019Italien ENI et un autre d\u2019ExxonMobil, \u00abpourrait faire du Mozambique un des dix premiers producteurs mondiaux (de gaz), contribuant \u00e0 20 % de la production africaine d\u2019ici 2040\u00bb, d\u2019apr\u00e8s un rapport du cabinet Deloitte de 2024.<\/p>\n<p class=\"sc-cPiKLX AiZTS text-element\">Selon l\u2019enqu\u00eate de quatre ONG, TotalEnergies, condamn\u00e9 le 23 octobre par le tribunal judiciaire de Paris pour \u00abpratiques commerciales trompeuses\u00bb apr\u00e8s s\u2019\u00eatre pr\u00e9sent\u00e9 comme un \u00abacteur majeur de la transition \u00e9nerg\u00e9tique\u00bb, est le groupe engag\u00e9 dans le plus grand nombre de projets fossiles, avec 106 nouveaux sites d\u2019extraction, 30 bombes carbones et 18 terminaux de gaz liqu\u00e9fi\u00e9.<\/p>\n","protected":false},"excerpt":{"rendered":"Le d\u00e9but de la fin d\u2019un projet climaticide ? Le Royaume-Uni a annonc\u00e9 lundi 1er d\u00e9cembre retirer son&hellip;\n","protected":false},"author":2,"featured_media":571299,"comment_status":"","ping_status":"","sticky":false,"template":"","format":"standard","meta":{"footnotes":""},"categories":[1588],"tags":[11,893,1777,674,50416,12,5140,473,1853,13422,1851,1850,1852],"class_list":{"0":"post-571298","1":"post","2":"type-post","3":"status-publish","4":"format-standard","5":"has-post-thumbnail","7":"category-royaume-uni","8":"tag-actualites","9":"tag-energie","10":"tag-eu","11":"tag-europe","12":"tag-mozambique","13":"tag-news","14":"tag-rechauffement-climatique","15":"tag-royaume-uni","16":"tag-royaume-uni-de-grande-bretagne-et-dirlande-du-nord","17":"tag-total","18":"tag-uk","19":"tag-united-kingdom","20":"tag-united-kingdom-of-great-britain-and-northern-ireland"},"share_on_mastodon":{"url":"https:\/\/pubeurope.com\/@fr\/115645285956165271","error":""},"_links":{"self":[{"href":"https:\/\/www.europesays.com\/fr\/wp-json\/wp\/v2\/posts\/571298","targetHints":{"allow":["GET"]}}],"collection":[{"href":"https:\/\/www.europesays.com\/fr\/wp-json\/wp\/v2\/posts"}],"about":[{"href":"https:\/\/www.europesays.com\/fr\/wp-json\/wp\/v2\/types\/post"}],"author":[{"embeddable":true,"href":"https:\/\/www.europesays.com\/fr\/wp-json\/wp\/v2\/users\/2"}],"replies":[{"embeddable":true,"href":"https:\/\/www.europesays.com\/fr\/wp-json\/wp\/v2\/comments?post=571298"}],"version-history":[{"count":0,"href":"https:\/\/www.europesays.com\/fr\/wp-json\/wp\/v2\/posts\/571298\/revisions"}],"wp:featuredmedia":[{"embeddable":true,"href":"https:\/\/www.europesays.com\/fr\/wp-json\/wp\/v2\/media\/571299"}],"wp:attachment":[{"href":"https:\/\/www.europesays.com\/fr\/wp-json\/wp\/v2\/media?parent=571298"}],"wp:term":[{"taxonomy":"category","embeddable":true,"href":"https:\/\/www.europesays.com\/fr\/wp-json\/wp\/v2\/categories?post=571298"},{"taxonomy":"post_tag","embeddable":true,"href":"https:\/\/www.europesays.com\/fr\/wp-json\/wp\/v2\/tags?post=571298"}],"curies":[{"name":"wp","href":"https:\/\/api.w.org\/{rel}","templated":true}]}}