{"id":571303,"date":"2025-12-01T16:38:12","date_gmt":"2025-12-01T16:38:12","guid":{"rendered":"https:\/\/www.europesays.com\/fr\/571303\/"},"modified":"2025-12-01T16:38:12","modified_gmt":"2025-12-01T16:38:12","slug":"guerre-en-ukraine-emmanuel-macron-et-les-europeens-reaffirment-leur-soutien-a-kiev-qui-veut-terminer-cette-guerre-de-maniere-digne","status":"publish","type":"post","link":"https:\/\/www.europesays.com\/fr\/571303\/","title":{"rendered":"Guerre en Ukraine : Emmanuel Macron et les Europ\u00e9ens r\u00e9affirment leur soutien \u00e0 Kiev, qui veut terminer cette guerre \u00ab\u00a0de mani\u00e8re digne\u00a0\u00bb"},"content":{"rendered":"<p>\tGuerre en Ukraine : Emmanuel Macron et les Europ\u00e9ens r\u00e9affirment leur soutien \u00e0 Kiev, qui veut terminer cette guerre \u00ab\u00a0de mani\u00e8re digne\u00a0\u00bb &#8211; Touteleurope.eu<\/p>\n<p>\t\t<img decoding=\"async\" alt=\"fermer\" class=\"close-info\" src=\"https:\/\/www.touteleurope.eu\/wp-content\/themes\/toute_leurope\/assets\/images\/close-picto-blue.svg\"\/><\/p>\n<p>Touteleurope.eu est le site p\u00e9dagogique de r\u00e9f\u00e9rence sur les questions europ\u00e9ennes : <a href=\"https:\/\/www.touteleurope.eu\/qui-sommes-nous\/\" target=\"_blank\" rel=\"noopener\">Qui sommes-nous ?<\/a><\/p>\n<p><img decoding=\"async\" class=\"logo-pdf\" alt=\"Toute L'Europe \u2013 Comprendre l'Europe\" src=\"data:image\/svg+xml,%3Csvg%20xmlns=\" http:=\"\" data-lazy-src=\"https:\/\/www.touteleurope.eu\/wp-content\/themes\/toute_leurope\/assets\/images\/logo-ttl.svg\"\/><\/p>\n","protected":false},"excerpt":{"rendered":"Guerre en Ukraine : Emmanuel Macron et les Europ\u00e9ens r\u00e9affirment leur soutien \u00e0 Kiev, qui veut terminer cette&hellip;\n","protected":false},"author":2,"featured_media":571304,"comment_status":"","ping_status":"","sticky":false,"template":"","format":"standard","meta":{"footnotes":""},"categories":[1586],"tags":[11,312,1073,73,1777,674,1779,1011,27,12,2543,25,132,1778,220,364,135,134],"class_list":{"0":"post-571303","1":"post","2":"type-post","3":"status-publish","4":"format-standard","5":"has-post-thumbnail","7":"category-europe","8":"tag-actualites","9":"tag-diplomatie","10":"tag-emmanuel-macron","11":"tag-etats-unis","12":"tag-eu","13":"tag-europe","14":"tag-european-union","15":"tag-fr","16":"tag-france","17":"tag-news","18":"tag-relations-internationales","19":"tag-republique-francaise","20":"tag-russie","21":"tag-ue","22":"tag-ukraine","23":"tag-union-europeenne","24":"tag-vladimir-poutine","25":"tag-volodymyr-zelensky"},"share_on_mastodon":{"url":"https:\/\/pubeurope.com\/@fr\/115645299399414714","error":""},"_links":{"self":[{"href":"https:\/\/www.europesays.com\/fr\/wp-json\/wp\/v2\/posts\/571303","targetHints":{"allow":["GET"]}}],"collection":[{"href":"https:\/\/www.europesays.com\/fr\/wp-json\/wp\/v2\/posts"}],"about":[{"href":"https:\/\/www.europesays.com\/fr\/wp-json\/wp\/v2\/types\/post"}],"author":[{"embeddable":true,"href":"https:\/\/www.europesays.com\/fr\/wp-json\/wp\/v2\/users\/2"}],"replies":[{"embeddable":true,"href":"https:\/\/www.europesays.com\/fr\/wp-json\/wp\/v2\/comments?post=571303"}],"version-history":[{"count":0,"href":"https:\/\/www.europesays.com\/fr\/wp-json\/wp\/v2\/posts\/571303\/revisions"}],"wp:featuredmedia":[{"embeddable":true,"href":"https:\/\/www.europesays.com\/fr\/wp-json\/wp\/v2\/media\/571304"}],"wp:attachment":[{"href":"https:\/\/www.europesays.com\/fr\/wp-json\/wp\/v2\/media?parent=571303"}],"wp:term":[{"taxonomy":"category","embeddable":true,"href":"https:\/\/www.europesays.com\/fr\/wp-json\/wp\/v2\/categories?post=571303"},{"taxonomy":"post_tag","embeddable":true,"href":"https:\/\/www.europesays.com\/fr\/wp-json\/wp\/v2\/tags?post=571303"}],"curies":[{"name":"wp","href":"https:\/\/api.w.org\/{rel}","templated":true}]}}