{"id":571318,"date":"2025-12-01T16:50:15","date_gmt":"2025-12-01T16:50:15","guid":{"rendered":"https:\/\/www.europesays.com\/fr\/571318\/"},"modified":"2025-12-01T16:50:15","modified_gmt":"2025-12-01T16:50:15","slug":"florian-thauvin-cest-valide","status":"publish","type":"post","link":"https:\/\/www.europesays.com\/fr\/571318\/","title":{"rendered":"Florian Thauvin, c&rsquo;est valid\u00e9 !"},"content":{"rendered":"<p><strong>Alors que le RC Lens s&rsquo;est hiss\u00e9<br \/>\nen t\u00eate de la Ligue 1 apr\u00e8s sa victoire \u00e0 Angers (1-2), Florian<br \/>\nThauvin est r\u00e9compens\u00e9 par L&rsquo;Equipe ce lundi.<\/strong><\/p>\n<p>C\u2019est la belle histoire de ce d\u00e9but de saison en Ligue 1. Apr\u00e8s<br \/>\nla d\u00e9faite du PSG \u00e0 Monaco (0-1), le RC Lens a profit\u00e9 du faux-pas<br \/>\nde l\u2019OM contre Toulouse (2-2) pour s\u2019inviter en t\u00eate du classement,<br \/>\nune premi\u00e8re depuis plus de 20 ans.<\/p>\n<p>Les Sang et Or se sont impos\u00e9s -dans la douleur- sur le terrain<br \/>\nd\u2019Angers (1-2), avec notamment un doubl\u00e9 de Florian Thauvin.<br \/>\nL\u2019international fran\u00e7ais est logiquement mis \u00e0 l\u2019honneur par<br \/>\nl\u2019Equipe, avec sa photo en Une.<\/p>\n<blockquote class=\"twitter-tweet\"><p><a class=\"twitter-link\" rel=\"noindex, nofollow noopener\" href=\"https:\/\/twitter.com\/Ligue1_ENG\/status\/1995177111745872283\" target=\"_blank\"><\/p><\/blockquote>\n<p>Avec une note de 8\/10, la meilleure du week-end \u00e0 \u00e9galit\u00e9 avec<br \/>\nles Lorientais Soumano et Abergel, le Mon\u00e9gasque Salisu et le<br \/>\nBrestois Magnetti, Thauvin fait partie de <a href=\"https:\/\/www.lequipe.fr\/Football\/Actualites\/Thauvin-soumano-abergel-lens-et-lorient-a-l-honneur-dans-l-equipe-type-de-la-14e-journee-de-ligue-1\/1613636\" target=\"_blank\" rel=\"noopener\"><br \/>\nl\u2019\u00e9quipe-type<\/a> d\u00e9sign\u00e9e par le quotidien. C\u2019est la deuxi\u00e8me fois<br \/>\nde la saison que l\u2019ancien Marseillais appara\u00eet dans ce onze.<\/p>\n<p>Thauvin, pourtant pas le meilleur Lensois<\/p>\n<p>A noter que si Thauvin attire la lumi\u00e8re, de part son palmar\u00e8s<br \/>\net son statut, il n\u2019est sans doute pas le joueur le plus r\u00e9gulier \u00e0<br \/>\nLens cette saison. Avec une note moyenne de 5,62, il est notamment<br \/>\ndevanc\u00e9 par Malang Sarr (6,15), Samson Baidoo (6,08), Mamadou<br \/>\nSangar\u00e9 (5,92) ou encore Adrien Thomasson (5,88).<\/p>\n<p>Le RC Lens est d\u2019ailleurs l\u2019\u00e9quipe qui poss\u00e8de la meilleure<br \/>\nmoyenne de la saison (5,53), tandis que Pierre Sage est<br \/>\nl\u2019entra\u00eeneur le mieux \u00e9valu\u00e9 (6,29), assez nettement devant Bruno<br \/>\nGenesio (6,00) et Roberto De Zerbi (5,64).<\/p>\n<p>\u00a0<\/p>\n<p>\u00a0<\/p>\n<p>\u00a0<\/p>\n<p><script async src=\"https:\/\/platform.twitter.com\/widgets.js\" charset=\"utf-8\"><\/script><\/p>\n","protected":false},"excerpt":{"rendered":"Alors que le RC Lens s&rsquo;est hiss\u00e9 en t\u00eate de la Ligue 1 apr\u00e8s sa victoire \u00e0 Angers&hellip;\n","protected":false},"author":2,"featured_media":571319,"comment_status":"","ping_status":"","sticky":false,"template":"","format":"standard","meta":{"footnotes":""},"categories":[1410],"tags":[63,1011,27,60],"class_list":{"0":"post-571318","1":"post","2":"type-post","3":"status-publish","4":"format-standard","5":"has-post-thumbnail","7":"category-football","8":"tag-football","9":"tag-fr","10":"tag-france","11":"tag-sports"},"share_on_mastodon":{"url":"https:\/\/pubeurope.com\/@fr\/115645344853117417","error":""},"_links":{"self":[{"href":"https:\/\/www.europesays.com\/fr\/wp-json\/wp\/v2\/posts\/571318","targetHints":{"allow":["GET"]}}],"collection":[{"href":"https:\/\/www.europesays.com\/fr\/wp-json\/wp\/v2\/posts"}],"about":[{"href":"https:\/\/www.europesays.com\/fr\/wp-json\/wp\/v2\/types\/post"}],"author":[{"embeddable":true,"href":"https:\/\/www.europesays.com\/fr\/wp-json\/wp\/v2\/users\/2"}],"replies":[{"embeddable":true,"href":"https:\/\/www.europesays.com\/fr\/wp-json\/wp\/v2\/comments?post=571318"}],"version-history":[{"count":0,"href":"https:\/\/www.europesays.com\/fr\/wp-json\/wp\/v2\/posts\/571318\/revisions"}],"wp:featuredmedia":[{"embeddable":true,"href":"https:\/\/www.europesays.com\/fr\/wp-json\/wp\/v2\/media\/571319"}],"wp:attachment":[{"href":"https:\/\/www.europesays.com\/fr\/wp-json\/wp\/v2\/media?parent=571318"}],"wp:term":[{"taxonomy":"category","embeddable":true,"href":"https:\/\/www.europesays.com\/fr\/wp-json\/wp\/v2\/categories?post=571318"},{"taxonomy":"post_tag","embeddable":true,"href":"https:\/\/www.europesays.com\/fr\/wp-json\/wp\/v2\/tags?post=571318"}],"curies":[{"name":"wp","href":"https:\/\/api.w.org\/{rel}","templated":true}]}}