{"id":571322,"date":"2025-12-01T16:53:13","date_gmt":"2025-12-01T16:53:13","guid":{"rendered":"https:\/\/www.europesays.com\/fr\/571322\/"},"modified":"2025-12-01T16:53:13","modified_gmt":"2025-12-01T16:53:13","slug":"pour-moi-la-galerie-dapollon-etait-un-dossier-clos-apres-le-casse-la-patronne-du-louvre-prete-a-tenir-le-cap","status":"publish","type":"post","link":"https:\/\/www.europesays.com\/fr\/571322\/","title":{"rendered":"\u00ab\u00a0Pour moi, la galerie d\u2019Apollon \u00e9tait un dossier clos\u00a0\u00bb\u00a0: apr\u00e8s le casse, la patronne du Louvre pr\u00eate \u00e0 \u00ab\u00a0tenir le cap\u00a0\u00bb"},"content":{"rendered":"<p class=\"paragraph text_align_left lp-f-body-02\">Elle arrive seule, sous une pluie fine, par les jardins, le matin du vendredi 28 novembre. Rendez-vous a \u00e9t\u00e9 pris avec Laurence des Cars, pr\u00e9sidente <a href=\"https:\/\/www.leparisien.fr\/paris-75\/musee-du-louvre\/\" target=\"_blank\" rel=\"noreferrer noopener\">du Louvre<\/a>, \u00e0 la porte des Lions, une entr\u00e9e discr\u00e8te du site, qui rouvre ce mercredi 3 d\u00e9cembre apr\u00e8s un an de travaux. Inaugur\u00e9e en 1999, cette entr\u00e9e situ\u00e9e pr\u00e8s de la Seine, entre l\u2019Aile de Flore et l\u2019Aile Denon, qui a \u00e9t\u00e9 souvent ferm\u00e9e depuis, a un c\u00f4t\u00e9 un peu magique. Elle ouvre sur l\u2019ancien pavillon des Sessions, qui devient \u00e0 partir de ce mercredi la Galerie des cinq continents.<\/p>\n<p class=\"paragraph text_align_left lp-f-body-02\">Cette derni\u00e8re fait dialoguer 42 pi\u00e8ces du mus\u00e9e avec 77 \u0153uvres du quai Branly que le Louvre abrite depuis 2000, sorte de vitrine des arts africains, oc\u00e9aniens ou asiatiques \u00e0 Paris. Une rencontre artistique au sommet dans un espace enti\u00e8rement r\u00e9nov\u00e9, avec un nouveau caf\u00e9. Un peu d\u2019air et de vie dans une p\u00e9riode tr\u00e8s troubl\u00e9e du mus\u00e9e, <a href=\"https:\/\/www.leparisien.fr\/faits-divers\/casse-du-siecle-au-louvre-le-quatrieme-homme-du-commando-interpelle-25-11-2025-ADTZVDQHZZCEFNNYUC5JUMZJDY.php\" target=\"_blank\" rel=\"noreferrer noopener\">depuis le casse spectaculaire du 19 octobre<\/a> et le vol des joyaux de la Couronne <a href=\"https:\/\/www.leparisien.fr\/faits-divers\/casse-du-louvre-deux-audits-realises-a-dix-ans-decart-avaient-alerte-sur-les-failles-de-la-galerie-dapollon-27-11-2025-SSCM6XUIXRHBZBSN2HIQ2WM2VA.php\" target=\"_blank\" rel=\"noreferrer noopener\">dans la galerie d\u2019Apollon<\/a>.<\/p>\n","protected":false},"excerpt":{"rendered":"Elle arrive seule, sous une pluie fine, par les jardins, le matin du vendredi 28 novembre. Rendez-vous a&hellip;\n","protected":false},"author":2,"featured_media":571323,"comment_status":"","ping_status":"","sticky":false,"template":"","format":"standard","meta":{"footnotes":""},"categories":[1358],"tags":[1348,1384,1385,872,1386,58,59,1011,27],"class_list":{"0":"post-571322","1":"post","2":"type-post","3":"status-publish","4":"format-standard","5":"has-post-thumbnail","7":"category-arts-et-design","8":"tag-arts","9":"tag-arts-and-design","10":"tag-arts-et-design","11":"tag-culture-et-loisirs","12":"tag-design","13":"tag-divertissement","14":"tag-entertainment","15":"tag-fr","16":"tag-france"},"share_on_mastodon":{"url":"https:\/\/pubeurope.com\/@fr\/115645356640047570","error":""},"_links":{"self":[{"href":"https:\/\/www.europesays.com\/fr\/wp-json\/wp\/v2\/posts\/571322","targetHints":{"allow":["GET"]}}],"collection":[{"href":"https:\/\/www.europesays.com\/fr\/wp-json\/wp\/v2\/posts"}],"about":[{"href":"https:\/\/www.europesays.com\/fr\/wp-json\/wp\/v2\/types\/post"}],"author":[{"embeddable":true,"href":"https:\/\/www.europesays.com\/fr\/wp-json\/wp\/v2\/users\/2"}],"replies":[{"embeddable":true,"href":"https:\/\/www.europesays.com\/fr\/wp-json\/wp\/v2\/comments?post=571322"}],"version-history":[{"count":0,"href":"https:\/\/www.europesays.com\/fr\/wp-json\/wp\/v2\/posts\/571322\/revisions"}],"wp:featuredmedia":[{"embeddable":true,"href":"https:\/\/www.europesays.com\/fr\/wp-json\/wp\/v2\/media\/571323"}],"wp:attachment":[{"href":"https:\/\/www.europesays.com\/fr\/wp-json\/wp\/v2\/media?parent=571322"}],"wp:term":[{"taxonomy":"category","embeddable":true,"href":"https:\/\/www.europesays.com\/fr\/wp-json\/wp\/v2\/categories?post=571322"},{"taxonomy":"post_tag","embeddable":true,"href":"https:\/\/www.europesays.com\/fr\/wp-json\/wp\/v2\/tags?post=571322"}],"curies":[{"name":"wp","href":"https:\/\/api.w.org\/{rel}","templated":true}]}}