{"id":571324,"date":"2025-12-01T16:55:24","date_gmt":"2025-12-01T16:55:24","guid":{"rendered":"https:\/\/www.europesays.com\/fr\/571324\/"},"modified":"2025-12-01T16:55:24","modified_gmt":"2025-12-01T16:55:24","slug":"pierre-brassard-se-moque-de-sa-face-a-tout-le-monde-en-parle","status":"publish","type":"post","link":"https:\/\/www.europesays.com\/fr\/571324\/","title":{"rendered":"Pierre Brassard se moque de sa face \u00e0 Tout le monde en parle"},"content":{"rendered":"<p><strong>Pierre Brassard a une grosse fin d\u2019ann\u00e9e.<\/strong><\/p>\n<p>En plus de participer au spectacle de fin d\u2019ann\u00e9e 2025 revue et corrig\u00e9e du Th\u00e9\u00e2tre du Rideau Vert, il assure aussi l\u2019animation de l\u2019\u00e9mission La journ\u00e9e (est encore jeune) les jeudis.<\/p>\n<p class=\"toreadalso-fromEMP\"><strong>\u2022 \u00c0 lire aussi: <\/strong><a href=\"https:\/\/www.lesacdechips.com\/2025\/11\/30\/steven-guilbeault-les-yeux-dans-leau-a-tout-le-monde-en-parle-apres-une-question-de-jean-sebastien-girard\" target=\"feffeef9-1ed9-4994-819f-4c102a317cc0\" rel=\"noopener\"><strong>Steven Guilbeault les yeux dans l\u2019eau \u00e0 \u00abTout le monde en parle\u00bb apr\u00e8s une question de Jean-S\u00e9bastien Girard<\/strong><\/a><\/p>\n<p>De surcro\u00eet, dimanche soir, il \u00e9tait de passage sur le plateau de Tout le monde en parle pour faire la promotion du spectacle auquel il participe depuis plusieurs ann\u00e9es.<\/p>\n<p>C\u2019est assez pour \u00eatre fatigu\u00e9.<\/p>\n<p>Sur son compte Instagram, il a partag\u00e9 une vid\u00e9o d\u2019un extrait de l\u2019\u00e9mission o\u00f9 on peut voir le ministre Jean-Fran\u00e7ois Roberge d\u00e9fendre son nouveau projet de loi controvers\u00e9.<\/p>\n<p>En arri\u00e8re-plan, on peut voir le bon Pierre qui semble mettre tout son petit change pour ne pas s\u2019assoupir.<\/p>\n<p>Selon ses propres dires, il aurait \u00abdes airs de Pierre Elliott Trudeau\u00bb.<\/p>\n<p><a href=\"https:\/\/www.youtube.com\/playlist?list=PL_XlDAMOYaWOyx1VifUcH_8iKMtO77L57\" target=\"_blank\" rel=\"noopener\"><br \/>\n    <img decoding=\"async\" src=\"https:\/\/www.europesays.com\/fr\/wp-content\/uploads\/2025\/09\/c337162e-0df1-4228-86f1-dd22d05ad18b_bloc_cliquables2.gif\" class=\"logoJe\"\/><br \/>\n<\/a><\/p>\n<p>Franchement&#8230;<\/p>\n<p>Nous n\u2019aimons pas quand les gens qu\u2019on aime sont si cruels envers eux-m\u00eames.<\/p>\n<p>Repose-toi, Pierre.<\/p>\n","protected":false},"excerpt":{"rendered":"Pierre Brassard a une grosse fin d\u2019ann\u00e9e. En plus de participer au spectacle de fin d\u2019ann\u00e9e 2025 revue&hellip;\n","protected":false},"author":2,"featured_media":571325,"comment_status":"","ping_status":"","sticky":false,"template":"","format":"standard","meta":{"footnotes":""},"categories":[1356],"tags":[58,59,1011,27,252,1364],"class_list":{"0":"post-571324","1":"post","2":"type-post","3":"status-publish","4":"format-standard","5":"has-post-thumbnail","7":"category-television","8":"tag-divertissement","9":"tag-entertainment","10":"tag-fr","11":"tag-france","12":"tag-television","13":"tag-tv"},"share_on_mastodon":{"url":"https:\/\/pubeurope.com\/@fr\/115645365547997388","error":""},"_links":{"self":[{"href":"https:\/\/www.europesays.com\/fr\/wp-json\/wp\/v2\/posts\/571324","targetHints":{"allow":["GET"]}}],"collection":[{"href":"https:\/\/www.europesays.com\/fr\/wp-json\/wp\/v2\/posts"}],"about":[{"href":"https:\/\/www.europesays.com\/fr\/wp-json\/wp\/v2\/types\/post"}],"author":[{"embeddable":true,"href":"https:\/\/www.europesays.com\/fr\/wp-json\/wp\/v2\/users\/2"}],"replies":[{"embeddable":true,"href":"https:\/\/www.europesays.com\/fr\/wp-json\/wp\/v2\/comments?post=571324"}],"version-history":[{"count":0,"href":"https:\/\/www.europesays.com\/fr\/wp-json\/wp\/v2\/posts\/571324\/revisions"}],"wp:featuredmedia":[{"embeddable":true,"href":"https:\/\/www.europesays.com\/fr\/wp-json\/wp\/v2\/media\/571325"}],"wp:attachment":[{"href":"https:\/\/www.europesays.com\/fr\/wp-json\/wp\/v2\/media?parent=571324"}],"wp:term":[{"taxonomy":"category","embeddable":true,"href":"https:\/\/www.europesays.com\/fr\/wp-json\/wp\/v2\/categories?post=571324"},{"taxonomy":"post_tag","embeddable":true,"href":"https:\/\/www.europesays.com\/fr\/wp-json\/wp\/v2\/tags?post=571324"}],"curies":[{"name":"wp","href":"https:\/\/api.w.org\/{rel}","templated":true}]}}