{"id":571326,"date":"2025-12-01T16:56:18","date_gmt":"2025-12-01T16:56:18","guid":{"rendered":"https:\/\/www.europesays.com\/fr\/571326\/"},"modified":"2025-12-01T16:56:18","modified_gmt":"2025-12-01T16:56:18","slug":"judas-priest-en-tete-daffiche-du-motocultor-a-carhaix-le-festival-soffre-une-legende-du-heavy-metal","status":"publish","type":"post","link":"https:\/\/www.europesays.com\/fr\/571326\/","title":{"rendered":"Judas Priest en t\u00eate d\u2019affiche du Motocultor \u00e0 Carhaix\u00a0: le festival s\u2019offre une l\u00e9gende du heavy metal\u00a0!"},"content":{"rendered":"<p>C\u2019est une annonce inattendue qui va ravir toutes les g\u00e9n\u00e9rations de fans de metal. Ce lundi 1er d\u00e9cembre \u00e0 midi, <a href=\"https:\/\/www.facebook.com\/MOTOCULTOR.FESTIVAL.OpenAir\/posts\/pfbid0kLvjWhYtJcW2E8fLdWkmFgRJsf63bq9nbmqtMbvPZEzUGi8dxpYoNc4zX1yTtTGDl\" title=\"www.facebook.com\" target=\"_blank\" rel=\"noopener\">le Motocultor a d\u00e9voil\u00e9 15 nouveaux groupes<\/a>, avec en t\u00eate les Britanniques de Judas Priest. Aux c\u00f4t\u00e9s de cette l\u00e9gende vivante, s\u2019ajoutent \u00e0 l\u2019affiche : Amenra, Aorlhac, Eihwar, Gaerea, Guineapig, Heretoir, Iotunn, Komodrag &amp; The Mounodor, Order Ogan, Perturbator, Pilori, Primus, Sierra Veins et Skaphos. Avec cette nouvelle salve de noms, plus de la moiti\u00e9 des 110 groupes <a href=\"https:\/\/www.letelegramme.fr\/culture-loisirs\/festivals\/motocultor\/\" title=\"www.letelegramme.fr\" target=\"_blank\" rel=\"noopener\">de la 17e \u00e9dition<\/a> sont d\u00e9j\u00e0 connus.<\/p>\n<\/p>\n<p>Un groupe l\u00e9gendaire<\/p>\n<p>Fond\u00e9 en 1969, \ufeffJudas Priest\ufeff foulera pour la premi\u00e8re fois la prairie carhaisienne, emmen\u00e9 par son leader embl\u00e9matique Rob Halford. Avec 19 albums studio au compteur et un vingti\u00e8me en pr\u00e9paration pour 2026, la formation a contribu\u00e9 \u00e0 la cr\u00e9ation du heavy metal. Aux c\u00f4t\u00e9s de Black Sabbath, de Deep Purple et de Led Zeppelin, les Anglais ont pav\u00e9 la voie \u00e0 tous les grands groupes n\u00e9s apr\u00e8s eux. Un monument de la musique pour lequel le Motocultor promet \u00ab un moment qui restera grav\u00e9 aussi longtemps que vos premiers vinyles \u00bb.<\/p>\n<p>Une annonce tr\u00e8s \u00e9clectique<\/p>\n<p>Pour les accompagner sur cette annonce, quatorze autres groupes tr\u00e8s vari\u00e9s font \u00e9galement leur apparition sur l\u2019affiche. Du doom metal des Belges d\u2019Amenra au rock psych\u00e9 du groupe fran\u00e7ais Komodrag &amp; The Mounodor, en passant par le power metal des Allemands d\u2019Orden Ogan, cette nouvelle annonce fait dans l\u2019\u00e9clectisme. \u00c0 noter \u00e9galement la pr\u00e9sence de Perturbator, artiste de musique \u00e9lectronique parisien pass\u00e9 par plusieurs groupes de black metal ; ainsi que celle d\u2019Eihwar, groupe fran\u00e7ais au style folk-pagan-\u00e9lectro.<\/p>\n<p>Pratique<\/p>\n<p class=\"note\">La billetterie est d\u00e9j\u00e0 ouverte sur le site du Motocultor.<\/p>\n","protected":false},"excerpt":{"rendered":"C\u2019est une annonce inattendue qui va ravir toutes les g\u00e9n\u00e9rations de fans de metal. Ce lundi 1er d\u00e9cembre&hellip;\n","protected":false},"author":2,"featured_media":571327,"comment_status":"","ping_status":"","sticky":false,"template":"","format":"standard","meta":{"footnotes":""},"categories":[1355],"tags":[11,829,5934,251,58,765,59,849,3337,3321,1011,27,28629,2131,45502,1361,873],"class_list":{"0":"post-571326","1":"post","2":"type-post","3":"status-publish","4":"format-standard","5":"has-post-thumbnail","7":"category-musique","8":"tag-actualites","9":"tag-bretagne","10":"tag-carhaix-plouguer","11":"tag-culture","12":"tag-divertissement","13":"tag-en-continu","14":"tag-entertainment","15":"tag-festival","16":"tag-festivals","17":"tag-finistere","18":"tag-fr","19":"tag-france","20":"tag-metal","21":"tag-morlaix","22":"tag-motocultor","23":"tag-music","24":"tag-musique"},"share_on_mastodon":{"url":"https:\/\/pubeurope.com\/@fr\/115645368564707635","error":""},"_links":{"self":[{"href":"https:\/\/www.europesays.com\/fr\/wp-json\/wp\/v2\/posts\/571326","targetHints":{"allow":["GET"]}}],"collection":[{"href":"https:\/\/www.europesays.com\/fr\/wp-json\/wp\/v2\/posts"}],"about":[{"href":"https:\/\/www.europesays.com\/fr\/wp-json\/wp\/v2\/types\/post"}],"author":[{"embeddable":true,"href":"https:\/\/www.europesays.com\/fr\/wp-json\/wp\/v2\/users\/2"}],"replies":[{"embeddable":true,"href":"https:\/\/www.europesays.com\/fr\/wp-json\/wp\/v2\/comments?post=571326"}],"version-history":[{"count":0,"href":"https:\/\/www.europesays.com\/fr\/wp-json\/wp\/v2\/posts\/571326\/revisions"}],"wp:featuredmedia":[{"embeddable":true,"href":"https:\/\/www.europesays.com\/fr\/wp-json\/wp\/v2\/media\/571327"}],"wp:attachment":[{"href":"https:\/\/www.europesays.com\/fr\/wp-json\/wp\/v2\/media?parent=571326"}],"wp:term":[{"taxonomy":"category","embeddable":true,"href":"https:\/\/www.europesays.com\/fr\/wp-json\/wp\/v2\/categories?post=571326"},{"taxonomy":"post_tag","embeddable":true,"href":"https:\/\/www.europesays.com\/fr\/wp-json\/wp\/v2\/tags?post=571326"}],"curies":[{"name":"wp","href":"https:\/\/api.w.org\/{rel}","templated":true}]}}