{"id":571330,"date":"2025-12-01T16:58:13","date_gmt":"2025-12-01T16:58:13","guid":{"rendered":"https:\/\/www.europesays.com\/fr\/571330\/"},"modified":"2025-12-01T16:58:13","modified_gmt":"2025-12-01T16:58:13","slug":"un-ventre-plat-en-5-jours-cet-aliment-aide-a-faire-fondre-la-graisse-abdominale-selon-un-chercheur","status":"publish","type":"post","link":"https:\/\/www.europesays.com\/fr\/571330\/","title":{"rendered":"\u00ab\u00a0Un ventre plat en 5 jours\u00a0\u00bb : cet aliment aide \u00e0 faire fondre la graisse abdominale, selon un chercheur"},"content":{"rendered":"<p>Venir \u00e0 bout de la <a href=\"https:\/\/www.grazia.fr\/beaute\/forme-minceur\/je-suis-nutritionniste-et-voici-comment-se-debarrasser-de-la-graisse-viscerale-une-bonne-fois-pour-toutes-1105146.html\" target=\"_blank\" rel=\"noopener\"><br \/>\ngraisse abdominale<\/a> est loin d\u2019\u00eatre une mince affaire. Une fois<br \/>\ninstall\u00e9e, celle-ci se veut particuli\u00e8rement tenace en d\u00e9pit des<br \/>\nefforts mis en place pour la d\u00e9loger. Heureusement, il existe tout<br \/>\nde m\u00eame des moyens efficaces pour y parvenir qui combinent sport et<br \/>\nalimentation. Si la pratique d\u2019une activit\u00e9 physique r\u00e9guli\u00e8re est<br \/>\nessentielle pour <a href=\"https:\/\/www.grazia.fr\/beaute\/forme-minceur\/perdre-du-poids-3-habitudes-simples-pour-garder-la-ligne-sans-galerer-1020549.html\" target=\"_blank\" rel=\"noopener\"><br \/>\nactiver le m\u00e9tabolisme<\/a> et faciliter la combustion des graisses,<br \/>\nle sport seul ne suffit pas et doit \u00eatre accompagn\u00e9 d\u2019un r\u00e9gime<br \/>\nalimentaire ad\u00e9quat.\u00a0<\/p>\n<p>Comment retrouver un ventre plat en 5 jours ?<\/p>\n<p>Comme le rapporte <a href=\"https:\/\/www.topsante.com\/minceur\/nutrition_minceur\/un-chercheur-italien-conseille-cet-aliment-pour-reduire-la-graisse-du-ventre-en-5-jours-900096\" target=\"_blank\" rel=\"nofollow noopener\">Top Sant\u00e9<\/a>, le<br \/>\nprofesseur italien <strong>Valter Longo<\/strong>, biog\u00e9rontologue<br \/>\net directeur du Longevity Institute de l\u2019Universit\u00e9 de Californie<br \/>\ndu Sud a mis au point un programme de cinq jours bas\u00e9 sur<br \/>\n<strong>une restriction calorique progressive<\/strong>, allant de<br \/>\n1100 calories le premier jour \u00e0 800 calories les jours suivants.<br \/>\nCette strat\u00e9gie active les m\u00e9canismes de je\u00fbne et oblige<br \/>\nl\u2019organisme \u00e0 puiser dans ses r\u00e9serves graisseuses.<\/p>\n<p>Les <strong>b\u00e9n\u00e9fices<\/strong> de ce r\u00e9gime iraient au-del\u00e0 de<br \/>\nla perte de graisse abdominale. En plus de favoriser une silhouette<br \/>\naffin\u00e9e, il am\u00e9liorerait la sant\u00e9 cardiaque, r\u00e9duirait<br \/>\nl\u2019inflammation et prolongerait l\u2019esp\u00e9rance de vie. Ce r\u00e9gime repose<br \/>\nprincipalement sur un certain type d\u2019aliments d\u2019origine v\u00e9g\u00e9tale,<br \/>\npauvres en sucre et en prot\u00e9ines, mais riches en nutriments.<br \/>\nCeux-ci aident le corps \u00e0 se r\u00e9g\u00e9n\u00e9rer en \u00e9liminant les vieilles<br \/>\ncellules et en pr\u00e9servant la masse musculaire maigre.\u00a0<\/p>\n<p>2,5 \u00e0 3 kg de moins en cinq jours<\/p>\n<p>Dans les colonnes de Telegraph, le <strong>Dr Jason<br \/>\nFung<\/strong> n\u00e9phrologue, sp\u00e9cialiste du je\u00fbne et auteur de<br \/>\nThe Obesity Code, explique comment ce mode d\u00a0\u00bbalimentation<br \/>\npeut \u00eatre une bonne alternative pour les personnes qui ont du mal \u00e0<br \/>\nsuivre un je\u00fbne intermittent. Selon l\u2019expert, ce r\u00e9gime offre une<br \/>\nstructure claire tout en permettant de consommer des aliments, ce<br \/>\nqui le rend plus accessible. Il insiste lui aussi sur l\u2019importance<br \/>\ndes aliments v\u00e9g\u00e9taux, qui optimisent <a href=\"https:\/\/www.grazia.fr\/beaute\/forme-minceur\/perdre-poids-voici-laliment-a-consommer-jours-mincir-ventre-629079.html\" target=\"_blank\" rel=\"noopener\"><br \/>\nla perte de graisse<\/a> tout en nourrissant l\u2019organisme.\u00a0<\/p>\n<p>Les deux experts s\u2019accordent d\u2019ailleurs \u00e0 dire que l\u2019avantage<br \/>\nprincipal de ce r\u00e9gime, c&rsquo;est qu\u2019il s\u2019attaque \u00e0 la graisse<br \/>\nabdominale sans affecter la masse musculaire maigre, contrairement<br \/>\n\u00e0 d\u2019autres types de r\u00e9gimes qui \u00ab\u00a0entra\u00eenent une perte de<br \/>\ngraisse, d\u2019eau, parfois de masse musculaire maigre et de densit\u00e9<br \/>\nosseuse\u00a0\u00bb. C\u00f4t\u00e9 r\u00e9sultats, selon le professeur Longo, la<br \/>\npopulation g\u00e9n\u00e9rale perd en moyenne\u00a0 <strong>\u00ab\u00a02,5 \u00e0 3 kg<br \/>\nde poids<\/strong>, principalement de la graisse, apr\u00e8s trois cycles<br \/>\nde r\u00e9gime alimentaire imitant le je\u00fbne pendant cinq<br \/>\njours\u00a0\u00bb.\u00a0<\/p>\n","protected":false},"excerpt":{"rendered":"Venir \u00e0 bout de la graisse abdominale est loin d\u2019\u00eatre une mince affaire. Une fois install\u00e9e, celle-ci se&hellip;\n","protected":false},"author":2,"featured_media":571331,"comment_status":"","ping_status":"","sticky":false,"template":"","format":"standard","meta":{"footnotes":""},"categories":[10],"tags":[1011,27,72,6055,71],"class_list":{"0":"post-571330","1":"post","2":"type-post","3":"status-publish","4":"format-standard","5":"has-post-thumbnail","7":"category-sante","8":"tag-fr","9":"tag-france","10":"tag-health","11":"tag-republishing","12":"tag-sante"},"share_on_mastodon":{"url":"https:\/\/pubeurope.com\/@fr\/115645376400390400","error":""},"_links":{"self":[{"href":"https:\/\/www.europesays.com\/fr\/wp-json\/wp\/v2\/posts\/571330","targetHints":{"allow":["GET"]}}],"collection":[{"href":"https:\/\/www.europesays.com\/fr\/wp-json\/wp\/v2\/posts"}],"about":[{"href":"https:\/\/www.europesays.com\/fr\/wp-json\/wp\/v2\/types\/post"}],"author":[{"embeddable":true,"href":"https:\/\/www.europesays.com\/fr\/wp-json\/wp\/v2\/users\/2"}],"replies":[{"embeddable":true,"href":"https:\/\/www.europesays.com\/fr\/wp-json\/wp\/v2\/comments?post=571330"}],"version-history":[{"count":0,"href":"https:\/\/www.europesays.com\/fr\/wp-json\/wp\/v2\/posts\/571330\/revisions"}],"wp:featuredmedia":[{"embeddable":true,"href":"https:\/\/www.europesays.com\/fr\/wp-json\/wp\/v2\/media\/571331"}],"wp:attachment":[{"href":"https:\/\/www.europesays.com\/fr\/wp-json\/wp\/v2\/media?parent=571330"}],"wp:term":[{"taxonomy":"category","embeddable":true,"href":"https:\/\/www.europesays.com\/fr\/wp-json\/wp\/v2\/categories?post=571330"},{"taxonomy":"post_tag","embeddable":true,"href":"https:\/\/www.europesays.com\/fr\/wp-json\/wp\/v2\/tags?post=571330"}],"curies":[{"name":"wp","href":"https:\/\/api.w.org\/{rel}","templated":true}]}}