{"id":571338,"date":"2025-12-01T17:02:31","date_gmt":"2025-12-01T17:02:31","guid":{"rendered":"https:\/\/www.europesays.com\/fr\/571338\/"},"modified":"2025-12-01T17:02:31","modified_gmt":"2025-12-01T17:02:31","slug":"la-fibre-orange-a-moins-de-25-e-par-mois","status":"publish","type":"post","link":"https:\/\/www.europesays.com\/fr\/571338\/","title":{"rendered":"la fibre Orange \u00e0 moins de 25 \u20ac par mois !"},"content":{"rendered":"<p>              <img decoding=\"async\" class=\"article-author__picture webp\" src=\"https:\/\/www.europesays.com\/fr\/wp-content\/uploads\/2025\/12\/Sans titre.png.webp\" alt=\"Floriane Wittner\"\/><\/p>\n<p class=\"article-author__info--name\"> Par<br \/>\n                      <a href=\"https:\/\/www.echosdunet.net\/equipe\/floriane-wittner\" target=\"_blank\" rel=\"noopener author\"> Floriane Wittner <\/a><\/p>\n<p class=\"article-author__info--description\"> Charg\u00e9e des actualit\u00e9s Telecom <\/p>\n<p>        Ecrit le<\/p>\n<p>                                01\/12\/2025<\/p>\n<p>            min de lecture\n        <\/p>\n<p class=\"intro\">Le Black Friday est \u00e0 peine termin\u00e9 que les op\u00e9rateurs pr\u00e9parent d\u00e9j\u00e0 activement No\u00ebl. C&rsquo;est le cas de Sosh, qui propose la fibre Orange \u00e0 moins de 25 \u20ac par mois ! Un bon plan box pour finir l&rsquo;ann\u00e9e en beaut\u00e9, et faire des \u00e9conomies d\u00e8s 2026. D&rsquo;autant que l&rsquo;op\u00e9rateur vous r\u00e9serve une surprise suppl\u00e9mentaire&#8230;<\/p>\n<tr class=\"notice notice--warning notice--fw\">\n<td>Frais d&rsquo;ouverture offerts !<\/td>\n<\/tr>\n<tr class=\"table--v-center table-card-collapse&#10;        notice__wrapper--first               \">\n<td>\n<img decoding=\"async\" src=\"https:\/\/www.europesays.com\/fr\/wp-content\/uploads\/2025\/12\/logo-sosh-100-ct.png\" width=\"115\" alt=\"sosh\" loading=\"lazy\"\/><br \/><strong>Bo\u00eete Sosh Fibre<\/strong><br \/>\n<\/p>\n<p>    Sans engagement<br \/>\n<br \/>Tarif fixe et WiFi 7\n     <\/td>\n<td>\n<p><strong><br \/>\n  2<br \/>\n  Gbit\/s<br \/>\n<\/strong><\/p>\n<p><\/p>\n<p>  <strong><br \/>\n    800<br \/>\n    Mbit\/s<br \/>\n  <\/strong><br \/>\n             <\/p>\n<p>\u00a0<strong>WiFi 7<\/strong><\/p>\n<p><\/p>\n<\/td>\n<td>\n<p>      <strong><\/p>\n<p>\u00a0Sans d\u00e9codeur TV<\/p>\n<p>     <\/strong><\/p>\n<\/td>\n<td class=\"mobile-right\">\n<\/td>\n<td>\n<\/td>\n<\/tr>\n<tr class=\"collapse-button collapse-button--secondary-light collapse-button--center border--secondary\">\n<td>\n                    En savoir plusMasquer les d\u00e9tails\u00a0\u00a0\n     <\/td>\n<\/tr>\n<tr class=\"collapse-content border--secondary\">\n<td>\n<p>  \u00a0D\u00e9bit descendant : jusqu&rsquo;\u00e0 <strong>2 Gbit\/s<\/strong><br \/>\n  <\/p>\n<p>  \u00a0D\u00e9bit montant : jusqu&rsquo;\u00e0 <strong>800 Mbit\/s<\/strong><br \/>\n  <\/p>\n<p>  \u00a0Box compatible <strong>WiFi 7<\/strong><br \/>\n  <\/p>\n<\/td>\n<td>\n<p>    \u00a0Appels vers <strong>fixes de France<\/p>\n<p>     <\/strong><\/p>\n<\/td>\n<\/tr>\n<p>Fibre Orange : une S\u00e9rie Sp\u00e9ciale et pas ch\u00e8re<img decoding=\"async\" class=\"u-img--fluid\" src=\"https:\/\/selectra.info\/telecom\/selection\/sosh\/box-fibre\" alt=\"economie\" loading=\"lazy\"\/><\/p>\n<p>Apr\u00e8s le <strong>Black Friday<\/strong>, No\u00ebl est sans doute l&rsquo;un des \u00e9v\u00e9nements les plus incontournables de l&rsquo;ann\u00e9e en mati\u00e8re de <strong>bons plans t\u00e9l\u00e9coms<\/strong>.<\/p>\n<p>Vous envisagez d&rsquo;ailleurs peut-\u00eatre de <a href=\"https:\/\/www.echosdunet.net\/changer-operateur\" target=\"_blank\" rel=\"noopener\">changer de fournisseur d&rsquo;acc\u00e8s<\/a> depuis un moment, et vous avez bien fait d&rsquo;attendre&#8230; jusqu&rsquo;\u00e0 aujourd&rsquo;hui !<\/p>\n<p>Typiquement, le d\u00e9but du mois de d\u00e9cembre correspond \u00e0 l&rsquo;apparition d&rsquo;<strong>offres mobiles et internet vraiment exceptionnelles<\/strong>. Et l&rsquo;offre du jour ne fait pas exception \u00e0 la r\u00e8gle.<\/p>\n<p>En ce moment, <a href=\"https:\/\/www.echosdunet.net\/sosh\" target=\"_blank\" rel=\"noopener\">Sosh<\/a> vous propose <strong>la fibre Orange \u00e0 moins de 25 \u20ac par mois<\/strong> dans le cadre d&rsquo;une s\u00e9rie sp\u00e9ciale \u00e0 dur\u00e9e limit\u00e9e.<\/p>\n<p>Sans engagement, cette box Internet comporte de nombreux avantages pour un <strong>prix mensuel plus que raisonnable<\/strong> : Wi-Fi plus stable, d\u00e9bits performants, qualit\u00e9 de r\u00e9seau \u00e9lev\u00e9e&#8230;<\/p>\n<p>Les <a href=\"https:\/\/www.echosdunet.net\/orange\/box-internet\" target=\"_blank\" rel=\"noopener\">Livebox Orange<\/a> sont rarement en promo, et souvent plus co\u00fbteuses en raison de la <strong>valeur ajout\u00e9e<\/strong> de l&rsquo;op\u00e9rateur historique.<\/p>\n<p>Cette offre sp\u00e9ciale sur la <a href=\"https:\/\/www.echosdunet.net\/sosh\/box-internet\" target=\"_blank\" rel=\"noopener\">Bo\u00eete Sosh<\/a> est l&rsquo;occasion de profiter d&rsquo;une r\u00e9duction pour <strong>anticiper No\u00ebl 2025<\/strong> et commencer l&rsquo;ann\u00e9e prochaine du bon pied niveau finances !<\/p>\n<p>Bo\u00eete Sosh, l&rsquo;essentiel \u00e0 prix bas<img decoding=\"async\" class=\"u-img--fluid\" src=\"https:\/\/www.europesays.com\/fr\/wp-content\/uploads\/2025\/12\/consulter-internet-femme-200x280-20.png\" alt=\"femme internet\" loading=\"lazy\"\/><\/p>\n<p>C&rsquo;est souvent le cas avec les <strong>box fibre d&rsquo;entr\u00e9e de gamme<\/strong> : on s&rsquo;imagine qu&rsquo;elles ne comportent rien d&rsquo;autre qu&rsquo;un acc\u00e8s au tr\u00e8s haut d\u00e9bit.<\/p>\n<p>D\u00e9trompez-vous : ce n&rsquo;est absolument pas le cas de la Bo\u00eete Sosh fibre !<\/p>\n<p>Il ne s&rsquo;agit certes pas d&rsquo;une box premium, mais dans sa cat\u00e9gorie, elle se distingue remarquablement par son <strong>prix abordable<\/strong> et ses services essentiels :<\/p>\n<ul class=\"list--check\">\n<li><strong>Jusqu&rsquo;\u00e0 2 Gbit\/s en t\u00e9l\u00e9chargement<\/strong> ;<\/li>\n<li>Le <a href=\"https:\/\/www.echosdunet.net\/free\/equipement\/wifi-7\" target=\"_blank\" rel=\"noopener\">Wi-Fi 7<\/a> derni\u00e8re g\u00e9n\u00e9ration !<\/li>\n<li>Les <strong>appels illimit\u00e9s<\/strong> vers les fixes de France + 100 pays.<\/li>\n<\/ul>\n<p>Sans parler du divertissement, inclus via <a href=\"https:\/\/www.echosdunet.net\/orange\/tv\/application\" target=\"_blank\" rel=\"noopener\">l&rsquo;application TV d&rsquo;Orange<\/a> (<strong>activ\u00e9e gratuitement sur demande<\/strong>) pour visionner vos cha\u00eenes pr\u00e9f\u00e9r\u00e9es sur tous vos appareils nomades.<\/p>\n<p>La Bo\u00eete Sosh fibre au 1er d\u00e9cembre 2025<\/p>\n<tr>Nom de l&rsquo;offreServices et engagementTarif<\/tr>\n<tr>\n<td><img decoding=\"async\" src=\"https:\/\/www.europesays.com\/fr\/wp-content\/uploads\/2025\/12\/logo-sosh-100.jpg\" alt=\"Sosh\" loading=\"lazy\"\/><br \/><strong>Bo\u00eete Sosh fibre<\/strong><br \/>S\u00e9rie Sp\u00e9ciale<\/td>\n<td>\n<ul class=\"list--check\">\n<li><strong>Jusqu&rsquo;\u00e0 2 Gbit\/s partag\u00e9s<\/strong> en d\u00e9bit montant<\/li>\n<li>Jusqu&rsquo;\u00e0 800 Mbit\/s en d\u00e9bit descendant<\/li>\n<li>Livebox S avec Wi-Fi 7 !<\/li>\n<li>Appels illimit\u00e9s vers les fixes de France + 100 pays<\/li>\n<li><strong>Offre sans engagement<\/strong><\/li>\n<\/ul>\n<\/td>\n<td><strong>24,99\u20ac par mois<\/strong><br \/>sans limite de dur\u00e9e<br \/><a class=\"btn btn--primary btn--md\" href=\"https:\/\/echosdunet.net\/selection\/sosh\/box-fibre\" target=\"_blank\" rel=\"nofollow noopener\">Souscrire en ligne<\/a><\/td>\n<\/tr>\n<p>Nous vous parlions d&rsquo;un <strong>avantage suppl\u00e9mentaire<\/strong> auquel ont droit les futurs clients de la Bo\u00eete Sosh.<\/p>\n<p>Il s&rsquo;agit des <strong>frais de mise en service offerts<\/strong> ! Eh oui, m\u00eame pour sa S\u00e9rie Sp\u00e9ciale d\u00e9j\u00e0 peu ch\u00e8re, Sosh vous permet d&rsquo;\u00e9conomiser 39 \u20ac de plus d\u00e8s la premi\u00e8re facture.<\/p>\n<p><strong>Jusqu&rsquo;au 4 f\u00e9vrier 2026<\/strong>, il est possible d&rsquo;activer votre Bo\u00eete Sosh sans aucuns frais. Un geste de bienvenue qui ne se produit pas souvent, mieux vaut donc ne pas tarder pour en profiter.<\/p>\n<p>La seule condition pour en profiter est de ne pas demander la migration de votre Livebox Orange vers une offre Sosh, et d&rsquo;\u00eatre <a href=\"https:\/\/www.echosdunet.net\/orange\/test-eligibilite\" target=\"_blank\" rel=\"noopener\">\u00e9ligible \u00e0 la fibre Orange<\/a>.<\/p>\n<p>Ensuite, \u00e0 vous la <strong>connexion Internet rapide et fiable<\/strong>, les communications sans contrainte, le streaming en qualit\u00e9 4K ou le t\u00e9l\u00e9travail sans accroc !<\/p>\n<p>      Avez-vous trouv\u00e9 cette information utile ?<\/p>\n<p>100% des 1 votes trouvent l&rsquo;information utile.<\/p>\n","protected":false},"excerpt":{"rendered":"Par Floriane Wittner Charg\u00e9e des actualit\u00e9s Telecom Ecrit le 01\/12\/2025 min de lecture Le Black Friday est \u00e0&hellip;\n","protected":false},"author":2,"featured_media":571339,"comment_status":"","ping_status":"","sticky":false,"template":"","format":"standard","meta":{"footnotes":""},"categories":[6],"tags":[35,33,34,1011,27],"class_list":{"0":"post-571338","1":"post","2":"type-post","3":"status-publish","4":"format-standard","5":"has-post-thumbnail","7":"category-economie","8":"tag-business","9":"tag-economie","10":"tag-economy","11":"tag-fr","12":"tag-france"},"share_on_mastodon":{"url":"https:\/\/pubeurope.com\/@fr\/115645393284093758","error":""},"_links":{"self":[{"href":"https:\/\/www.europesays.com\/fr\/wp-json\/wp\/v2\/posts\/571338","targetHints":{"allow":["GET"]}}],"collection":[{"href":"https:\/\/www.europesays.com\/fr\/wp-json\/wp\/v2\/posts"}],"about":[{"href":"https:\/\/www.europesays.com\/fr\/wp-json\/wp\/v2\/types\/post"}],"author":[{"embeddable":true,"href":"https:\/\/www.europesays.com\/fr\/wp-json\/wp\/v2\/users\/2"}],"replies":[{"embeddable":true,"href":"https:\/\/www.europesays.com\/fr\/wp-json\/wp\/v2\/comments?post=571338"}],"version-history":[{"count":0,"href":"https:\/\/www.europesays.com\/fr\/wp-json\/wp\/v2\/posts\/571338\/revisions"}],"wp:featuredmedia":[{"embeddable":true,"href":"https:\/\/www.europesays.com\/fr\/wp-json\/wp\/v2\/media\/571339"}],"wp:attachment":[{"href":"https:\/\/www.europesays.com\/fr\/wp-json\/wp\/v2\/media?parent=571338"}],"wp:term":[{"taxonomy":"category","embeddable":true,"href":"https:\/\/www.europesays.com\/fr\/wp-json\/wp\/v2\/categories?post=571338"},{"taxonomy":"post_tag","embeddable":true,"href":"https:\/\/www.europesays.com\/fr\/wp-json\/wp\/v2\/tags?post=571338"}],"curies":[{"name":"wp","href":"https:\/\/api.w.org\/{rel}","templated":true}]}}