{"id":571340,"date":"2025-12-01T17:03:11","date_gmt":"2025-12-01T17:03:11","guid":{"rendered":"https:\/\/www.europesays.com\/fr\/571340\/"},"modified":"2025-12-01T17:03:11","modified_gmt":"2025-12-01T17:03:11","slug":"il-se-dispute-avec-sa-petite-amie-influenceuse-elle-est-retrouvee-enterree-dans-une-valise-en-foret","status":"publish","type":"post","link":"https:\/\/www.europesays.com\/fr\/571340\/","title":{"rendered":"Il se dispute avec sa petite amie influenceuse, elle est retrouv\u00e9e enterr\u00e9e dans une valise en for\u00eat"},"content":{"rendered":"<p>\n                                                                    l&rsquo;essentiel<br \/>\n                                                                Port\u00e9e disparue depuis plusieurs jours, Stefanie Pieper une influenceuse autrichienne a finalement \u00e9t\u00e9 retrouv\u00e9e morte enterr\u00e9e dans une valise en Slov\u00e9nie. Son ex-petit ami a avou\u00e9 l\u2019avoir tu\u00e9e.\n                            <\/p>\n<p>Stefanie Pieper, une influenceuse autrichienne sp\u00e9cialis\u00e9e dans la mode et la beaut\u00e9, a \u00e9t\u00e9 retrouv\u00e9e morte dans une valise enterr\u00e9e dans une for\u00eat en Slov\u00e9nie apr\u00e8s que son ex-petit ami a avou\u00e9 l\u2019avoir tu\u00e9e, rapporte le quotidien autrichien <a href=\"https:\/\/www.krone.at\/3972951\" target=\"_self\" rel=\"noopener\">Kronen Zeitung<\/a>.<\/p>\n<p>\u00c2g\u00e9e de 32 ans, elle \u00e9tait port\u00e9e disparue depuis le dimanche 23\u00a0novembre dernier, apr\u00e8s \u00eatre rentr\u00e9e d\u2019une soir\u00e9e vers 7\u00a0heures du matin. Attendue pour un shooting photo, elle ne s\u2019\u00e9tait pas pr\u00e9sent\u00e9e\u00a0; inquiets, ses coll\u00e8gues avaient alors alert\u00e9 la police.<\/p>\n<p class=\"std-elt__inline\">\n        <strong>\u00c0 lire aussi :<\/strong><br \/>\n        <a href=\"https:\/\/www.ladepeche.fr\/2025\/10\/24\/il-etrangle-un-rottweiler-a-mains-nues-pour-se-defendre-le-chien-na-pas-survecu-13012815.php\" target=\"_blank\" rel=\"noopener\">Il \u00e9trangle un rottweiler \u00e0 mains nues pour se d\u00e9fendre\u00a0: le chien n\u2019a pas surv\u00e9cu<\/a>\n    <\/p>\n<p>Une vive dispute<\/p>\n<p>Les t\u00e9moignages du voisinage ont rapidement orient\u00e9 les enqu\u00eateurs. Vers 8\u00a0heures, une violente dispute aurait \u00e9clat\u00e9 dans l\u2019appartement de la jeune femme. Peu apr\u00e8s, son ex-compagnon, un Slov\u00e8ne de 31 ans, aurait \u00e9t\u00e9 aper\u00e7u quittant les lieux \u00ab\u00a0avec une sorte de b\u00e2che ou de tapis sur l\u2019\u00e9paule\u00a0\u00bb, selon plusieurs t\u00e9moins. Des images de vid\u00e9osurveillance l\u2019ont ensuite montr\u00e9 franchissant la fronti\u00e8re slov\u00e8ne en voiture, avant de revenir en Autriche quelques heures plus tard.<\/p>\n<p class=\"std-elt__inline\">\n        <strong>\u00c0 lire aussi :<\/strong><br \/>\n        <a href=\"https:\/\/www.ladepeche.fr\/2025\/09\/18\/il-setrangle-avec-les-cordons-dun-store-un-petit-garcon-de-2-ans-meurt-dans-un-tragique-accident-domestique-12938670.php\" target=\"_blank\" rel=\"noopener\">Il s\u2019\u00e9trangle avec les cordons d\u2019un store\u00a0: un petit gar\u00e7on de 2 ans meurt dans un tragique accident domestique<\/a>\n    <\/p>\n<p>Le suspect a \u00e9t\u00e9 interpell\u00e9 le lendemain matin sur le parking d\u2019un supermarch\u00e9 alors qu\u2019il tentait de mettre le feu \u00e0 son v\u00e9hicule. Plac\u00e9 en garde \u00e0 vue, cet homme d\u00e9j\u00e0 vis\u00e9 par un mandat d\u2019arr\u00eat europ\u00e9en a fini par avouer, apr\u00e8s plusieurs heures d\u2019interrogatoire, avoir \u00e9trangl\u00e9 son ex-petite amie pour une histoire de jalousie. Il aurait ensuite plac\u00e9\u00a0son corps dans une valise et l\u2019aurait transport\u00e9 sur la banquette arri\u00e8re de sa voiture avant de l\u2019enterrer dans une for\u00eat slov\u00e8ne.<\/p>\n<p class=\"std-elt__inline\">\n        <strong>\u00c0 lire aussi :<\/strong><br \/>\n        <a href=\"https:\/\/www.ladepeche.fr\/2025\/10\/02\/il-a-eu-du-mal-a-retrouver-sa-respiration-un-collegien-etrangle-par-un-eleve-dans-la-cour-de-letablissement-12964869.php\" target=\"_blank\" rel=\"noopener\">\u00ab\u00a0Il a eu du mal \u00e0 retrouver sa respiration\u00a0\u00bb\u00a0: un \u00e9l\u00e8ve victime du \u00ab\u00a0jeu de l\u2019\u00e9tranglement\u00a0\u00bb dans son coll\u00e8ge<\/a>\n    <\/p>\n<p>Coop\u00e9ratif avec les enqu\u00eateurs, il a conduit la police jusqu\u2019\u00e0 l\u2019endroit o\u00f9 se trouvait la d\u00e9pouille de la jeune femme. Il a \u00e9t\u00e9 incarc\u00e9r\u00e9 \u00e0 la prison de Graz-Jakomini et encourt jusqu\u2019\u00e0 vingt ans de r\u00e9clusion, voire la perp\u00e9tuit\u00e9.<\/p>\n","protected":false},"excerpt":{"rendered":"l&rsquo;essentiel Port\u00e9e disparue depuis plusieurs jours, Stefanie Pieper une influenceuse autrichienne a finalement \u00e9t\u00e9 retrouv\u00e9e morte enterr\u00e9e dans&hellip;\n","protected":false},"author":2,"featured_media":571341,"comment_status":"","ping_status":"","sticky":false,"template":"","format":"standard","meta":{"footnotes":""},"categories":[5],"tags":[11,1011,27,14,12,28],"class_list":{"0":"post-571340","1":"post","2":"type-post","3":"status-publish","4":"format-standard","5":"has-post-thumbnail","7":"category-international","8":"tag-actualites","9":"tag-fr","10":"tag-france","11":"tag-international","12":"tag-news","13":"tag-world"},"share_on_mastodon":{"url":"https:\/\/pubeurope.com\/@fr\/115645396085894139","error":""},"_links":{"self":[{"href":"https:\/\/www.europesays.com\/fr\/wp-json\/wp\/v2\/posts\/571340","targetHints":{"allow":["GET"]}}],"collection":[{"href":"https:\/\/www.europesays.com\/fr\/wp-json\/wp\/v2\/posts"}],"about":[{"href":"https:\/\/www.europesays.com\/fr\/wp-json\/wp\/v2\/types\/post"}],"author":[{"embeddable":true,"href":"https:\/\/www.europesays.com\/fr\/wp-json\/wp\/v2\/users\/2"}],"replies":[{"embeddable":true,"href":"https:\/\/www.europesays.com\/fr\/wp-json\/wp\/v2\/comments?post=571340"}],"version-history":[{"count":0,"href":"https:\/\/www.europesays.com\/fr\/wp-json\/wp\/v2\/posts\/571340\/revisions"}],"wp:featuredmedia":[{"embeddable":true,"href":"https:\/\/www.europesays.com\/fr\/wp-json\/wp\/v2\/media\/571341"}],"wp:attachment":[{"href":"https:\/\/www.europesays.com\/fr\/wp-json\/wp\/v2\/media?parent=571340"}],"wp:term":[{"taxonomy":"category","embeddable":true,"href":"https:\/\/www.europesays.com\/fr\/wp-json\/wp\/v2\/categories?post=571340"},{"taxonomy":"post_tag","embeddable":true,"href":"https:\/\/www.europesays.com\/fr\/wp-json\/wp\/v2\/tags?post=571340"}],"curies":[{"name":"wp","href":"https:\/\/api.w.org\/{rel}","templated":true}]}}