{"id":571342,"date":"2025-12-01T17:04:12","date_gmt":"2025-12-01T17:04:12","guid":{"rendered":"https:\/\/www.europesays.com\/fr\/571342\/"},"modified":"2025-12-01T17:04:12","modified_gmt":"2025-12-01T17:04:12","slug":"les-donnees-de-16-million-de-jeunes-susceptibles-detre-divulguees-apres-une-cyberattaque-annonce-france-travail","status":"publish","type":"post","link":"https:\/\/www.europesays.com\/fr\/571342\/","title":{"rendered":"Les donn\u00e9es de 1,6 million de jeunes \u00absusceptibles d\u2019\u00eatre divulgu\u00e9es\u00bb apr\u00e8s une cyberattaque, annonce France Travail"},"content":{"rendered":"<p>\n    L\u2019administration appelle les usagers \u00e0 la plus grande vigilance face aux risques d\u2019hame\u00e7onnage et d\u2019usurpation d\u2019identit\u00e9.<\/p>\n<p class=\"fig-paragraph\">Nouvelle attaque visant les services de l\u2019\u00c9tat. Ce lundi 1er d\u00e9cembre, les syst\u00e8mes informatiques de France Travail ont \u00e9t\u00e9 la cible d\u2019un acte de cybermalveillance ayant permis l\u2019acc\u00e8s ill\u00e9gal aux donn\u00e9es personnelles \u00abd\u2019environ 1,6 million de jeunes suivis par les\u00a0<a href=\"http:\/\/www.lefigaro.fr\/flash-eco\/insertion-des-jeunes-les-missions-locales-craignent-une-baisse-de-13-de-leurs-moyens-20251023\" data-fig-type=\"NewsFlash\" data-gtm-custom-categorie=\"navigation\" data-gtm-custom-action=\"crossclick\" data-gtm-custom-label=\"Contextuel\" data-gtm-event=\"customEventSPE\" data-fig-domain=\"LEFIGARO\" target=\"_blank\" rel=\"noopener\">Missions Locales<\/a> \u00bb.<\/p>\n<p class=\"fig-paragraph\">Les pirates ont exploit\u00e9 le compte compromis d\u2019un responsable pour cr\u00e9er de faux acc\u00e8s et consulter des informations sensibles, comme l\u2019\u00e9tat civil, le num\u00e9ro de s\u00e9curit\u00e9 sociale et les coordonn\u00e9es de contact d\u2019inscrits. France Travail assure qu\u2019aucun mot de passe ni donn\u00e9e bancaire n\u2019a \u00e9t\u00e9 d\u00e9rob\u00e9.<\/p>\n<p>                                            <a class=\"fig-a11y-skip\" href=\"#fig-a11y-skip-main-inarticle\" data-module=\"a11y-skip\" data-context=\"was @visible\"><br \/>\n    Passer la publicit\u00e9<br \/>\n<\/a>            <\/p>\n<p class=\"fig-paragraph\">Dans un communiqu\u00e9 publi\u00e9 ce lundi 1er d\u00e9cembre, l\u2019institution s\u2019engage \u00e0 pr\u00e9venir les personnes concern\u00e9es et recommande d\u00e8s maintenant \u00e0 ces utilisateurs \u00abde faire preuve de la plus grande vigilance face aux tentatives d\u2019hame\u00e7onnage (mails ou appels frauduleux) ou d\u2019usurpation d\u2019identit\u00e9 et de ne jamais communiquer leur mot de passe ou leurs coordonn\u00e9es bancaires par t\u00e9l\u00e9phone ou par mail\u00bb.<\/p>\n<p class=\"fig-paragraph\">Le 8 mars 2024, France Travail avait d\u00e9j\u00e0 subi une fuite d\u2019ampleur. 43 millions d\u2019usagers avaient vu leurs donn\u00e9es exfiltr\u00e9es. \u00c0 l\u2019\u00e9poque, les pirates avaient usurp\u00e9 le compte d\u2019un agent de Cap emploi, l\u2019organisme qui accompagne les personnes handicap\u00e9es dans la recherche d\u2019un travail. L\u2019intrusion avait alors dur\u00e9 pr\u00e8s d\u2019un mois avant que les acc\u00e8s ne soient coup\u00e9s par France Travail.<\/p>\n","protected":false},"excerpt":{"rendered":"L\u2019administration appelle les usagers \u00e0 la plus grande vigilance face aux risques d\u2019hame\u00e7onnage et d\u2019usurpation d\u2019identit\u00e9. Nouvelle attaque&hellip;\n","protected":false},"author":2,"featured_media":571343,"comment_status":"","ping_status":"","sticky":false,"template":"","format":"standard","meta":{"footnotes":""},"categories":[4],"tags":[11,2481,1011,27,530,12,25],"class_list":{"0":"post-571342","1":"post","2":"type-post","3":"status-publish","4":"format-standard","5":"has-post-thumbnail","7":"category-france","8":"tag-actualites","9":"tag-cyberattaque","10":"tag-fr","11":"tag-france","12":"tag-france-travail","13":"tag-news","14":"tag-republique-francaise"},"share_on_mastodon":{"url":"https:\/\/pubeurope.com\/@fr\/115645400080266673","error":""},"_links":{"self":[{"href":"https:\/\/www.europesays.com\/fr\/wp-json\/wp\/v2\/posts\/571342","targetHints":{"allow":["GET"]}}],"collection":[{"href":"https:\/\/www.europesays.com\/fr\/wp-json\/wp\/v2\/posts"}],"about":[{"href":"https:\/\/www.europesays.com\/fr\/wp-json\/wp\/v2\/types\/post"}],"author":[{"embeddable":true,"href":"https:\/\/www.europesays.com\/fr\/wp-json\/wp\/v2\/users\/2"}],"replies":[{"embeddable":true,"href":"https:\/\/www.europesays.com\/fr\/wp-json\/wp\/v2\/comments?post=571342"}],"version-history":[{"count":0,"href":"https:\/\/www.europesays.com\/fr\/wp-json\/wp\/v2\/posts\/571342\/revisions"}],"wp:featuredmedia":[{"embeddable":true,"href":"https:\/\/www.europesays.com\/fr\/wp-json\/wp\/v2\/media\/571343"}],"wp:attachment":[{"href":"https:\/\/www.europesays.com\/fr\/wp-json\/wp\/v2\/media?parent=571342"}],"wp:term":[{"taxonomy":"category","embeddable":true,"href":"https:\/\/www.europesays.com\/fr\/wp-json\/wp\/v2\/categories?post=571342"},{"taxonomy":"post_tag","embeddable":true,"href":"https:\/\/www.europesays.com\/fr\/wp-json\/wp\/v2\/tags?post=571342"}],"curies":[{"name":"wp","href":"https:\/\/api.w.org\/{rel}","templated":true}]}}