{"id":571352,"date":"2025-12-01T17:10:22","date_gmt":"2025-12-01T17:10:22","guid":{"rendered":"https:\/\/www.europesays.com\/fr\/571352\/"},"modified":"2025-12-01T17:10:22","modified_gmt":"2025-12-01T17:10:22","slug":"cetait-des-jeunes-adorables-gentils-et-investis-pour-les-autres","status":"publish","type":"post","link":"https:\/\/www.europesays.com\/fr\/571352\/","title":{"rendered":"C&rsquo;\u00e9tait des jeunes adorables, gentils et investis pour les autres"},"content":{"rendered":"<p>                    Par<br \/>\n        <strong><br \/>\n            <a href=\"https:\/\/actu.fr\/auteur\/pierre-emile-bouchy-actu-fr\" title=\"Consulter tous les articles de Paul-Emile Bouchy\" target=\"_blank\" rel=\"noopener\">Paul-Emile Bouchy<\/a><br \/>\n                    <\/strong><\/p>\n<p>        Publi\u00e9 le<\/p>\n<p>            1 d\u00e9c. 2025 \u00e0 17h45        <\/p>\n<p>Dans la nuit du samedi\u00a029 au dimanche 30\u00a0novembre, <a href=\"https:\/\/actu.fr\/grand-est\/neuves-maisons_54397\/terrible-incendie-pres-de-nancy-au-moins-quatre-morts-dont-un-adolescent-et-deux-blesses_63508460.html\" target=\"_blank\" rel=\"noopener\">un terrible incendie a eu lieu pr\u00e8s de Nancy<\/a>, \u00e0 <strong>Neuves-Maisons<\/strong> (<a href=\"https:\/\/actu.fr\/grand-est\/meurthe-et-moselle_54\" target=\"_blank\" rel=\"noopener\">Meurthe-et-Moselle<\/a>).<\/p>\n<p class=\" wall-content\">Il a fait <strong>cinq victimes\u2009: un p\u00e8re et une m\u00e8re de 59 et 60 ans, leur fils (Diego, \u00e2g\u00e9 de 16 ans) et deux amis \u00e0 lui (Alonzo et Morgane, \u00e2g\u00e9s de 16 et 20 ans)<\/strong>. Le fils a\u00een\u00e9 de la famille, \u00e2g\u00e9 de 22 ans, a pu s\u2019\u00e9chapper par le toit de l\u2019immeuble et a donn\u00e9 l\u2019alerte, a indiqu\u00e9 la pr\u00e9fecture.<\/p>\n<p class=\" wall-content\">Ce lundi, au lendemain du drame, l\u2019\u00e9motion est vive dans le centre-ville de la commune o\u00f9 les habitants viennent se recueillir. Plusieurs d\u2019entre eux connaissaient les victimes et leur rendent hommage.<\/p>\n<p>Des jeunes \u00ab\u2009serviables et tr\u00e8s gentils\u2009\u00bb<\/p>\n<p class=\" wall-content\">\u00c0 l\u2019angle de la mairie, non loin du lieu du drame, <strong>un espace de recueillement<\/strong> a \u00e9t\u00e9 install\u00e9. Les habitants viennent tour \u00e0 tour y d\u00e9poser des fleurs, des mots, des bougies ou simplement se recueillir.<\/p>\n<p class=\" wall-content\">\u00ab\u2009C\u2019\u00e9taient des amis de mon fils. <strong>C\u2019\u00e9taient des jeunes serviables, gentils et investis pour les autres<\/strong>\u2009\u00bb, nous raconte une maman, tr\u00e8s \u00e9mue pour parler des jeunes victimes.<\/p>\n<p class=\" wall-content\">Rose et Cl\u00e9a sont aussi venues ce midi. \u00ab\u2009Alonzo \u00e9tait un ami de mon copain. <strong>Ils aimaient bien tra\u00eener et jouer ensemble avec Diego aux jeux vid\u00e9o<\/strong>, comme <strong>Fortnite\u2009<\/strong>\u00bb, explique l\u2019une d\u2019elles.<\/p>\n<p>Investis au sein de la mission locale<\/p>\n<p class=\" wall-content\">Contact\u00e9e par t\u00e9l\u00e9phone, L\u00e9a* connaissait bien les deux gar\u00e7ons et Morgane, la cousine d\u2019Alonzo. \u00ab\u2009Diego, je l\u2019avais vu la semaine derni\u00e8re. C\u2019\u00e9tait <strong>un gar\u00e7on adorable<\/strong> qui aimait aider les autres. <strong>Plut\u00f4t dr\u00f4le, il racontait souvent des blagues<\/strong> quand je le voyais \u00e0 la mission locale. Je croisais aussi ses parents qui aimaient beaucoup parler et faire de nouvelles rencontres\u2009\u00bb, d\u00e9clare-t-elle.<\/p>\n<p>Votre r\u00e9gion, votre actu !<\/p>\n<p>Recevez chaque jour les infos qui comptent pour vous.<\/p>\n<p>\t<a href=\"https:\/\/actu.fr\/newsletter\" class=\"ac-btn ac-btn--corner ac-btn--medium ac-btn--blue800\" target=\"_blank\" rel=\"noopener\">S&rsquo;incrire<\/a><\/p>\n<p class=\" wall-content\">\u00ab\u2009J\u2019ai rencontr\u00e9 Morgane \u00e0 la mission locale o\u00f9 elle m\u2019avait aid\u00e9e pour trouver un stage. C\u2019\u00e9tait <strong>une fille souriante et toujours joyeuse<\/strong>. Son cousin Alonzo \u00e9tait aussi quelqu\u2019un de gentil que j\u2019apercevais de temps en temps\u2009\u00bb, ajoute L\u00e9a.<\/p>\n<p>    <img   decoding=\"async\" loading=\"lazy\" src=\"https:\/\/www.europesays.com\/fr\/wp-content\/uploads\/2025\/12\/incendie-neuves-maisons-960x640.jpg\" alt=\"Men\u00e9e par la gendarmerie, une enqu\u00eate a \u00e9t\u00e9 ouverte pour conna\u00eetre les circonstances de l'incendie.\" width=\"960\" height=\"640\"\/><br \/>\n    Men\u00e9e par la gendarmerie, une enqu\u00eate a \u00e9t\u00e9 ouverte pour conna\u00eetre les circonstances de l\u2019incendie. (\u00a9Paul-Emile Bouchy \/ Lorraine Actu)L\u2019enqu\u00eate de la gendarmerie en cours<\/p>\n<p class=\" wall-content\">L\u2019habitation situ\u00e9e entre la mairie et l\u2019\u00e9glise est marqu\u00e9e par le violent incendie. \u00c0 travers la porte d\u2019entr\u00e9e ouverte, les passants peuvent apercevoir le couloir ravag\u00e9 par les flammes.<\/p>\n<p class=\" wall-content\">Sur place, la <strong>gendarmerie<\/strong> s\u2019active toujours pour recueillir des \u00e9l\u00e9ments et faire avancer l\u2019enqu\u00eate qui a \u00e9t\u00e9 ouverte.<\/p>\n<p class=\" wall-content\">Pour le moment, les circonstances de l\u2019<a href=\"https:\/\/actu.fr\/tag\/incendie\" target=\"_blank\" rel=\"noopener\">incendie<\/a> demeurent inconnues.<\/p>\n<p class=\" wall-content\">*Le pr\u00e9nom a \u00e9t\u00e9 modifi\u00e9.<\/p>\n<p class=\" wall-content\">Personnalisez votre actualit\u00e9 en ajoutant vos villes et m\u00e9dias en favori avec <a href=\"https:\/\/moncompte.actu.fr\" title=\"D\u00e9couvez Mon Actu\" rel=\"nofollow noopener\" data-trk=\"{&quot;cta&quot;:{&quot;action&quot;:&quot;https:\\\/\\\/moncompte.actu.fr&quot;,&quot;category&quot;:&quot;mon compte&quot;,&quot;from&quot;:&quot;article footer&quot;,&quot;name&quot;:&quot;Mon actu&quot;,&quot;type&quot;:&quot;cta&quot;}}\" target=\"_blank\">Mon Actu<\/a>.<\/p>\n","protected":false},"excerpt":{"rendered":"Par Paul-Emile Bouchy Publi\u00e9 le 1 d\u00e9c. 2025 \u00e0 17h45 Dans la nuit du samedi\u00a029 au dimanche 30\u00a0novembre,&hellip;\n","protected":false},"author":2,"featured_media":571353,"comment_status":"","ping_status":"","sticky":false,"template":"","format":"standard","meta":{"footnotes":""},"categories":[9635],"tags":[1111,11,1777,674,118,1011,27,3381,775,1310,1702,12,25],"class_list":{"0":"post-571352","1":"post","2":"type-post","3":"status-publish","4":"format-standard","5":"has-post-thumbnail","7":"category-nancy","8":"tag-actu","9":"tag-actualites","10":"tag-eu","11":"tag-europe","12":"tag-faits-divers","13":"tag-fr","14":"tag-france","15":"tag-gendarmerie","16":"tag-grand-est","17":"tag-incendie","18":"tag-nancy","19":"tag-news","20":"tag-republique-francaise"},"share_on_mastodon":{"url":"https:\/\/pubeurope.com\/@fr\/115645424780771592","error":""},"_links":{"self":[{"href":"https:\/\/www.europesays.com\/fr\/wp-json\/wp\/v2\/posts\/571352","targetHints":{"allow":["GET"]}}],"collection":[{"href":"https:\/\/www.europesays.com\/fr\/wp-json\/wp\/v2\/posts"}],"about":[{"href":"https:\/\/www.europesays.com\/fr\/wp-json\/wp\/v2\/types\/post"}],"author":[{"embeddable":true,"href":"https:\/\/www.europesays.com\/fr\/wp-json\/wp\/v2\/users\/2"}],"replies":[{"embeddable":true,"href":"https:\/\/www.europesays.com\/fr\/wp-json\/wp\/v2\/comments?post=571352"}],"version-history":[{"count":0,"href":"https:\/\/www.europesays.com\/fr\/wp-json\/wp\/v2\/posts\/571352\/revisions"}],"wp:featuredmedia":[{"embeddable":true,"href":"https:\/\/www.europesays.com\/fr\/wp-json\/wp\/v2\/media\/571353"}],"wp:attachment":[{"href":"https:\/\/www.europesays.com\/fr\/wp-json\/wp\/v2\/media?parent=571352"}],"wp:term":[{"taxonomy":"category","embeddable":true,"href":"https:\/\/www.europesays.com\/fr\/wp-json\/wp\/v2\/categories?post=571352"},{"taxonomy":"post_tag","embeddable":true,"href":"https:\/\/www.europesays.com\/fr\/wp-json\/wp\/v2\/tags?post=571352"}],"curies":[{"name":"wp","href":"https:\/\/api.w.org\/{rel}","templated":true}]}}