{"id":571354,"date":"2025-12-01T17:11:14","date_gmt":"2025-12-01T17:11:14","guid":{"rendered":"https:\/\/www.europesays.com\/fr\/571354\/"},"modified":"2025-12-01T17:11:14","modified_gmt":"2025-12-01T17:11:14","slug":"un-quinquagenaire-interpelle-a-toulon-pour-une-serie-de-vols-de-cameras-de-recul-sur-des-voitures","status":"publish","type":"post","link":"https:\/\/www.europesays.com\/fr\/571354\/","title":{"rendered":"Un quinquag\u00e9naire interpell\u00e9 \u00e0 Toulon pour une s\u00e9rie de vols de cam\u00e9ras de recul sur des voitures"},"content":{"rendered":"<p class=\"fs-5 \"><strong>Un homme \u00e2g\u00e9 d\u2019une cinquantaine d\u2019ann\u00e9es a \u00e9t\u00e9 interpell\u00e9<\/strong> le mercredi 26 novembre \u00e0 Toulon dans le cadre d\u2019une enqu\u00eate sur une s\u00e9rie de vols de cam\u00e9ras de recul dans l\u2019agglom\u00e9ration, a-t-on appris ce lundi de source polici\u00e8re. <strong>Dix-huit faits sont formellement imput\u00e9s \u00e0 cet individu<\/strong> qui fera l\u2019objet d\u2019une comparution sur reconnaissance pr\u00e9alable de culpabilit\u00e9.<\/p>\n<p class=\"fs-5 \">La brigade des atteintes aux biens de la police nationale s\u2019\u00e9tait saisie des investigations apr\u00e8s avoir constat\u00e9 depuis l\u2019\u00e9t\u00e9 dernier \u00ab\u00a0une nette recrudescence\u00a0\u00bb des vols de ce type d\u2019\u00e9quipement <strong>sur des voitures de la marque Renault (Captur, Clio et Megane).<\/strong><\/p>\n<p class=\"fs-5 \">Les v\u00e9hicules d\u00e9lest\u00e9s de leur cam\u00e9ra de recul \u00e9taient stationn\u00e9s <strong>sur des parkings dans les quartiers toulonnais de Port-Marchand, La Mitre (Tour Royale), Le Mourillon mais aussi du c\u00f4t\u00e9 de la Place d\u2019Armes. Des vols ont \u00e9galement \u00e9t\u00e9 signal\u00e9s \u00e0 La Garde et \u00e0 Ollioules.<\/strong><\/p>\n<p>                                                                                Un butin \u00e9coul\u00e9 aux puces d\u2019Hy\u00e8res<\/p>\n<p class=\"fs-5 \">Les enqu\u00eateurs se sont alors rapidement aper\u00e7us que la plupart des faits \u00e9taient commis par un m\u00eame homme, <strong>confondu par des \u00e9l\u00e9ments de vid\u00e9osurveillance et de t\u00e9l\u00e9phonie<\/strong>.<\/p>\n<p class=\"fs-5 \">Le malfaiteur effectuait des rep\u00e9rages \u00e0 bord d\u2019une camionnette blanche qu\u2019il stationnait \u00e0 proximit\u00e9 des v\u00e9hicules cibl\u00e9s. <strong>Il utilisait un simple tournevis pour retirer rapidement les dispositifs optiques.<\/strong><\/p>\n<p class=\"fs-5 \">Pr\u00e9sent\u00e9 comme un homme \u00ab\u00a0<strong>d\u00e9s\u0153uvr\u00e9\u00a0<\/strong>\u00bb, le mis en cause a reconnu qu\u2019il volait une \u00e0 quatre cam\u00e9ras par semaine pour <strong>les revendre entre 5 et 18 \u20ac pi\u00e8ce<\/strong> sur le march\u00e9 aux puces d\u2019Hy\u00e8res.<\/p>\n<p>                                                                                L\u2019hypoth\u00e8se d\u2019un second voleur en s\u00e9rie<\/p>\n<p class=\"fs-5 \">Le quinquag\u00e9naire a cependant \u00e9t\u00e9 disculp\u00e9 pour une s\u00e9rie de vols commis au mois d\u2019ao\u00fbt, \u00ab\u00a0au vu de sa pr\u00e9sence \u00e0 l\u2019\u00e9tranger \u00e0 ce moment-l\u00e0\u00a0\u00bb.<strong> De quoi envisager \u00ab\u00a0l\u2019existence d\u2019un complice [ou] celle d\u2019un second voleur en s\u00e9rie\u00a0\u00bb<\/strong>, pr\u00e9vient-on \u00e0 l\u2019h\u00f4tel de police.<\/p>\n<p class=\"fs-5 \">Et les forces de s\u00e9curit\u00e9 int\u00e9rieure de conseiller\u00a0: \u00ab<strong>\u00a0privil\u00e9giez les parkings \u00e9clair\u00e9s, fr\u00e9quent\u00e9s ou s\u00e9curis\u00e9s plut\u00f4t que des zones isol\u00e9es\u00a0\u00bb et \u00ab\u00a0garez votre v\u00e9hicule \u00e0 proximit\u00e9 d\u2019une cam\u00e9ra de vid\u00e9osurveillance\u00a0\u00bb.<\/strong><\/p>\n<p class=\"fs-5 \">Depuis le 1er janvier 2025, quelque 80 vols de cam\u00e9ras de recul ont \u00e9t\u00e9 recens\u00e9s par les services de la direction interd\u00e9partementale de la police nationale (DIPN) dans le Var. Aucune plainte n\u2019avait \u00e9t\u00e9 d\u00e9pos\u00e9e pour ce type de larcin en 2024.<\/p>\n","protected":false},"excerpt":{"rendered":"Un homme \u00e2g\u00e9 d\u2019une cinquantaine d\u2019ann\u00e9es a \u00e9t\u00e9 interpell\u00e9 le mercredi 26 novembre \u00e0 Toulon dans le cadre&hellip;\n","protected":false},"author":2,"featured_media":571355,"comment_status":"","ping_status":"","sticky":false,"template":"","format":"standard","meta":{"footnotes":""},"categories":[9619],"tags":[1111,11,1777,674,1011,27,12,882,25,2310],"class_list":{"0":"post-571354","1":"post","2":"type-post","3":"status-publish","4":"format-standard","5":"has-post-thumbnail","7":"category-toulon","8":"tag-actu","9":"tag-actualites","10":"tag-eu","11":"tag-europe","12":"tag-fr","13":"tag-france","14":"tag-news","15":"tag-provence-alpes-cote-dazur","16":"tag-republique-francaise","17":"tag-toulon"},"share_on_mastodon":{"url":"https:\/\/pubeurope.com\/@fr\/115645427565527327","error":""},"_links":{"self":[{"href":"https:\/\/www.europesays.com\/fr\/wp-json\/wp\/v2\/posts\/571354","targetHints":{"allow":["GET"]}}],"collection":[{"href":"https:\/\/www.europesays.com\/fr\/wp-json\/wp\/v2\/posts"}],"about":[{"href":"https:\/\/www.europesays.com\/fr\/wp-json\/wp\/v2\/types\/post"}],"author":[{"embeddable":true,"href":"https:\/\/www.europesays.com\/fr\/wp-json\/wp\/v2\/users\/2"}],"replies":[{"embeddable":true,"href":"https:\/\/www.europesays.com\/fr\/wp-json\/wp\/v2\/comments?post=571354"}],"version-history":[{"count":0,"href":"https:\/\/www.europesays.com\/fr\/wp-json\/wp\/v2\/posts\/571354\/revisions"}],"wp:featuredmedia":[{"embeddable":true,"href":"https:\/\/www.europesays.com\/fr\/wp-json\/wp\/v2\/media\/571355"}],"wp:attachment":[{"href":"https:\/\/www.europesays.com\/fr\/wp-json\/wp\/v2\/media?parent=571354"}],"wp:term":[{"taxonomy":"category","embeddable":true,"href":"https:\/\/www.europesays.com\/fr\/wp-json\/wp\/v2\/categories?post=571354"},{"taxonomy":"post_tag","embeddable":true,"href":"https:\/\/www.europesays.com\/fr\/wp-json\/wp\/v2\/tags?post=571354"}],"curies":[{"name":"wp","href":"https:\/\/api.w.org\/{rel}","templated":true}]}}