{"id":571356,"date":"2025-12-01T17:12:13","date_gmt":"2025-12-01T17:12:13","guid":{"rendered":"https:\/\/www.europesays.com\/fr\/571356\/"},"modified":"2025-12-01T17:12:13","modified_gmt":"2025-12-01T17:12:13","slug":"le-fabricant-francais-de-coeurs-artificiels-carmat-va-poursuivre-son-activite","status":"publish","type":"post","link":"https:\/\/www.europesays.com\/fr\/571356\/","title":{"rendered":"Le fabricant fran\u00e7ais de c\u0153urs artificiels Carmat va poursuivre son activit\u00e9"},"content":{"rendered":"<p>Le fabricant et concepteur fran\u00e7ais de c\u0153urs artificiels Carmat a \u00e9t\u00e9 fix\u00e9 sur son sort. Il va pouvoir poursuivre son activit\u00e9, apr\u00e8s que la justice fran\u00e7aise <a href=\"https:\/\/rennes.maville.com\/actu\/actudet_-le-fabricateur-francais-de-coeur-artificiel-carmat-sera-fixe-sur-son-sort-le-1er-decembre-_54135-7080045_actu.Htm\" target=\"_self\" rel=\"noopener\">a accept\u00e9 ce lundi 1er\u00a0d\u00e9cembre 2025<\/a> la seule offre de reprise en lice, a indiqu\u00e9 l\u2019Agence France-Presse (AFP).<\/p>\n<p>Le tribunal de Versailles a retenu l\u2019offre d\u00e9pos\u00e9e par le pr\u00e9sident du conseil d\u2019administration Pierre Bastid et<strong> \u00ab\u00a0ordonne la cession de la SA Carmat au profit de la SAS Carmat\u00a0\u00bb,<\/strong> nouvelle entit\u00e9 qui prendra la suite de l\u2019activit\u00e9, selon la d\u00e9cision dont l\u2019AFP a obtenu copie. <strong>\u00ab\u00a0Ce seront 39\u00a0salari\u00e9s qui seront licenci\u00e9s pour motif \u00e9conomique\u00a0\u00bb,<\/strong> l\u2019offre de reprise portant sur 88\u00a0des 127\u00a0salari\u00e9s d\u00e9but d\u00e9cembre, pr\u00e9cise le texte.<\/p>\n<p>Plusieurs rebondissements cet \u00e9t\u00e9<\/p>\n<p><a href=\"https:\/\/paris.maville.com\/actu\/actudet_-recit.-prouesse-francaise-pourquoi-le-coeur-artificiel-de-carmat-pourrait-cesser-de-battre-ce-mardi-_53511-7019434_actu.Htm\" target=\"_self\" rel=\"noopener\">Le dossier du fabricant de c\u0153urs artificiels<\/a> pour des patients en attente d\u2019une transplantation cardiaque, <a href=\"https:\/\/rennes.maville.com\/actu\/actudet_-la-societe-carmat-a-l-origine-du-coeur-artificiel-au-bord-de-la-cessation-de-paiement-_54135-6863972_actu.Htm\" target=\"_self\" rel=\"noopener\">en grande difficult\u00e9 financi\u00e8re<\/a>, avait connu depuis cet \u00e9t\u00e9 plusieurs rebondissements. Une pr\u00e9c\u00e9dente offre de reprise avait \u00e9t\u00e9 \u00e9cart\u00e9e par la justice en septembre faute de financements suffisants.<\/p>\n<p>Mi-octobre, le tribunal avait accord\u00e9 un d\u00e9lai suppl\u00e9mentaire dans le cadre de la poursuite du redressement judiciaire et Pierre Bastid, actionnaire \u00e0 hauteur de 17\u00a0% de Carmat, avait \u00e9t\u00e9 le seul \u00e0 d\u00e9poser une nouvelle offre, associ\u00e9 \u00e0 la holding de la famille Ligresti, Sant\u00e9 Holding, autre actionnaire historique de Carmat.<\/p>\n<p>Ce nouveau plan passe par le rachat des actifs de la soci\u00e9t\u00e9 puis la cr\u00e9ation de la nouvelle structure priv\u00e9e baptis\u00e9e Carmat SAS, financ\u00e9e \u00e0 parts \u00e9gales entre ces repreneurs li\u00e9s par un pacte d\u2019actionnaires.<\/p>\n<p><a href=\"https:\/\/paris.maville.com\/actu\/actudet_-carmat-des-milliardaires-pourraient-ils-sauver-ce-fleuron-francais-et-son-coeur-artificiel-_53511-7040317_actu.Htm\" target=\"_self\" rel=\"noopener\">L\u2019entreprise cr\u00e9\u00e9e en 2008<\/a>, dont le nom combine celui de son inventeur m\u00e9dical Alain Carpentier, chirurgien cardiaque, et de l\u2019entreprise Matra Defense, est l\u2019une des rares soci\u00e9t\u00e9s au monde \u00e0 d\u00e9velopper un c\u0153ur artificiel entier.<\/p>\n<p>\u00a0<\/p>\n","protected":false},"excerpt":{"rendered":"Le fabricant et concepteur fran\u00e7ais de c\u0153urs artificiels Carmat a \u00e9t\u00e9 fix\u00e9 sur son sort. Il va pouvoir&hellip;\n","protected":false},"author":2,"featured_media":571357,"comment_status":"","ping_status":"","sticky":false,"template":"","format":"standard","meta":{"footnotes":""},"categories":[9619],"tags":[12408,1111,11,68638,46870,1777,674,59171,1011,3844,27,12,44734,882,25,2310,9369],"class_list":{"0":"post-571356","1":"post","2":"type-post","3":"status-publish","4":"format-standard","5":"has-post-thumbnail","7":"category-toulon","8":"tag-activite","9":"tag-actu","10":"tag-actualites","11":"tag-artificiels","12":"tag-carmat","13":"tag-eu","14":"tag-europe","15":"tag-fabricant","16":"tag-fr","17":"tag-francais","18":"tag-france","19":"tag-news","20":"tag-poursuivre","21":"tag-provence-alpes-cote-dazur","22":"tag-republique-francaise","23":"tag-toulon","24":"tag-urs"},"share_on_mastodon":{"url":"https:\/\/pubeurope.com\/@fr\/115645431459910966","error":""},"_links":{"self":[{"href":"https:\/\/www.europesays.com\/fr\/wp-json\/wp\/v2\/posts\/571356","targetHints":{"allow":["GET"]}}],"collection":[{"href":"https:\/\/www.europesays.com\/fr\/wp-json\/wp\/v2\/posts"}],"about":[{"href":"https:\/\/www.europesays.com\/fr\/wp-json\/wp\/v2\/types\/post"}],"author":[{"embeddable":true,"href":"https:\/\/www.europesays.com\/fr\/wp-json\/wp\/v2\/users\/2"}],"replies":[{"embeddable":true,"href":"https:\/\/www.europesays.com\/fr\/wp-json\/wp\/v2\/comments?post=571356"}],"version-history":[{"count":0,"href":"https:\/\/www.europesays.com\/fr\/wp-json\/wp\/v2\/posts\/571356\/revisions"}],"wp:featuredmedia":[{"embeddable":true,"href":"https:\/\/www.europesays.com\/fr\/wp-json\/wp\/v2\/media\/571357"}],"wp:attachment":[{"href":"https:\/\/www.europesays.com\/fr\/wp-json\/wp\/v2\/media?parent=571356"}],"wp:term":[{"taxonomy":"category","embeddable":true,"href":"https:\/\/www.europesays.com\/fr\/wp-json\/wp\/v2\/categories?post=571356"},{"taxonomy":"post_tag","embeddable":true,"href":"https:\/\/www.europesays.com\/fr\/wp-json\/wp\/v2\/tags?post=571356"}],"curies":[{"name":"wp","href":"https:\/\/api.w.org\/{rel}","templated":true}]}}