{"id":571362,"date":"2025-12-01T17:15:17","date_gmt":"2025-12-01T17:15:17","guid":{"rendered":"https:\/\/www.europesays.com\/fr\/571362\/"},"modified":"2025-12-01T17:15:17","modified_gmt":"2025-12-01T17:15:17","slug":"un-travail-meconnu-pour-la-sante-mentale","status":"publish","type":"post","link":"https:\/\/www.europesays.com\/fr\/571362\/","title":{"rendered":"un travail m\u00e9connu pour la sant\u00e9 mentale"},"content":{"rendered":"<p>                    Par<br \/>\n        <strong><br \/>\n            <a href=\"https:\/\/actu.fr\/auteur\/lily-dedeye\" title=\"Consulter tous les articles de Lily Dedeye\" target=\"_blank\" rel=\"noopener\">Lily Dedeye<\/a><br \/>\n                    <\/strong><\/p>\n<p>        Publi\u00e9 le<\/p>\n<p>            1 d\u00e9c. 2025 \u00e0 18h08        <\/p>\n<p>Flora et L\u00e9ana ont un poste m\u00e9connu : <strong>elles sont psychologues de rue<\/strong>. Elles n\u2019exercent donc pas en lib\u00e9ral derri\u00e8re un bureau, mais sont employ\u00e9es par l\u2019association de pr\u00e9vention sp\u00e9cialis\u00e9e Rebond 3A et interviennent principalement<strong> dans les quartiers prioritaires<\/strong> en p\u00e9riph\u00e9rie <a href=\"https:\/\/actu.fr\/76actu\/\" target=\"_blank\" rel=\"noopener\">de Rouen<\/a>. \u00ab\u00a0Il y a des probl\u00e9matiques et des difficult\u00e9s familiales dans ces quartiers. On essaie d\u2019arriver avant que tout cela ne vienne poser des probl\u00e8mes du c\u00f4t\u00e9 de la violence\u00a0\u00bb, dit L\u00e9ana.<\/p>\n<p>Pourquoi des psychologues de rue ?<\/p>\n<p class=\" wall-content\">L\u2019association Rebond 3A est n\u00e9e il y a trois ans. \u00ab\u00a0\u00c0 l\u2019origine, nous \u00e9tions trois petites structures ind\u00e9pendantes de pr\u00e9vention sp\u00e9cialis\u00e9e : l\u2019Aspic \u00e0 Saint-\u00c9tienne-du-Rouvray, l\u2019Afpac \u00e0 Canteleu, et l\u2019Aper \u00e0 Darnetal. Nous travaillions sur le terrain, par le biais d\u2019\u00e9ducateurs de rue. Et nous nous sommes rapidement rendus compte que <strong>la sant\u00e9 mentale des jeunes \u00e9tait laiss\u00e9e de c\u00f4t\u00e9.<\/strong> Alors on a d\u00e9cid\u00e9 de fusionner pour avoir les fonds pour financer la cr\u00e9ation d\u2019un poste de psychologue, raconte Agn\u00e8s Desanges, la pr\u00e9sidente. C\u2019est comme cela que Rebond 3A est n\u00e9e.\u00a0\u00bb<\/p>\n<p class=\" wall-content\">En 2022, un poste de psychologue de rue est ouvert et Claire Haem est la premi\u00e8re recrut\u00e9e. \u00ab\u00a0L\u2019id\u00e9e est venue d\u2019une conf\u00e9rence \u00e0 laquelle on a assist\u00e9. Une association en Corse avait cr\u00e9\u00e9 ce poste de psychologue de rue pour faciliter l\u2019acc\u00e8s aux jeunes \u00e0 un accompagnement psychologique. On a d\u00e9cid\u00e9 de faire la m\u00eame chose\u00a0\u00bb,\u00a0 poursuit Agn\u00e8s Desanges.<\/p>\n<p class=\" wall-content\">Claire reste deux ans puis c\u2019est Flora qui reprend le flambeau en septembre 2024. \u00ab\u00a0\u00c0 la base j\u2019avais un temps plein, je m\u2019occupais des trois secteurs Saint-\u00c9tienne-du-Rouvray, Darn\u00e9tal et Canteleu mais c\u2019\u00e9tait trop de charge mentale.\u00a0\u00bb Pour faciliter le quotidien de la psychologue, Rebond 3A d\u00e9cide de s\u00e9parer le poste en deux et Flora est recrut\u00e9e en soutien en septembre 2025. \u00ab\u00a0Aujourd\u2019hui on se partage le poste, raconte Flora. Je suis \u00e0 60% sur Darn\u00e9tal et Saint-\u00c9tienne-du-Rouvray et L\u00e9ana \u00e0 30% sur Canteleu.\u00a0\u00bb<\/p>\n<p>Un m\u00e9tier de terrain<\/p>\n<p class=\" wall-content\">Le m\u00e9tier de psychologue de rue est bien diff\u00e9rent du psychologue en lib\u00e9ral. Quotidiennement, les deux coll\u00e8gues se d\u00e9placent sur le terrain et vont rencontrer les jeunes. \u00ab\u00a0Cela nous arrive d\u2019exercer au cabinet mais g\u00e9n\u00e9ralement on est sur le terrain. On va au contact des jeunes et on essaie de rep\u00e9rer ceux qui pourraient \u00eatre dans des situations difficiles\u00a0\u00bb, d\u00e9crit L\u00e9ana. \u00ab\u00a0On s\u2019appuie \u00e9galement beaucoup sur nos coll\u00e8gues \u00e9ducateurs\u00a0\u00bb, compl\u00e8te Flora. \u00ab\u00a0Ils travaillent beaucoup avec les jeunes, dans les \u00e9coles, ce sont parfois eux qui nous donnent l\u2019alerte.\u00a0\u00bb\u00a0<\/p>\n<blockquote class=\"ac-article-quote wall-content\">\n<p>On est l\u00e0 en soutien, le suivi psychologique repose sur de la libre adh\u00e9sion. S&rsquo;ils ne veulent pas de notre aide on n&rsquo;a pas le droit de les obliger.<\/p>\n<p>    <strong>L\u00e9ana Durand<\/strong><br \/>\n        Psychologue de rue    <\/p><\/blockquote>\n<p>Un long travail pour gagner la confiance<\/p>\n<p class=\" wall-content\">Ensuite c\u2019est un long travail qui commence car la confiance des jeunes n\u2019est pas facile \u00e0 gagner. \u00ab\u00a0Quand on arrive et qu\u2019on se pr\u00e9sente en tant que psy <strong>souvent ils nous rejettent<\/strong>. Ils nous disent des qu\u2019ils ne sont pas fous, qu\u2019ils n\u2019ont pas besoin de nous. Et c\u2019est l\u00e0 que tout le travail invisible commence. On va venir plusieurs fois, prendre le bus avec eux, jouer au ping pong pour cr\u00e9er du lien\u00a0\u00bb, relate L\u00e9ana. \u00ab\u00a0On va passer des moments informels<strong> pour que naisse une confiance entre nous.<\/strong> C\u2019est un travail qui se fait dans tous les espaces, sans m\u00eame que le jeune ne s\u2019en rende compte\u00a0\u00bb, poursuit Flora.<\/p>\n<p>Votre r\u00e9gion, votre actu !<\/p>\n<p>Recevez chaque jour les infos qui comptent pour vous.<\/p>\n<p>\t<a href=\"https:\/\/actu.fr\/newsletter\" class=\"ac-btn ac-btn--corner ac-btn--medium ac-btn--blue800\" target=\"_blank\" rel=\"noopener\">S&rsquo;incrire<\/a><\/p>\n<p class=\" wall-content\">Apr\u00e8s des dizaines de trajets de bus et des heures de parties de ping pong, le travail porte ses fruits et certains jeunes commencent \u00e0 se confier. \u00ab\u00a0Parfois on est dans le bus, et ils commencent \u00e0 nous raconter des choses. On discute et finalement ils se rendent compte que \u00e7a leur fait du bien et que ce n\u2019est pas si terrible une psy\u00a0\u00bb, se r\u00e9jouit L\u00e9ana. \u00ab\u00a0En g\u00e9n\u00e9ral, <strong>ils pr\u00e9f\u00e8rent quand c\u2019est plus informel<\/strong>, \u00e7a fait moins peur que d\u2019\u00eatre face \u00e0 face derri\u00e8re un bureau. Et ce sont des jeunes qui n\u2019ont pas forc\u00e9ment appris \u00e0 parler et se confier. Ils ont besoin de temps, il est important de respecter ce temps.\u00a0\u00bb<\/p>\n<blockquote class=\"ac-article-quote wall-content\">\n<p>Ils ne savent pas parler d&rsquo;eux. Mais parler de soi c&rsquo;est tr\u00e8s important pour aller mieux. Mettre des mots pour d\u00e9bloquer des choses.<\/p>\n<p>    <strong>Leana Durand<\/strong><br \/>\n        Psychologue de rue    <\/p><\/blockquote>\n<p>Une population vuln\u00e9rable<\/p>\n<p class=\" wall-content\">Une fois la glace bris\u00e9e, les psychologues peuvent entamer un suivi ou proposer un relai chez le psychiatre si jamais les probl\u00e9matiques sont trop lourdes. \u00ab\u00a0Ce sont des populations vuln\u00e9rables, <strong>qui vivent des drames<\/strong>. Tous les ans on a des cas d\u2019accidents de la route, des fusillades qui impactent la vie de quartier et le quotidien. C\u2019est pour cette raison que l\u2019accompagnement psychologique est important.\u00a0\u00bb<\/p>\n<p class=\" wall-content\">\u00ab\u00a0Souvent il y a du d\u00e9crochage scolaire suite \u00e0 ces drames. Et il n\u2019y a personne pour encourager le jeune. La pr\u00e9vention sp\u00e9cialis\u00e9e sert aussi \u00e0 cela. Leur rappeler qu\u2019ils ont de la valeur et qu\u2019ils peuvent y arriver\u00a0\u00bb, insiste L\u00e9ana.<\/p>\n<blockquote class=\"ac-article-quote wall-content\">\n<p>On ne vit pas la m\u00eame vie. On demande \u00e0 ces jeunes de suivre \u00e0 l&rsquo;\u00e9cole et d&rsquo;avoir un projet professionnel. Mais comment peux-tu \u00eatre sage quand tu ne sais pas ce que tu mangeras ce soir parce que ta m\u00e8re n&rsquo;a pas les moyens de payer le loyer ?\u00a0\n<\/p>\n<p>    <strong>L\u00e9ana Durand<\/strong><br \/>\n        Psychologue de rue    <\/p><\/blockquote>\n<p>Un travail qui porte ses fruits<\/p>\n<p class=\" wall-content\">M\u00eame si les r\u00e9sultats de leur travail n\u2019est pas toujours visible, L\u00e9ana, Flora et Agn\u00e8s sont persuad\u00e9es de leur impact positif sur les jeunes. \u00ab\u00a0On fait de la pr\u00e9vention donc on n\u2019a pas de preuves, de r\u00e9sultats concrets. Mais on sait qu\u2019on est utiles. Gr\u00e2ce \u00e0 notre suivi, de nombreux jeunes ont \u00e9vit\u00e9 la d\u00e9linquance et la prison par exemple\u00a0\u00bb, assure L\u00e9ana. \u00ab\u00a0Il y en a qu\u2019on suit un certain temps puis on les revoit plus. Et plusieurs ann\u00e9es apr\u00e8s quand on les revoit, ils nous disent qu\u2019ils se sont calm\u00e9s et \u00e7a nous fait plaisir\u00a0\u00bb, rel\u00e8ve Flora<\/p>\n<blockquote class=\"ac-article-quote wall-content\">\n<p>On est l\u00e0 pour rappeler \u00e0 la soci\u00e9t\u00e9 que lorsqu&rsquo;il y a de la violence, du deal, en g\u00e9n\u00e9ral ce n&rsquo;est pas de la m\u00e9chancet\u00e9, c&rsquo;est de la souffrance.<\/p>\n<p>    <strong>L\u00e9ana Durand<\/strong><br \/>\n        Psychologue de rue    <\/p><\/blockquote>\n<p class=\" wall-content\">Pour agir de fa\u00e7on encore plus cibl\u00e9e, l\u2019association aimerait <strong>embaucher des psychologues \u00e0 temps plein<\/strong> sur chaque secteur mais les financements ne sont pour le moment pas au rendez-vous.<\/p>\n<p>Suivez l\u2019actualit\u00e9 de Rouen <a href=\"https:\/\/www.whatsapp.com\/channel\/0029VaKfnf99hXF2ddApFB1D\" target=\"_blank\" rel=\"noopener\">sur notre cha\u00eene WhatsApp<\/a> et <a href=\"https:\/\/www.tiktok.com\/@76actu.fr?lang=fr\" target=\"_blank\" rel=\"noopener\">sur notre compte TikTok<\/a><\/p>\n<p class=\" wall-content\">Personnalisez votre actualit\u00e9 en ajoutant vos villes et m\u00e9dias en favori avec <a href=\"https:\/\/moncompte.actu.fr\" title=\"D\u00e9couvez Mon Actu\" rel=\"nofollow noopener\" data-trk=\"{&quot;cta&quot;:{&quot;action&quot;:&quot;https:\\\/\\\/moncompte.actu.fr&quot;,&quot;category&quot;:&quot;mon compte&quot;,&quot;from&quot;:&quot;article footer&quot;,&quot;name&quot;:&quot;Mon actu&quot;,&quot;type&quot;:&quot;cta&quot;}}\" target=\"_blank\">Mon Actu<\/a>.<\/p>\n<p>                    <script async src=\"\/\/www.tiktok.com\/embed.js\"><\/script><\/p>\n","protected":false},"excerpt":{"rendered":"Par Lily Dedeye Publi\u00e9 le 1 d\u00e9c. 2025 \u00e0 18h08 Flora et L\u00e9ana ont un poste m\u00e9connu :&hellip;\n","protected":false},"author":2,"featured_media":571363,"comment_status":"","ping_status":"","sticky":false,"template":"","format":"standard","meta":{"footnotes":""},"categories":[9587],"tags":[1111,11,1777,674,1011,27,1757,12,5161,25,9590,71,104],"class_list":{"0":"post-571362","1":"post","2":"type-post","3":"status-publish","4":"format-standard","5":"has-post-thumbnail","7":"category-rouen","8":"tag-actu","9":"tag-actualites","10":"tag-eu","11":"tag-europe","12":"tag-fr","13":"tag-france","14":"tag-insolite","15":"tag-news","16":"tag-normandie","17":"tag-republique-francaise","18":"tag-rouen","19":"tag-sante","20":"tag-societe"},"share_on_mastodon":{"url":"https:\/\/pubeurope.com\/@fr\/115645443161286479","error":""},"_links":{"self":[{"href":"https:\/\/www.europesays.com\/fr\/wp-json\/wp\/v2\/posts\/571362","targetHints":{"allow":["GET"]}}],"collection":[{"href":"https:\/\/www.europesays.com\/fr\/wp-json\/wp\/v2\/posts"}],"about":[{"href":"https:\/\/www.europesays.com\/fr\/wp-json\/wp\/v2\/types\/post"}],"author":[{"embeddable":true,"href":"https:\/\/www.europesays.com\/fr\/wp-json\/wp\/v2\/users\/2"}],"replies":[{"embeddable":true,"href":"https:\/\/www.europesays.com\/fr\/wp-json\/wp\/v2\/comments?post=571362"}],"version-history":[{"count":0,"href":"https:\/\/www.europesays.com\/fr\/wp-json\/wp\/v2\/posts\/571362\/revisions"}],"wp:featuredmedia":[{"embeddable":true,"href":"https:\/\/www.europesays.com\/fr\/wp-json\/wp\/v2\/media\/571363"}],"wp:attachment":[{"href":"https:\/\/www.europesays.com\/fr\/wp-json\/wp\/v2\/media?parent=571362"}],"wp:term":[{"taxonomy":"category","embeddable":true,"href":"https:\/\/www.europesays.com\/fr\/wp-json\/wp\/v2\/categories?post=571362"},{"taxonomy":"post_tag","embeddable":true,"href":"https:\/\/www.europesays.com\/fr\/wp-json\/wp\/v2\/tags?post=571362"}],"curies":[{"name":"wp","href":"https:\/\/api.w.org\/{rel}","templated":true}]}}