{"id":571366,"date":"2025-12-01T17:18:20","date_gmt":"2025-12-01T17:18:20","guid":{"rendered":"https:\/\/www.europesays.com\/fr\/571366\/"},"modified":"2025-12-01T17:18:20","modified_gmt":"2025-12-01T17:18:20","slug":"sante-le-groupe-hospitalier-mutualiste-de-grenoble-place-en-redressement-judiciaire","status":"publish","type":"post","link":"https:\/\/www.europesays.com\/fr\/571366\/","title":{"rendered":"Sant\u00e9. Le Groupe hospitalier mutualiste de Grenoble plac\u00e9 en redressement judiciaire"},"content":{"rendered":"<p>Le tribunal judiciaire de Grenoble a ordonn\u00e9, ce lundi 1er\u00a0d\u00e9cembre, le placement en redressement judiciaire de\u00a0de l\u2019Union mutualiste pour la gestion du Groupement hospitalier mutualiste de Grenoble (UMH-GHM), l\u2019\u00e9tablissement\u00a0de sant\u00e9 priv\u00e9 d\u2019int\u00e9r\u00eat collectif (Espic) qui g\u00e8re <a href=\"https:\/\/www.ledauphine.com\/d\/le-groupe-hospitalier-mutualiste-de-grenoble-dans-la-tourmente-e201a995-de01-43b4-b4a3-4a8cd7048c3b\" target=\"_blank\" rel=\"noopener\">la Clinique mutualiste grenobloise<\/a>.\u00a0Une d\u00e9cision qui fait suite \u00e0 la demande, <a href=\"https:\/\/www.ledauphine.com\/sante\/2025\/11\/21\/isere-grenoble-la-direction-de-la-mut-demande-son-placement-en-redressement-judiciaire\" target=\"_blank\" rel=\"noopener\">d\u00e9pos\u00e9e le 21\u00a0novembre dernier<\/a> , par la direction du GHM qui sollicitait le tribunal pour permettre \u201cd\u2019assurer, avec l\u2019ensemble de ses \u00e9quipes m\u00e9dicales, la continuit\u00e9 de ses services pour les patients\u201d.<\/p>\n<p>Le directeur g\u00e9n\u00e9ral de La Mut\u2019,\u00a0Patrick Bordessoule, pr\u00e9cisait dans un communiqu\u00e9 que \u201cbien qu\u2019ayant renou\u00e9 avec la croissance depuis la mise en place de sa nouvelle gouvernance en 2023 (le GHM a \u00e9t\u00e9 plac\u00e9 sous tutelle et le groupe Avec, qui l\u2019avait repris en 2020, \u00e9cart\u00e9 de sa gestion apr\u00e8s la mise en examen de son pr\u00e9sident <a href=\"https:\/\/www.ledauphine.com\/p\/bernard-bensaid\" target=\"_blank\" rel=\"noopener\">Bernard Bensaid<\/a>, NDLR), elle est confront\u00e9e \u00e0 un nouvel impr\u00e9vu dans le contexte complexe du financement des activit\u00e9s de sant\u00e9\u00a0: les r\u00e9formes de financement des Espic depuis avril\u00a02025 induisent une baisse de -30\u00a0% des dotations de soutien \u00e0 l\u2019activit\u00e9, ce qui a pes\u00e9 sur la tr\u00e9sorerie de l\u2019\u00e9tablissement\u201d.<\/p>\n<p>\u201cLa Clinique mutualiste va toujours assurer les soins des patients is\u00e9rois\u201d<\/p>\n<p>Une difficult\u00e9 suppl\u00e9mentaire venue s\u2019ajouter \u00e0 un <a href=\"https:\/\/www.ledauphine.com\/sante\/2025\/10\/17\/la-mut-syndicat-et-associations-craignent-un-redressement-judiciaire\" target=\"_blank\" rel=\"noopener\">contexte financier d\u00e9j\u00e0 tendu<\/a> que d\u00e9taillait, mi-octobre, le syndicat FO, l\u2019Union de quartier Berriat Europole et Les Amis de la clinique mutualiste qui faisaient savoir que \u201cles services des imp\u00f4ts r\u00e9clament 5\u00a0millions d\u2019euros \u00e0 La Mut\u2019au titre de la TVA, comme si c\u2019\u00e9tait une soci\u00e9t\u00e9 commerciale. \u00c0 ces sommes, il faut ajouter encore 4 \u00e0 5\u00a0millions d\u2019euros destin\u00e9s \u00e0 des proc\u00e9dures prud\u2019homales li\u00e9es \u00e0 la gestion du GHM par Bernard Bensaid [patron du groupe Avec]\u201d.<\/p>\n<p>Ce lundi, le tribunal grenoblois a donc ouvert une p\u00e9riode d\u2019observation de six mois et fix\u00e9 la date de cessations des paiements au 15\u00a0novembre dernier. La proc\u00e9dure doit permettre un gel des dettes, pour assainir la situation financi\u00e8re et maintenir les 1\u00a0300 emplois du GHM. Elle pourrait aussi amener \u00e0 un plan de cession. Une option que continue de demander le syndicat FO. \u201cCe redressement est le meilleur moyen pour la Clinique mutualiste de se s\u00e9parer du groupe Avec et de trouver un repreneur cr\u00e9dible respectueux du mod\u00e8le Espic\u201d, \u00e9crit FO dans un communiqu\u00e9 qui tient \u00e0 rassurer\u00a0: \u201cLa Clinique mutualiste va toujours assurer les soins des patients is\u00e9rois\u201d.<\/p>\n<p>Chaque ann\u00e9e, le GHM accueille 120\u00a0000 patients et assure 25\u00a0% de l\u2019offre de soins de l\u2019agglom\u00e9ration grenobloise.<\/p>\n","protected":false},"excerpt":{"rendered":"Le tribunal judiciaire de Grenoble a ordonn\u00e9, ce lundi 1er\u00a0d\u00e9cembre, le placement en redressement judiciaire de\u00a0de l\u2019Union mutualiste&hellip;\n","protected":false},"author":2,"featured_media":571367,"comment_status":"","ping_status":"","sticky":false,"template":"","format":"standard","meta":{"footnotes":""},"categories":[9566],"tags":[1111,11,2430,112,113,114,1777,674,274,107,1011,27,2731,2732,108,12,25,71,106],"class_list":{"0":"post-571366","1":"post","2":"type-post","3":"status-publish","4":"format-standard","5":"has-post-thumbnail","7":"category-grenoble","8":"tag-actu","9":"tag-actualites","10":"tag-auvergne-rhone-alpes","11":"tag-edition-grenoble-agglomeration","12":"tag-edition-gresivaudan-oisans","13":"tag-edition-voiron-saint-marcellin","14":"tag-eu","15":"tag-europe","16":"tag-faits-divers-justice","17":"tag-fil-info","18":"tag-fr","19":"tag-france","20":"tag-grenoble","21":"tag-grenoble-bassin","22":"tag-isere","23":"tag-news","24":"tag-republique-francaise","25":"tag-sante","26":"tag-selection-de-la-redaction-38"},"share_on_mastodon":{"url":"https:\/\/pubeurope.com\/@fr\/115645455082265155","error":""},"_links":{"self":[{"href":"https:\/\/www.europesays.com\/fr\/wp-json\/wp\/v2\/posts\/571366","targetHints":{"allow":["GET"]}}],"collection":[{"href":"https:\/\/www.europesays.com\/fr\/wp-json\/wp\/v2\/posts"}],"about":[{"href":"https:\/\/www.europesays.com\/fr\/wp-json\/wp\/v2\/types\/post"}],"author":[{"embeddable":true,"href":"https:\/\/www.europesays.com\/fr\/wp-json\/wp\/v2\/users\/2"}],"replies":[{"embeddable":true,"href":"https:\/\/www.europesays.com\/fr\/wp-json\/wp\/v2\/comments?post=571366"}],"version-history":[{"count":0,"href":"https:\/\/www.europesays.com\/fr\/wp-json\/wp\/v2\/posts\/571366\/revisions"}],"wp:featuredmedia":[{"embeddable":true,"href":"https:\/\/www.europesays.com\/fr\/wp-json\/wp\/v2\/media\/571367"}],"wp:attachment":[{"href":"https:\/\/www.europesays.com\/fr\/wp-json\/wp\/v2\/media?parent=571366"}],"wp:term":[{"taxonomy":"category","embeddable":true,"href":"https:\/\/www.europesays.com\/fr\/wp-json\/wp\/v2\/categories?post=571366"},{"taxonomy":"post_tag","embeddable":true,"href":"https:\/\/www.europesays.com\/fr\/wp-json\/wp\/v2\/tags?post=571366"}],"curies":[{"name":"wp","href":"https:\/\/api.w.org\/{rel}","templated":true}]}}