{"id":57137,"date":"2025-04-27T15:45:07","date_gmt":"2025-04-27T15:45:07","guid":{"rendered":"https:\/\/www.europesays.com\/fr\/57137\/"},"modified":"2025-04-27T15:45:07","modified_gmt":"2025-04-27T15:45:07","slug":"commerce-sud-3-diffamation-cest-le-recap-des-infos-de-la-semaine-a-rouen","status":"publish","type":"post","link":"https:\/\/www.europesays.com\/fr\/57137\/","title":{"rendered":"Commerce, Sud 3, diffamation&#8230; C&rsquo;est le r\u00e9cap&rsquo; des infos de la semaine \u00e0 Rouen"},"content":{"rendered":"<p>            Par<br \/>\n        <strong><br \/>\n            <a href=\"https:\/\/actu.fr\/auteur\/julien-bouteiller\" title=\"Consulter tous les articles de Julien Bouteiller\" rel=\"nofollow noopener\" target=\"_blank\">Julien Bouteiller<\/a><br \/>\n        <\/strong><\/p>\n<p>        Publi\u00e9 le<\/p>\n<p>            27 avr. 2025 \u00e0 17h08        <\/p>\n<p>On le dit chaque semaine, mais <strong>l\u2019actualit\u00e9<\/strong> a encore \u00e9t\u00e9 riche ces derniers jours. Vous avez besoin d\u2019une mise \u00e0 jour\u2009? <strong>Voici les infos \u00e0 retenir \u00e0 Rouen<\/strong>, entre le 21 et le 27\u00a0avril 2025.<\/p>\n<p>Les infos de la semaine \u00e0 Rouen<\/p>\n<p class=\"expresso-item wall-content\"><a title=\"Lire l&#039;article\" href=\"https:\/\/actu.fr\/normandie\/rouen_76540\/le-commerce-se-meurt-il-a-rouen-etat-des-lieux-entre-fermetures-nouveaux-arrivants-et-locaux-vacants_62514716.html\" rel=\"nofollow noopener\" target=\"_blank\"><strong>Le commerce se meurt-il \u00e0 Rouen\u2009? \u00c9tat des lieux entre fermetures, nouveaux arrivants et locaux vacants<\/strong><\/a><br \/>On entend parfois dire que les commerces se vident \u00e0 <a href=\"https:\/\/actu.fr\/normandie\/rouen_76540\" rel=\"nofollow noopener\" target=\"_blank\">Rouen (Seine-Maritime)<\/a>. Mais est-ce vraiment le cas\u2009? Voici les chiffres et les tendances.<\/p>\n<p class=\"expresso-item wall-content\"><a title=\"Lire l&#039;article\" href=\"https:\/\/actu.fr\/normandie\/rouen_76540\/violence-aux-urgences-de-la-clinique-de-l-europe-les-soignants-reprennent-le-travail-de-nuit_62546787.html\" rel=\"nofollow noopener\" target=\"_blank\"><strong>Violence aux urgences de la clinique de l\u2019Europe\u2009: les soignants reprennent le travail de nuit<\/strong><\/a><br \/>Depuis la nuit du mardi au mercredi 23\u00a0avril 2025, les soignants n\u2019exercent plus leur droit de retrait \u00e0 la clinique de l\u2019Europe \u00e0 Rouen (Seine-Maritime). On vous explique pourquoi<\/p>\n<p class=\"expresso-item wall-content\"><a title=\"Lire l&#039;article\" href=\"https:\/\/actu.fr\/normandie\/rouen_76540\/accusations-de-racisme-et-de-diffamation-au-conseil-municipal-de-rouen-le-tribunal-a-tranche_62549520.html\" rel=\"nofollow noopener\" target=\"_blank\"><strong>Accusations de racisme et de diffamation au conseil municipal de Rouen\u2009: le tribunal a tranch\u00e9<\/strong><\/a><br \/>La conseill\u00e8re municipale de Rouen (Seine-Maritime) Laura Slimani a \u00e9t\u00e9 relax\u00e9e dans le proc\u00e8s pour diffamation qui l\u2019opposait \u00e0 l\u2019\u00e9lu Franque-Emmanuel Coupard la Droitte.<\/p>\n<p class=\"expresso-item wall-content\"><a title=\"Lire l&#039;article\" href=\"https:\/\/actu.fr\/normandie\/rouen_76540\/le-pont-flaubert-relie-a-la-sud-3-ce-jeudi-quelles-perturbations-peut-on-prevoir_62547220.html\" rel=\"nofollow noopener\" target=\"_blank\"><strong>Le pont Flaubert reli\u00e9 \u00e0 la Sud 3 ce jeudi et \u00e7a risque d\u2019\u00eatre tr\u00e8s gal\u00e8re sur les routes de Rouen<\/strong><\/a><br \/>Ce jeudi 24\u00a0avril 2025 le pont Flaubert de Rouen (Seine-Maritime) est enfin raccord\u00e9 (dans un sens) \u00e0 la Sud 3. Attention\u2009: des perturbations sont \u00e0 pr\u00e9voir.<\/p>\n<p class=\"expresso-item wall-content\"><a title=\"Lire l&#039;article\" href=\"https:\/\/actu.fr\/normandie\/rouen_76540\/un-syndicat-declare-l-urgence-absolue-pour-la-prison-bonne-nouvelle-a-rouen_62546420.html\" rel=\"nofollow noopener\" target=\"_blank\"><strong>Un syndicat d\u00e9clare \u00ab\u2009l\u2019urgence absolue\u2009\u00bb pour la prison Bonne Nouvelle \u00e0 Rouen<\/strong><\/a><br \/>Le syndicat Force Ouvri\u00e8re de la maison d\u2019arr\u00eat de Rouen a \u00e9crit au ministre de la Justice pour signaler \u00ab\u2009l\u2019urgence absolue\u2009\u00bb de la situation \u00e0 Bonne Nouvelle. Pr\u00e9cisions.<\/p>\n<p>Bon \u00e0 savoir \u00e0 Rouen<\/p>\n<p class=\" wall-content\"><a href=\"https:\/\/actu.fr\/normandie\/rouen_76540\/greve-dans-les-transports-en-commun-de-rouen-la-cgt-suspend-le-mouvement_62561609.html\" rel=\"nofollow noopener\" target=\"_blank\"><strong>Gr\u00e8ve dans les transports en commun de Rouen\u2009: la CGT suspend le mouvement<\/strong><\/a><br \/>Le syndicat CGT a d\u00e9cid\u00e9 de suspendre le mouvement de gr\u00e8ve de 55\u00a0minutes par jour dans les transports en commun de l\u2019agglo de Rouen (Seine-Maritime) \u00e0 compter du 28\u00a0avril 2025.<\/p>\n<p class=\"expresso-item wall-content\"><a title=\"Lire l&#039;article\" href=\"https:\/\/actu.fr\/normandie\/rouen_76540\/concerts-a-rouen-les-premiers-artistes-des-terrasses-du-jeudi-devoiles_62552779.html\" rel=\"nofollow noopener\" target=\"_blank\"><strong>Concerts \u00e0 Rouen\u2009: les premiers artistes des Terrasses du jeudi d\u00e9voil\u00e9s<\/strong><\/a><br \/>Les premiers noms des artistes qui vont se produire lors des Terrasses du jeudi viennent d\u2019\u00eatre d\u00e9voil\u00e9s par les organisateurs. Le festival aura lieu tout le mois de juillet\u00a02025.<\/p>\n<p class=\"expresso-item wall-content\"><a title=\"Lire l&#039;article\" href=\"https:\/\/actu.fr\/normandie\/rouen_76540\/de-nouvelles-rues-deviennent-pietonnes-a-rouen-on-vous-explique-comment-ca-va-se-passer_62550421.html\" rel=\"nofollow noopener\" target=\"_blank\"><strong>De nouvelles rues deviennent pi\u00e9tonnes \u00e0 Rouen\u2009: on vous explique comment \u00e7a va se passer<\/strong><\/a><br \/>D\u00e8s la fin du mois d\u2019avril\u00a02025, plusieurs rues du centre-ville de Rouen vont devenir pi\u00e9tonnes. On vous explique comment \u00e7a va se passer et comment faire si vous \u00eates r\u00e9sident.<\/p>\n<p class=\"expresso-item wall-content\"><a title=\"Lire l&#039;article\" href=\"https:\/\/actu.fr\/normandie\/rouen_76540\/cette-enseigne-bien-connue-a-rouen-a-desormais-son-supermarche-de-saveurs-italiennes_62541877.html\" rel=\"nofollow noopener\" target=\"_blank\"><strong>Cette enseigne bien connue \u00e0 Rouen a d\u00e9sormais son supermarch\u00e9 de saveurs italiennes<\/strong><\/a><br \/>D\u00e9j\u00e0 implant\u00e9e en divers points de Rouen, l\u2019enseigne de produits italiens Papa Milano a ouvert depuis le printemps 2025 son premier supermarch\u00e9. Pr\u00e9sentation.<\/p>\n<p class=\"expresso-item wall-content\"><a title=\"Lire l&#039;article\" href=\"https:\/\/actu.fr\/normandie\/rouen_76540\/un-nouveau-parc-canal-inaugure-a-rouen-un-moment-historique_62562439.html\" rel=\"nofollow noopener\" target=\"_blank\"><strong>Un nouveau parc-canal inaugur\u00e9 \u00e0 Rouen\u2009: \u00ab\u2009Un moment historique\u2009\u00bb<\/strong><\/a><br \/>Ce samedi 26\u00a0avril 2025, la M\u00e9tropole de Rouen a inaugur\u00e9 son nouveau parc-canal Camille-Claudel, sur la rive gauche. Un \u00ab\u2009moment historique\u2009\u00bb selon Nicolas Mayer-Rossignol.<\/p>\n<p>Suivez l\u2019actualit\u00e9 de Rouen <a href=\"https:\/\/www.whatsapp.com\/channel\/0029VaKfnf99hXF2ddApFB1D\" rel=\"nofollow noopener\" target=\"_blank\">sur notre cha\u00eene WhatsApp<\/a> et <a href=\"https:\/\/www.tiktok.com\/@76actu.fr?lang=fr\" rel=\"nofollow noopener\" target=\"_blank\">sur notre compte TikTok<\/a><\/p>\n<p class=\" wall-content\">Suivez toute l\u2019actualit\u00e9 de vos villes et m\u00e9dias favoris en vous inscrivant \u00e0 <a href=\"https:\/\/moncompte.actu.fr\" title=\"D\u00e9couvez Mon Actu\" rel=\"nofollow noopener\" data-trk=\"{&quot;cta&quot;:{&quot;action&quot;:&quot;https:\\\/\\\/moncompte.actu.fr&quot;,&quot;category&quot;:&quot;mon compte&quot;,&quot;from&quot;:&quot;article footer&quot;,&quot;name&quot;:&quot;Mon actu&quot;,&quot;type&quot;:&quot;cta&quot;}}\" target=\"_blank\">Mon Actu<\/a>.<\/p>\n<ul class=\"ac-article-tag wall-content\">\n<li><a href=\"https:\/\/actu.fr\/tag\/bon-plan-a-rouen\" data-trk=\"{&quot;cta&quot;:{&quot;action&quot;:&quot;Bon plan \\u00e0 Rouen&quot;,&quot;category&quot;:&quot;tag&quot;,&quot;from&quot;:&quot;article footer&quot;,&quot;name&quot;:&quot;Bon plan \\u00e0 Rouen&quot;,&quot;type&quot;:&quot;cta&quot;}}\" rel=\"nofollow noopener\" target=\"_blank\">#Bon plan \u00e0 Rouen<\/a><\/li>\n<li><a href=\"https:\/\/actu.fr\/tag\/commerce\" data-trk=\"{&quot;cta&quot;:{&quot;action&quot;:&quot;Commerce&quot;,&quot;category&quot;:&quot;tag&quot;,&quot;from&quot;:&quot;article footer&quot;,&quot;name&quot;:&quot;Commerce&quot;,&quot;type&quot;:&quot;cta&quot;}}\" rel=\"nofollow noopener\" target=\"_blank\">#Commerce<\/a><\/li>\n<li><a href=\"https:\/\/actu.fr\/tag\/syndicats\" data-trk=\"{&quot;cta&quot;:{&quot;action&quot;:&quot;Syndicats&quot;,&quot;category&quot;:&quot;tag&quot;,&quot;from&quot;:&quot;article footer&quot;,&quot;name&quot;:&quot;Syndicats&quot;,&quot;type&quot;:&quot;cta&quot;}}\" rel=\"nofollow noopener\" target=\"_blank\">#Syndicats<\/a><\/li>\n<\/ul>\n<p>                    <script async src=\"\/\/www.tiktok.com\/embed.js\"><\/script><\/p>\n","protected":false},"excerpt":{"rendered":"Par Julien Bouteiller Publi\u00e9 le 27 avr. 2025 \u00e0 17h08 On le dit chaque semaine, mais l\u2019actualit\u00e9 a&hellip;\n","protected":false},"author":2,"featured_media":57138,"comment_status":"","ping_status":"","sticky":false,"template":"","format":"standard","meta":{"footnotes":""},"categories":[9587],"tags":[1111,11,9086,215,1777,674,1011,27,12,5161,25,9590,104,3427],"class_list":{"0":"post-57137","1":"post","2":"type-post","3":"status-publish","4":"format-standard","5":"has-post-thumbnail","7":"category-rouen","8":"tag-actu","9":"tag-actualites","10":"tag-bon-plan-a-rouen","11":"tag-commerce","12":"tag-eu","13":"tag-europe","14":"tag-fr","15":"tag-france","16":"tag-news","17":"tag-normandie","18":"tag-republique-francaise","19":"tag-rouen","20":"tag-societe","21":"tag-syndicats"},"share_on_mastodon":{"url":"https:\/\/pubeurope.com\/@fr\/114410705556012906","error":""},"_links":{"self":[{"href":"https:\/\/www.europesays.com\/fr\/wp-json\/wp\/v2\/posts\/57137","targetHints":{"allow":["GET"]}}],"collection":[{"href":"https:\/\/www.europesays.com\/fr\/wp-json\/wp\/v2\/posts"}],"about":[{"href":"https:\/\/www.europesays.com\/fr\/wp-json\/wp\/v2\/types\/post"}],"author":[{"embeddable":true,"href":"https:\/\/www.europesays.com\/fr\/wp-json\/wp\/v2\/users\/2"}],"replies":[{"embeddable":true,"href":"https:\/\/www.europesays.com\/fr\/wp-json\/wp\/v2\/comments?post=57137"}],"version-history":[{"count":0,"href":"https:\/\/www.europesays.com\/fr\/wp-json\/wp\/v2\/posts\/57137\/revisions"}],"wp:featuredmedia":[{"embeddable":true,"href":"https:\/\/www.europesays.com\/fr\/wp-json\/wp\/v2\/media\/57138"}],"wp:attachment":[{"href":"https:\/\/www.europesays.com\/fr\/wp-json\/wp\/v2\/media?parent=57137"}],"wp:term":[{"taxonomy":"category","embeddable":true,"href":"https:\/\/www.europesays.com\/fr\/wp-json\/wp\/v2\/categories?post=57137"},{"taxonomy":"post_tag","embeddable":true,"href":"https:\/\/www.europesays.com\/fr\/wp-json\/wp\/v2\/tags?post=57137"}],"curies":[{"name":"wp","href":"https:\/\/api.w.org\/{rel}","templated":true}]}}