{"id":571374,"date":"2025-12-01T17:22:20","date_gmt":"2025-12-01T17:22:20","guid":{"rendered":"https:\/\/www.europesays.com\/fr\/571374\/"},"modified":"2025-12-01T17:22:20","modified_gmt":"2025-12-01T17:22:20","slug":"un-homme-alcoolise-menace-une-famille-juive","status":"publish","type":"post","link":"https:\/\/www.europesays.com\/fr\/571374\/","title":{"rendered":"un homme alcoolis\u00e9 menace une famille juive"},"content":{"rendered":"<p>Un homme ivre, vraisemblablement sans domicile fixe, est mont\u00e9 sur le palier d\u2019une famille juive, vivant rue de Wissembourg, \u00e0 Strasbourg, dans la nuit du samedi\u00a029 au dimanche 30\u00a0novembre, dans le quartier du Contades.<\/p>\n<p>Sur la porte, la m\u00e9zouza ne laissait aucun doute quant \u00e0 la religion pratiqu\u00e9e par la famille cibl\u00e9e. Il a prof\u00e9r\u00e9 des menaces de mort \u00e0 leur encontre et a multipli\u00e9 les insultes et propos \u00e0 caract\u00e8re antis\u00e9mite.<\/p>\n<p>Interpell\u00e9 par une patrouille, l\u2019homme d\u2019une quarantaine d\u2019ann\u00e9es, connu de la justice, a \u00e9t\u00e9 plac\u00e9 en garde \u00e0 vue. Ce lundi 1er\u00a0d\u00e9cembre, il \u00e9tait dans les ge\u00f4les du tribunal pour son d\u00e9f\u00e8rement devant le magistrat, en vue de sa pr\u00e9sentation en chambre des comparutions imm\u00e9diates, pr\u00e9vue ce mardi 2\u00a0d\u00e9cembre.<\/p>\n","protected":false},"excerpt":{"rendered":"Un homme ivre, vraisemblablement sans domicile fixe, est mont\u00e9 sur le palier d\u2019une famille juive, vivant rue de&hellip;\n","protected":false},"author":2,"featured_media":571375,"comment_status":"","ping_status":"","sticky":false,"template":"","format":"standard","meta":{"footnotes":""},"categories":[2820],"tags":[1111,11,271,272,2880,1777,674,274,107,1011,27,775,12,25,640,2879],"class_list":{"0":"post-571374","1":"post","2":"type-post","3":"status-publish","4":"format-standard","5":"has-post-thumbnail","7":"category-strasbourg","8":"tag-actu","9":"tag-actualites","10":"tag-crime","11":"tag-delit-et-contravention","12":"tag-edition-strasbourg","13":"tag-eu","14":"tag-europe","15":"tag-faits-divers-justice","16":"tag-fil-info","17":"tag-fr","18":"tag-france","19":"tag-grand-est","20":"tag-news","21":"tag-republique-francaise","22":"tag-strasbourg","23":"tag-strasbourg-ville"},"share_on_mastodon":{"url":"https:\/\/pubeurope.com\/@fr\/115645470887407939","error":""},"_links":{"self":[{"href":"https:\/\/www.europesays.com\/fr\/wp-json\/wp\/v2\/posts\/571374","targetHints":{"allow":["GET"]}}],"collection":[{"href":"https:\/\/www.europesays.com\/fr\/wp-json\/wp\/v2\/posts"}],"about":[{"href":"https:\/\/www.europesays.com\/fr\/wp-json\/wp\/v2\/types\/post"}],"author":[{"embeddable":true,"href":"https:\/\/www.europesays.com\/fr\/wp-json\/wp\/v2\/users\/2"}],"replies":[{"embeddable":true,"href":"https:\/\/www.europesays.com\/fr\/wp-json\/wp\/v2\/comments?post=571374"}],"version-history":[{"count":0,"href":"https:\/\/www.europesays.com\/fr\/wp-json\/wp\/v2\/posts\/571374\/revisions"}],"wp:featuredmedia":[{"embeddable":true,"href":"https:\/\/www.europesays.com\/fr\/wp-json\/wp\/v2\/media\/571375"}],"wp:attachment":[{"href":"https:\/\/www.europesays.com\/fr\/wp-json\/wp\/v2\/media?parent=571374"}],"wp:term":[{"taxonomy":"category","embeddable":true,"href":"https:\/\/www.europesays.com\/fr\/wp-json\/wp\/v2\/categories?post=571374"},{"taxonomy":"post_tag","embeddable":true,"href":"https:\/\/www.europesays.com\/fr\/wp-json\/wp\/v2\/tags?post=571374"}],"curies":[{"name":"wp","href":"https:\/\/api.w.org\/{rel}","templated":true}]}}