{"id":571380,"date":"2025-12-01T17:25:14","date_gmt":"2025-12-01T17:25:14","guid":{"rendered":"https:\/\/www.europesays.com\/fr\/571380\/"},"modified":"2025-12-01T17:25:14","modified_gmt":"2025-12-01T17:25:14","slug":"la-descente-des-supporters-de-logc-nice-etait-elle-inevitable-un-electrochoc-necessaire","status":"publish","type":"post","link":"https:\/\/www.europesays.com\/fr\/571380\/","title":{"rendered":"La descente des supporters de l&rsquo;OGC Nice \u00e9tait-elle in\u00e9vitable\u00a0? Un \u00e9lectrochoc n\u00e9cessaire\u00a0?"},"content":{"rendered":"<p>D\u00e9fait pour la sixi\u00e8me fois de rang ce week-end (3-1 \u00e0 Lorient), l&rsquo;OGC Nice s&rsquo;enfonce dans une crise sans pr\u00e9c\u00e9dent. Les supporters sont descendus au centre d&rsquo;entra\u00eenement hier dans la soir\u00e9e. Qu&rsquo;en retenir\u00a0? Est-ce que \u00e7a va faire bouger les choses\u00a0? Tant de questions qu&rsquo;on se pose.<\/p>\n<p>Pour la premi\u00e8re fois de la d\u00e9cennie, <strong>l&rsquo;OGC Nice encha\u00eene six d\u00e9faites<\/strong>\u00a0et s&rsquo;enfonce dans <strong>une crise de r\u00e9sultats<\/strong> sans pr\u00e9c\u00e9dent. Alors, apr\u00e8s la d\u00e9faite hier \u00e0 Lorient (3-1), <strong>400 supporters des Aiglons sont descendus au centre d&rsquo;entra\u00eenement<\/strong> pour aller discuter avec les joueurs. <strong>Que retenir de cette soir\u00e9e\u00a0?<\/strong> \u00c9tait-ce in\u00e9vitable\u00a0?<\/p>\n<p>Ce revers face aux Merlus, <strong>est-ce la d\u00e9faite de trop<\/strong>, et surtout, qu&rsquo;est-ce qu&rsquo;il a manqu\u00e9 dans le collectif pour s&rsquo;imposer\u00a0?<\/p>\n<p>Plus qui est, alors que le Gym est en crise, on se demande <strong>qui est le v\u00e9ritable flop de cette temp\u00eate<\/strong>\u00a0: Fabrice Bocquet, Florian Maurice, Franck Haise, ou d&rsquo;autres \u00e9l\u00e9ments\u00a0?<\/p>\n<p>Dans le d\u00e9bat des Aiglons, nous nous posons la question suivante\u00a0: <strong>A-t-on le niveau pour jouer le maintien\u00a0?<\/strong> En effet, Nice a certes 6 points d&rsquo;avance sur le premier rel\u00e9gable (10e, 17 points en 14 matchs), mais ne rassure pas, et les joueurs ne semblent <strong>pas pr\u00eats mentalement \u00e0 cette lutte \u00e9rintante.<\/strong><\/p>\n<p>On re\u00e7oit <strong>Coun, dessinateur ni\u00e7ois<\/strong>, qui avait aussi dessin\u00e9 les affiches de la Coupe de France et de la saison des 120 ans. Il nous raconte <strong>ses projets.<\/strong><\/p>\n<p>Autour de la table\u00a0:\u00a0<strong>Maxime Bacqui\u00e9<\/strong>\u00a0(journaliste),\u00a0<strong>Patrice Alberganti<\/strong>\u00a0(consultant OGC Nice), <strong>Romain Oddoux<\/strong>\u00a0(supporter),\u00a0<strong>Coun<\/strong>\u00a0(supporter, dessinateur), et\u00a0<strong>Benjamin Pierson<\/strong>\u00a0(animateur).<\/p>\n","protected":false},"excerpt":{"rendered":"D\u00e9fait pour la sixi\u00e8me fois de rang ce week-end (3-1 \u00e0 Lorient), l&rsquo;OGC Nice s&rsquo;enfonce dans une crise&hellip;\n","protected":false},"author":2,"featured_media":571381,"comment_status":"","ping_status":"","sticky":false,"template":"","format":"standard","meta":{"footnotes":""},"categories":[2819],"tags":[1111,11,1777,674,1011,27,12,2401,882,25],"class_list":{"0":"post-571380","1":"post","2":"type-post","3":"status-publish","4":"format-standard","5":"has-post-thumbnail","7":"category-nice","8":"tag-actu","9":"tag-actualites","10":"tag-eu","11":"tag-europe","12":"tag-fr","13":"tag-france","14":"tag-news","15":"tag-nice","16":"tag-provence-alpes-cote-dazur","17":"tag-republique-francaise"},"share_on_mastodon":{"url":"https:\/\/pubeurope.com\/@fr\/115645482613744086","error":""},"_links":{"self":[{"href":"https:\/\/www.europesays.com\/fr\/wp-json\/wp\/v2\/posts\/571380","targetHints":{"allow":["GET"]}}],"collection":[{"href":"https:\/\/www.europesays.com\/fr\/wp-json\/wp\/v2\/posts"}],"about":[{"href":"https:\/\/www.europesays.com\/fr\/wp-json\/wp\/v2\/types\/post"}],"author":[{"embeddable":true,"href":"https:\/\/www.europesays.com\/fr\/wp-json\/wp\/v2\/users\/2"}],"replies":[{"embeddable":true,"href":"https:\/\/www.europesays.com\/fr\/wp-json\/wp\/v2\/comments?post=571380"}],"version-history":[{"count":0,"href":"https:\/\/www.europesays.com\/fr\/wp-json\/wp\/v2\/posts\/571380\/revisions"}],"wp:featuredmedia":[{"embeddable":true,"href":"https:\/\/www.europesays.com\/fr\/wp-json\/wp\/v2\/media\/571381"}],"wp:attachment":[{"href":"https:\/\/www.europesays.com\/fr\/wp-json\/wp\/v2\/media?parent=571380"}],"wp:term":[{"taxonomy":"category","embeddable":true,"href":"https:\/\/www.europesays.com\/fr\/wp-json\/wp\/v2\/categories?post=571380"},{"taxonomy":"post_tag","embeddable":true,"href":"https:\/\/www.europesays.com\/fr\/wp-json\/wp\/v2\/tags?post=571380"}],"curies":[{"name":"wp","href":"https:\/\/api.w.org\/{rel}","templated":true}]}}