{"id":571382,"date":"2025-12-01T17:26:16","date_gmt":"2025-12-01T17:26:16","guid":{"rendered":"https:\/\/www.europesays.com\/fr\/571382\/"},"modified":"2025-12-01T17:26:16","modified_gmt":"2025-12-01T17:26:16","slug":"un-somptueux-feu-dartifice-de-noel-ce-week-end-pres-de-nantes","status":"publish","type":"post","link":"https:\/\/www.europesays.com\/fr\/571382\/","title":{"rendered":"Un somptueux feu d\u2019artifice de No\u00ebl ce week-end pr\u00e8s de Nantes"},"content":{"rendered":"<p>Vendredi 5 d\u00e9cembre\u00a0: un feu d\u2019artifice tr\u00e8s attendu&#13;<\/p>\n<p>Le week-end s\u2019ouvrira avec un moment spectaculaire. <strong>Le vendredi 5 d\u00e9cembre \u00e0 19h30, le parc du Loiry accueillera enfin le feu d\u2019artifice <\/strong>initialement pr\u00e9vu cet \u00e9t\u00e9. Report\u00e9 \u00e0 cause de la m\u00e9t\u00e9o, il est de retour <strong>dans une version hivernale, encore plus magique, avec un d\u00e9cor naturel qui devrait donner \u00e0 ce rendez-vous une ambiance totalement diff\u00e9rente. <\/strong>Parents, enfants, amis ou voisins, tout le monde est invit\u00e9 \u00e0 lever les yeux et \u00e0 profiter d\u2019un ballet lumineux qui viendra illuminer le ciel vertavien. Dans l\u2019air glac\u00e9 de d\u00e9cembre, les explosions color\u00e9es promettent un moment chaleureux qui marquera le lancement officieux des festivit\u00e9s de fin d\u2019ann\u00e9e.<\/p>\n<p>&#13;<br \/>\nSamedi 6 d\u00e9cembre\u00a0: chaleur, lumi\u00e8res et chants de No\u00ebl&#13;<\/p>\n<p>D\u00e8s le lendemain, les festivit\u00e9s se poursuivront <strong>place Saint-Martin,<\/strong> c\u0153ur battant de Vertou durant cette p\u00e9riode. <strong>\u00c0 partir de 16h, vous pourrez rencontrer la mascotte du P\u00e8re No\u00ebl<\/strong>, en partenariat avec l\u2019association Vertou, les commerces que j\u2019aime. Selfies, c\u00e2lins, complicit\u00e9, un moment parfait pour lancer la soir\u00e9e en douceur. Sur place, le Secours populaire tiendra \u00e9galement une collecte de jouets. Vous serez invit\u00e9s \u00e0 apporter un jouet neuf ou en parfait \u00e9tat (un geste simple, mais qui fera \u00e9clore de grands sourires chez les enfants accompagn\u00e9s par l\u2019association). Un beau rappel de l\u2019esprit de No\u00ebl\u00a0: g\u00e9n\u00e9rosit\u00e9, partage et solidarit\u00e9\u00a0!<\/p>\n<p>&#13;<\/p>\n<p><strong>\u00c0 17h45, les festivit\u00e9s prendront une dimension plus musicale. Trois chorales<\/strong> (le Ch\u0153ur du Ch\u00eane, La Cl\u00e9 des Chants et le ch\u0153ur d\u2019enfants de l\u2019\u00c9cole de Musique) <strong>entonneront des chants traditionnels de No\u00ebl. <\/strong>Leurs voix accompagneront un moment que toute la ville attend\u00a0: l\u2019allumage des illuminations de No\u00ebl sur la place Saint-Martin. Et pour prolonger cette ambiance f\u00e9erique, <strong>d\u00e8s 18h, vous pourrez vous r\u00e9chauffer autour de vin chaud, chocolat chaud et brioches distribu\u00e9s sur place.<\/strong><\/p>\n<p>&#13;<\/p>\n<blockquote class=\"instagram-media\" data-instgrm-permalink=\"https:\/\/www.instagram.com\/p\/DRmKnSLji7m\/?utm_source=ig_embed&amp;utm_campaign=loading\" data-instgrm-version=\"14\" style=\"background: #FFF; border: 0; border-radius: 3px; box-shadow: 0 0 1px 0 rgba(0,0,0,0.5),0 1px 10px 0 rgba(0,0,0,0.15); margin: 1px; max-width: 540px; min-width: 326px; padding: 0; width: calc(100% - 2px);\"><p>&#13;<br \/>\n&#13;\n<\/p><\/blockquote>\n<p>&#13;<br \/>\n&#13;<br \/>\nLa bo\u00eete aux lettres du P\u00e8re No\u00ebl est ouverte&#13;<\/p>\n<p><strong>Du 1er au 15 d\u00e9cembre,<\/strong> les enfants auront l\u2019occasion de <strong>d\u00e9poser leur pr\u00e9cieuse lettre dans la bo\u00eete du P\u00e8re No\u00ebl, install\u00e9e place Saint-Martin.<\/strong> Avec l\u2019aide de ses lutins, le P\u00e8re No\u00ebl promet de r\u00e9pondre \u00e0 toutes les lettres\u2026 \u00e0 condition bien s\u00fbr de ne pas oublier d\u2019\u00e9crire son adresse au dos\u00a0!<\/p>\n<p>&#13;<\/p>\n<p><a href=\"https:\/\/vertou.fr\/noel-en-fete-illuminations-et-feu-dartifice\/#:~:text=Initialement%20pr%C3%A9vu%20cet%20%C3%A9t%C3%A9%20mais,19h30%2C%20au%20parc%20du%20Loiry.\" rel=\"nofollow noopener noreferrer\" target=\"_blank\">Toutes les infos par ici<\/a><\/p>\n<p><script async src=\"\/\/www.instagram.com\/embed.js\"><\/script><\/p>\n","protected":false},"excerpt":{"rendered":"Vendredi 5 d\u00e9cembre\u00a0: un feu d\u2019artifice tr\u00e8s attendu&#13; Le week-end s\u2019ouvrira avec un moment spectaculaire. Le vendredi 5&hellip;\n","protected":false},"author":2,"featured_media":571383,"comment_status":"","ping_status":"","sticky":false,"template":"","format":"standard","meta":{"footnotes":""},"categories":[2818],"tags":[1111,11,1777,674,1011,27,766,12,2636,25],"class_list":{"0":"post-571382","1":"post","2":"type-post","3":"status-publish","4":"format-standard","5":"has-post-thumbnail","7":"category-nantes","8":"tag-actu","9":"tag-actualites","10":"tag-eu","11":"tag-europe","12":"tag-fr","13":"tag-france","14":"tag-nantes","15":"tag-news","16":"tag-pays-de-la-loire","17":"tag-republique-francaise"},"share_on_mastodon":{"url":"https:\/\/pubeurope.com\/@fr\/115645486513046281","error":""},"_links":{"self":[{"href":"https:\/\/www.europesays.com\/fr\/wp-json\/wp\/v2\/posts\/571382","targetHints":{"allow":["GET"]}}],"collection":[{"href":"https:\/\/www.europesays.com\/fr\/wp-json\/wp\/v2\/posts"}],"about":[{"href":"https:\/\/www.europesays.com\/fr\/wp-json\/wp\/v2\/types\/post"}],"author":[{"embeddable":true,"href":"https:\/\/www.europesays.com\/fr\/wp-json\/wp\/v2\/users\/2"}],"replies":[{"embeddable":true,"href":"https:\/\/www.europesays.com\/fr\/wp-json\/wp\/v2\/comments?post=571382"}],"version-history":[{"count":0,"href":"https:\/\/www.europesays.com\/fr\/wp-json\/wp\/v2\/posts\/571382\/revisions"}],"wp:featuredmedia":[{"embeddable":true,"href":"https:\/\/www.europesays.com\/fr\/wp-json\/wp\/v2\/media\/571383"}],"wp:attachment":[{"href":"https:\/\/www.europesays.com\/fr\/wp-json\/wp\/v2\/media?parent=571382"}],"wp:term":[{"taxonomy":"category","embeddable":true,"href":"https:\/\/www.europesays.com\/fr\/wp-json\/wp\/v2\/categories?post=571382"},{"taxonomy":"post_tag","embeddable":true,"href":"https:\/\/www.europesays.com\/fr\/wp-json\/wp\/v2\/tags?post=571382"}],"curies":[{"name":"wp","href":"https:\/\/api.w.org\/{rel}","templated":true}]}}