{"id":571384,"date":"2025-12-01T17:27:17","date_gmt":"2025-12-01T17:27:17","guid":{"rendered":"https:\/\/www.europesays.com\/fr\/571384\/"},"modified":"2025-12-01T17:27:17","modified_gmt":"2025-12-01T17:27:17","slug":"quels-adversaires-potentiels-pour-le-blois-foot-en-32es","status":"publish","type":"post","link":"https:\/\/www.europesays.com\/fr\/571384\/","title":{"rendered":"quels adversaires potentiels pour le Blois Foot en 32es ?"},"content":{"rendered":"<p>Quel club affrontera le Blois Foot, le 20\u00a0d\u00e9cembre prochain, lors des 32es de finale de Coupe de France\u00a0? Apr\u00e8s avoir fait tomber <a target=\"_self\" href=\"https:\/\/www.lanouvellerepublique.fr\/blois\/coupe-de-france-apres-le-derby-romorantin-blois-il-faut-saluer-le-comportement-du-public-1764454069\" rel=\"noopener\">le SO Romorantin<\/a> lors du 8e tour, \u00e0 l\u2019issue d\u2019une s\u00e9ance de tirs au but, le club bl\u00e9sois conna\u00eetra son futur adversaire, ce lundi 1er\u00a0d\u00e9cembre 2025, lors du tirage au sort effectu\u00e9 au Parc des princes, \u00e0 partir de 19\u00a0h.<\/p>\n<p>Le Blois Foot fait partie des vingt-deux clubs plac\u00e9s dans le groupe C. Pas avec n\u2019importe qui puisque six \u00e9quipes de Ligue 1 sont \u00e9galement des adversaires potentiels pour K\u00e9vin Pradier et ses prot\u00e9g\u00e9s\u00a0: le Paris Saint-Germain, Angers, Lorient, Nantes, Brest et Rennes.<\/p>\n<p>Retrouvailles avec C\u00e9dric Hengbart\u00a0?<\/p>\n<p>\ufeffOn retrouve \u00e9galement quatre clubs de Ligue 2 (Guingamp, Le\u00a0Mans, Bastia, Laval), un pensionnaire de National (Concarneau), trois de National 2 (Blois, Les Herbiers, Avranches). Les Bl\u00e9sois pourraient ainsi retrouver leur ancien entra\u00eeneur, C\u00e9dric Hengbart, parti \u00e0 l\u2019intersaison \u00e0 Avranches.<\/p>\n<p>Pour rappel, le Blois Foot avait d\u00e9j\u00e0 re\u00e7u Nantes en 2017, d\u00e9j\u00e0 en 32es de finale. L\u2019\u00e9quipe entra\u00een\u00e9e par Patrice Monteilh \u00e0 l\u2019\u00e9poque avait \u00e9t\u00e9 \u00e9limin\u00e9e au stade des All\u00e9es (1-2).<\/p>\n<p>\u00c0 noter que trois ou quatre \u00e9quipes de R\u00e9gional 1 sont encore en lice avec Le Gosier (Guadeloupe), Bayeux, P\u00e9rigny et Montreuil, m\u00eame si la qualification du club montreuillais reste \u00e0 ent\u00e9riner apr\u00e8s la r\u00e9serve pos\u00e9e par Granville (N2).<\/p>\n<p><strong>Groupe C<\/strong>\u00a0: Angers SCO (L1), FC Lorient (L1), FC Nantes (L1), Paris Saint-Germain (L1), Stade Brestois (L1), Stade Rennais (L1), EA Guingamp (L2), Le\u00a0Mans FC (L2), SC Bastia (L2), Stade Lavallois MFC (L2), US Concarneau (N), Blois Foot 41 (N2), Les Herbiers VF (N2), US Avranches MSM (N2), Pontivy Garde Saint-Ivy (N3), Les Sables VF (N3), US Chauvigny (N3), Vend\u00e9e Fontenay Foot (N3), AS Le Gosier (R1), Bayeux FC (R1), FC P\u00e9rigny (R1), Montreuil FC (R1) ou US Granvillaise (N2).<\/p>\n<\/p>\n<p class=\"alireaussi\"><b>&gt;\u00a0Rejoignez la communaut\u00e9 NR\u00a0&#8211; Sports Loir-et-Cher sur Facebook.<\/b><\/p>\n<p><a title=\"Lien vers le groupe Facebook Sports Loir-et-Cher \/\/ par La Nouvelle R\u00e9publique\" target=\"_blank\" href=\"https:\/\/www.facebook.com\/groups\/278511669740633\" rel=\"noopener\"><img loading=\"lazy\" decoding=\"async\" width=\"350\" src=\"https:\/\/www.europesays.com\/fr\/wp-content\/uploads\/2025\/05\/2d5b45e0-1095-11f0-9fa7-258145d8c562.jpg\" height=\"130\"\/><\/a><\/p>\n","protected":false},"excerpt":{"rendered":"Quel club affrontera le Blois Foot, le 20\u00a0d\u00e9cembre prochain, lors des 32es de finale de Coupe de France\u00a0?&hellip;\n","protected":false},"author":2,"featured_media":571385,"comment_status":"","ping_status":"","sticky":false,"template":"","format":"standard","meta":{"footnotes":""},"categories":[2818],"tags":[1392,1111,11,3469,52302,1777,674,63,1011,27,4368,766,12,2636,25,60],"class_list":{"0":"post-571384","1":"post","2":"type-post","3":"status-publish","4":"format-standard","5":"has-post-thumbnail","7":"category-nantes","8":"tag-a-la-une-local","9":"tag-actu","10":"tag-actualites","11":"tag-blois","12":"tag-coupe-de-france-football","13":"tag-eu","14":"tag-europe","15":"tag-football","16":"tag-fr","17":"tag-france","18":"tag-loir-et-cher","19":"tag-nantes","20":"tag-news","21":"tag-pays-de-la-loire","22":"tag-republique-francaise","23":"tag-sports"},"share_on_mastodon":{"url":"https:\/\/pubeurope.com\/@fr\/115645491368982546","error":""},"_links":{"self":[{"href":"https:\/\/www.europesays.com\/fr\/wp-json\/wp\/v2\/posts\/571384","targetHints":{"allow":["GET"]}}],"collection":[{"href":"https:\/\/www.europesays.com\/fr\/wp-json\/wp\/v2\/posts"}],"about":[{"href":"https:\/\/www.europesays.com\/fr\/wp-json\/wp\/v2\/types\/post"}],"author":[{"embeddable":true,"href":"https:\/\/www.europesays.com\/fr\/wp-json\/wp\/v2\/users\/2"}],"replies":[{"embeddable":true,"href":"https:\/\/www.europesays.com\/fr\/wp-json\/wp\/v2\/comments?post=571384"}],"version-history":[{"count":0,"href":"https:\/\/www.europesays.com\/fr\/wp-json\/wp\/v2\/posts\/571384\/revisions"}],"wp:featuredmedia":[{"embeddable":true,"href":"https:\/\/www.europesays.com\/fr\/wp-json\/wp\/v2\/media\/571385"}],"wp:attachment":[{"href":"https:\/\/www.europesays.com\/fr\/wp-json\/wp\/v2\/media?parent=571384"}],"wp:term":[{"taxonomy":"category","embeddable":true,"href":"https:\/\/www.europesays.com\/fr\/wp-json\/wp\/v2\/categories?post=571384"},{"taxonomy":"post_tag","embeddable":true,"href":"https:\/\/www.europesays.com\/fr\/wp-json\/wp\/v2\/tags?post=571384"}],"curies":[{"name":"wp","href":"https:\/\/api.w.org\/{rel}","templated":true}]}}