{"id":571388,"date":"2025-12-01T17:29:22","date_gmt":"2025-12-01T17:29:22","guid":{"rendered":"https:\/\/www.europesays.com\/fr\/571388\/"},"modified":"2025-12-01T17:29:22","modified_gmt":"2025-12-01T17:29:22","slug":"alain-drivet-mort-dun-entrepreneur-girondin-qui-aimait-les-gens-de-lubb-a-la-cci","status":"publish","type":"post","link":"https:\/\/www.europesays.com\/fr\/571388\/","title":{"rendered":"Alain Drivet, mort d\u2019un entrepreneur girondin \u00ab\u00a0qui aimait les gens\u00a0\u00bb, de l\u2019UBB \u00e0 la CCI"},"content":{"rendered":"<p>\u00ab\u00a0Extraordinaire, rayonnant, quelqu\u2019un de positif\u00a0\u00bb, dit aussi Thierry Leblanc, le pr\u00e9sident de la F\u00e9d\u00e9ration fran\u00e7aise du b\u00e2timent (FFB), ami d\u2019enfance et son associ\u00e9 dans de nombreuses entreprises depuis \u00ab\u00a0l\u2019aube\u00a0\u00bb de leurs quarante ans \u2013 Electro-gaz, Cap\u00a0Vins, G2E, ou les restos embl\u00e9matiques du Ferret, le Warf et le White Garden. \u00ab\u00a0Quelqu\u2019un de tr\u00e8s positif, dynamique, entreprenant, constructif, il aimait les gens\u00a0: avec lui, un plus un, \u00e7a faisait plus que deux.\u00a0\u00bb<\/p>\n<p>        <img decoding=\"async\" id=\"26932621\" src=\"https:\/\/www.europesays.com\/fr\/wp-content\/uploads\/2025\/12\/alain-drivet.jpg\" alt=\"Alain Drivet \u00e9tait conseiller technique \u00e0 la CCI et administrateur de l\u2019UBB.\" itemprop=\"contentURL\"\/><\/p>\n<p>    Alain Drivet \u00e9tait conseiller technique \u00e0 la CCI et administrateur de l\u2019UBB.<\/p>\n<p>CCI<\/p>\n<p>    \u00ab\u00a0Un grand serviteur du club\u00a0\u00bb<\/p>\n","protected":false},"excerpt":{"rendered":"\u00ab\u00a0Extraordinaire, rayonnant, quelqu\u2019un de positif\u00a0\u00bb, dit aussi Thierry Leblanc, le pr\u00e9sident de la F\u00e9d\u00e9ration fran\u00e7aise du b\u00e2timent (FFB),&hellip;\n","protected":false},"author":2,"featured_media":571389,"comment_status":"","ping_status":"","sticky":false,"template":"","format":"standard","meta":{"footnotes":""},"categories":[2817],"tags":[1111,11,1997,1777,674,1011,27,12,2219,25],"class_list":{"0":"post-571388","1":"post","2":"type-post","3":"status-publish","4":"format-standard","5":"has-post-thumbnail","7":"category-bordeaux","8":"tag-actu","9":"tag-actualites","10":"tag-bordeaux","11":"tag-eu","12":"tag-europe","13":"tag-fr","14":"tag-france","15":"tag-news","16":"tag-nouvelle-aquitaine","17":"tag-republique-francaise"},"share_on_mastodon":{"url":"https:\/\/pubeurope.com\/@fr\/115645499443226032","error":""},"_links":{"self":[{"href":"https:\/\/www.europesays.com\/fr\/wp-json\/wp\/v2\/posts\/571388","targetHints":{"allow":["GET"]}}],"collection":[{"href":"https:\/\/www.europesays.com\/fr\/wp-json\/wp\/v2\/posts"}],"about":[{"href":"https:\/\/www.europesays.com\/fr\/wp-json\/wp\/v2\/types\/post"}],"author":[{"embeddable":true,"href":"https:\/\/www.europesays.com\/fr\/wp-json\/wp\/v2\/users\/2"}],"replies":[{"embeddable":true,"href":"https:\/\/www.europesays.com\/fr\/wp-json\/wp\/v2\/comments?post=571388"}],"version-history":[{"count":0,"href":"https:\/\/www.europesays.com\/fr\/wp-json\/wp\/v2\/posts\/571388\/revisions"}],"wp:featuredmedia":[{"embeddable":true,"href":"https:\/\/www.europesays.com\/fr\/wp-json\/wp\/v2\/media\/571389"}],"wp:attachment":[{"href":"https:\/\/www.europesays.com\/fr\/wp-json\/wp\/v2\/media?parent=571388"}],"wp:term":[{"taxonomy":"category","embeddable":true,"href":"https:\/\/www.europesays.com\/fr\/wp-json\/wp\/v2\/categories?post=571388"},{"taxonomy":"post_tag","embeddable":true,"href":"https:\/\/www.europesays.com\/fr\/wp-json\/wp\/v2\/tags?post=571388"}],"curies":[{"name":"wp","href":"https:\/\/api.w.org\/{rel}","templated":true}]}}