{"id":57139,"date":"2025-04-27T15:49:22","date_gmt":"2025-04-27T15:49:22","guid":{"rendered":"https:\/\/www.europesays.com\/fr\/57139\/"},"modified":"2025-04-27T15:49:22","modified_gmt":"2025-04-27T15:49:22","slug":"guerre-des-gangs-a-grenoble-quatre-personnes-blessees-par-balles-en-un-week-end","status":"publish","type":"post","link":"https:\/\/www.europesays.com\/fr\/57139\/","title":{"rendered":"\u00ab\u00a0Guerre des gangs\u00a0\u00bb \u00e0 Grenoble\u00a0: quatre personnes bless\u00e9es par balles en un week-end"},"content":{"rendered":"<p>Un homme, d\u2019une vingtaine d\u2019ann\u00e9es selon les pompiers, a \u00e9t\u00e9 bless\u00e9 vers 0 h 30, ce dimanche, \u00e0 Grenoble, et son pronostic vital est engag\u00e9, a pr\u00e9cis\u00e9 une source polici\u00e8re.<\/p>\n<p>Touch\u00e9e au niveau du cours Jean-Jaur\u00e8s, \u00e0 Echirolles, au sud de la ville, \u00ab dans des circonstances qui restent \u00e0 d\u00e9terminer \u00bb, la victime a \u00e9t\u00e9 d\u00e9pos\u00e9e par des amis devant une clinique m\u00e9dicale avant d\u2019\u00eatre prise en charge par les pompiers \u00e0 0 h 38, ont indiqu\u00e9 ces derniers \u00e0 l\u2019AFP.<\/p>\n<p>Il a \u00e9t\u00e9 transport\u00e9 en urgence absolue au service de d\u00e9chocage au CHU de Grenoble.<\/p>\n<p>Une enqu\u00eate a \u00e9t\u00e9 ouverte, a indiqu\u00e9 le procureur de Grenoble, qui \u00ab n\u2019a pas d\u2019\u00e9l\u00e9ments pr\u00e9cis quant \u00e0 son \u00e9tat de sant\u00e9 \u00bb \u00e0 l\u2019heure actuelle.<\/p>\n<p>\u00ab Un lien avec les stup\u00e9fiants \u00bb<\/p>\n<p>Il s\u2019agit du quatri\u00e8me bless\u00e9 par balles ce week-end dans l\u2019agglom\u00e9ration grenobloise.<\/p>\n<p>Un homme de 19 ans est dans un \u00e9tat critique apr\u00e8s avoir \u00e9t\u00e9 bless\u00e9 par balles dans la nuit de vendredi \u00e0 samedi dans le sud-est de Grenoble, et deux autres hommes ont \u00e9galement \u00e9t\u00e9 bless\u00e9s par balles \u00e0 Saint-Martin d&rsquo;H\u00e8res, dans la banlieue sud-est de Grenoble. Leur pronostic vital n\u2019est pas engag\u00e9.<\/p>\n<p>Ces deux tentatives d\u2019homicide distinctes \u00ab ont un lien avec les stup\u00e9fiants \u00bb, a indiqu\u00e9 une source polici\u00e8re \u00e0 l\u2019AFP, pr\u00e9cisant que des enqu\u00eates ont \u00e9t\u00e9 ouvertes sans pouvoir confirmer pour l\u2019heure si les deux affaires sont li\u00e9es.<\/p>\n<p>La ville de Grenoble et sa banlieue connaissent r\u00e9guli\u00e8rement des \u00e9pisodes de violences par arme \u00e0 feu en lien avec le trafic de drogue, les autorit\u00e9s n\u2019h\u00e9sitant plus \u00e0 parler de \u00ab guerre des gangs \u00bb.<\/p>\n","protected":false},"excerpt":{"rendered":"Un homme, d\u2019une vingtaine d\u2019ann\u00e9es selon les pompiers, a \u00e9t\u00e9 bless\u00e9 vers 0 h 30, ce dimanche, \u00e0&hellip;\n","protected":false},"author":2,"featured_media":57140,"comment_status":"","ping_status":"","sticky":false,"template":"","format":"standard","meta":{"footnotes":""},"categories":[9566],"tags":[1111,11,2430,1052,765,1777,674,118,1011,27,2731,12,25,71],"class_list":{"0":"post-57139","1":"post","2":"type-post","3":"status-publish","4":"format-standard","5":"has-post-thumbnail","7":"category-grenoble","8":"tag-actu","9":"tag-actualites","10":"tag-auvergne-rhone-alpes","11":"tag-drogue","12":"tag-en-continu","13":"tag-eu","14":"tag-europe","15":"tag-faits-divers","16":"tag-fr","17":"tag-france","18":"tag-grenoble","19":"tag-news","20":"tag-republique-francaise","21":"tag-sante"},"share_on_mastodon":{"url":"https:\/\/pubeurope.com\/@fr\/114410721544145366","error":""},"_links":{"self":[{"href":"https:\/\/www.europesays.com\/fr\/wp-json\/wp\/v2\/posts\/57139","targetHints":{"allow":["GET"]}}],"collection":[{"href":"https:\/\/www.europesays.com\/fr\/wp-json\/wp\/v2\/posts"}],"about":[{"href":"https:\/\/www.europesays.com\/fr\/wp-json\/wp\/v2\/types\/post"}],"author":[{"embeddable":true,"href":"https:\/\/www.europesays.com\/fr\/wp-json\/wp\/v2\/users\/2"}],"replies":[{"embeddable":true,"href":"https:\/\/www.europesays.com\/fr\/wp-json\/wp\/v2\/comments?post=57139"}],"version-history":[{"count":0,"href":"https:\/\/www.europesays.com\/fr\/wp-json\/wp\/v2\/posts\/57139\/revisions"}],"wp:featuredmedia":[{"embeddable":true,"href":"https:\/\/www.europesays.com\/fr\/wp-json\/wp\/v2\/media\/57140"}],"wp:attachment":[{"href":"https:\/\/www.europesays.com\/fr\/wp-json\/wp\/v2\/media?parent=57139"}],"wp:term":[{"taxonomy":"category","embeddable":true,"href":"https:\/\/www.europesays.com\/fr\/wp-json\/wp\/v2\/categories?post=57139"},{"taxonomy":"post_tag","embeddable":true,"href":"https:\/\/www.europesays.com\/fr\/wp-json\/wp\/v2\/tags?post=57139"}],"curies":[{"name":"wp","href":"https:\/\/api.w.org\/{rel}","templated":true}]}}