{"id":571390,"date":"2025-12-01T17:30:14","date_gmt":"2025-12-01T17:30:14","guid":{"rendered":"https:\/\/www.europesays.com\/fr\/571390\/"},"modified":"2025-12-01T17:30:14","modified_gmt":"2025-12-01T17:30:14","slug":"lancement-du-guide-de-lentrepreneur-2026-a-la-cite-de-lespace","status":"publish","type":"post","link":"https:\/\/www.europesays.com\/fr\/571390\/","title":{"rendered":"Lancement du Guide de l\u2019entrepreneur 2026 \u00e0 la Cit\u00e9 de l&rsquo;Espace"},"content":{"rendered":"<p>\u00c0 l\u2019occasion de la sortie du Guide de l\u2019entrepreneur \u00e9dition 2026, Toul\u00c9co organise une grande soir\u00e9e d\u00e9bat consacr\u00e9e \u00e0 l\u2019entreprise et aux d\u00e9cideurs, le 11\u00a0d\u00e9cembre prochain. La soir\u00e9e d\u00e9butera par une pr\u00e9sentation du guide avec les commentaires de Catherine Antic, directrice du R\u00e9seau R\u00e9tail et Gestion Priv\u00e9e de la Banque Populaire Occitane, Alexis Janicot, pr\u00e9sident de Mare Nostrum et Toulouse Way, Micheline Laporte, expert-comptable g\u00e9rante et fondatrice de AML Expertise Conseil (AEC 82), Fr\u00e9d\u00e9ric Carol, avocat associ\u00e9 chez Auban Avocats, et Carole Bourdeau, executive RH, fondatrice de l\u2019agence \u00c0 Coup S\u00fbr. <br class=\"autobr\"\/><br \/>\nUne s\u00e9quence anim\u00e9e par B\u00e9atrice Girard, r\u00e9dactrice en chef du Guide de l\u2019entrepreneur.<\/p>\n<p>Un grand d\u00e9bat sera ensuite anim\u00e9 par Martin Venzal, directeur de publication de Toul\u00c9co autour de la question\u00a0: \u00ab\u00a0L\u2019\u00e9conomie est-elle de droite ou de gauche\u00a0?\u00a0\u00bb Taxe Zucman, financement des retraites, dette publique. Rarement les sujets politiques n\u2019auront \u00e9t\u00e9 autant port\u00e9s sur l\u2019\u00e9conomie. Mais \u00e0 l\u2019heure o\u00f9 les \u00e9changes se polarisent, quelle marge de man\u0153uvre reste-t-il aux \u00e9conomistes et aux chercheurs pour apporter des \u00e9l\u00e9ments scientifiques et ainsi d\u00e9passionner les discussions\u00a0?<\/p>\n<p>D\u00e9battront Christian Gollier, \u00e9conomiste \u00e0 la Toulouse School of Economics et ancien directeur de TSE, Dominique Faure, maire de Saint-Orens (Parti Radical), ancienne ministre d\u00e9l\u00e9gu\u00e9e charg\u00e9e des Collectivit\u00e9s territoriales et de la ruralit\u00e9, Xavier Normand, maire de Castanet-Tolosan (EELV-Les \u00e9cologistes) et Olivier Brossard, professeur de sciences \u00e9conomiques \u00e0 Sciences Po Toulouse et coordinateur de la Chaire Bernard Maris. <br class=\"autobr\"\/><br \/>\nInscriptions <a href=\"https:\/\/www.linscription.com\/pro\/activite.php?P1=230636\" class=\"spip_out\" rel=\"external noopener\" target=\"_blank\">en ligne<\/a>.<\/p>\n<p>Le jeudi 11\u00a0d\u00e9cembre 2025 \u00e0 la Cit\u00e9 de l\u2019Espace, b\u00e2timent Astralia.<\/p>\n","protected":false},"excerpt":{"rendered":"\u00c0 l\u2019occasion de la sortie du Guide de l\u2019entrepreneur \u00e9dition 2026, Toul\u00c9co organise une grande soir\u00e9e d\u00e9bat consacr\u00e9e&hellip;\n","protected":false},"author":2,"featured_media":373637,"comment_status":"","ping_status":"","sticky":false,"template":"","format":"standard","meta":{"footnotes":""},"categories":[2816],"tags":[1111,11,1777,674,1011,27,500,12,2680,25,54207,2312],"class_list":{"0":"post-571390","1":"post","2":"type-post","3":"status-publish","4":"format-standard","5":"has-post-thumbnail","7":"category-toulouse","8":"tag-actu","9":"tag-actualites","10":"tag-eu","11":"tag-europe","12":"tag-fr","13":"tag-france","14":"tag-medias","15":"tag-news","16":"tag-occitanie","17":"tag-republique-francaise","18":"tag-touleco","19":"tag-toulouse"},"share_on_mastodon":{"url":"https:\/\/pubeurope.com\/@fr\/115645502064702081","error":""},"_links":{"self":[{"href":"https:\/\/www.europesays.com\/fr\/wp-json\/wp\/v2\/posts\/571390","targetHints":{"allow":["GET"]}}],"collection":[{"href":"https:\/\/www.europesays.com\/fr\/wp-json\/wp\/v2\/posts"}],"about":[{"href":"https:\/\/www.europesays.com\/fr\/wp-json\/wp\/v2\/types\/post"}],"author":[{"embeddable":true,"href":"https:\/\/www.europesays.com\/fr\/wp-json\/wp\/v2\/users\/2"}],"replies":[{"embeddable":true,"href":"https:\/\/www.europesays.com\/fr\/wp-json\/wp\/v2\/comments?post=571390"}],"version-history":[{"count":0,"href":"https:\/\/www.europesays.com\/fr\/wp-json\/wp\/v2\/posts\/571390\/revisions"}],"wp:featuredmedia":[{"embeddable":true,"href":"https:\/\/www.europesays.com\/fr\/wp-json\/wp\/v2\/media\/373637"}],"wp:attachment":[{"href":"https:\/\/www.europesays.com\/fr\/wp-json\/wp\/v2\/media?parent=571390"}],"wp:term":[{"taxonomy":"category","embeddable":true,"href":"https:\/\/www.europesays.com\/fr\/wp-json\/wp\/v2\/categories?post=571390"},{"taxonomy":"post_tag","embeddable":true,"href":"https:\/\/www.europesays.com\/fr\/wp-json\/wp\/v2\/tags?post=571390"}],"curies":[{"name":"wp","href":"https:\/\/api.w.org\/{rel}","templated":true}]}}