{"id":571393,"date":"2025-12-01T17:33:40","date_gmt":"2025-12-01T17:33:40","guid":{"rendered":"https:\/\/www.europesays.com\/fr\/571393\/"},"modified":"2025-12-01T17:33:40","modified_gmt":"2025-12-01T17:33:40","slug":"attention-aux-granules-de-plastique-qui-pourraient-sechouer-sur-les-plages-des-hauts-de-france","status":"publish","type":"post","link":"https:\/\/www.europesays.com\/fr\/571393\/","title":{"rendered":"Attention aux granul\u00e9s de plastique qui pourraient s\u2019\u00e9chouer sur les plages des Hauts-de-France"},"content":{"rendered":"<p>Une alerte a \u00e9t\u00e9 lanc\u00e9e vendredi 28\u00a0novembre 2025 concernant le risque d\u2019\u00e9chouage de millions de billes de plastique noires sur le littoral du secteur Nord-Pas-de-Calais dans les jours suivants, rapporte  <a href=\"https:\/\/actu.fr\/societe\/appel-a-la-vigilance-une-vague-de-billes-en-plastique-pourrait-arriver-sur-les-cotes-du-nord-pas-de-calais_63507048.html\" target=\"_blank\" rel=\"noopener\">Actu Lille<\/a> . Si aucune pollution n\u2019avait dans l\u2019imm\u00e9diat \u00e9t\u00e9 constat\u00e9e en France, les courants marins sont susceptibles de faire \u00e9chouer ces d\u00e9bris sur les plages des Hauts-de-France, dont celles du Pas-de-Calais.<\/p>\n<p>Ces corps \u00e9trangers sont des granul\u00e9s appel\u00e9s aussi biom\u00e9dias qui servent \u00e0 filtrer les bact\u00e9ries dans les eaux us\u00e9es des stations d\u2019\u00e9puration. C\u2019est l\u2019une de ces structures, situ\u00e9e \u00e0 Eastbourne, (Royaume-Uni) et g\u00e9r\u00e9e par Southern Water, qui les a laiss\u00e9s s\u2019\u00e9chapper, pr\u00e9cise  <a href=\"https:\/\/france3-regions.franceinfo.fr\/hauts-de-france\/pas-calais\/boulogne-mer\/des-millions-de-billes-en-plastique-noires-risquent-de-s-echouer-sur-les-cotes-francaises-dans-les-prochains-jours-3257827.html\" target=\"_blank\" rel=\"noopener\">France 3\u00a0Hauts-de-France<\/a> . La pr\u00e9fecture maritime Manche &#8211; Mer du Nord a fait savoir que ces perles sont en plastique inerte et non toxique et qu\u2019elles ne repr\u00e9sentent pas de danger significatif.\u00a0<\/p>\n<p>10\u00a0tonnes de billes dans l\u2019eau<\/p>\n<p>Toutefois, un expert de l\u2019association de d\u00e9fense des oc\u00e9ans Surfrider a recommand\u00e9 le port de gants lors du ramassage car les billes sont recouvertes de bact\u00e9ries provenant de la station d\u2019\u00e9puration.\u00a0Dix tonnes de granul\u00e9s plastiques se sont d\u00e9vers\u00e9es dans la mer, selon\u00a0 <a href=\"https:\/\/www.bbc.com\/news\/articles\/cpd6n556vl4o\" target=\"_blank\" rel=\"noopener\">BBC<\/a> . Un grand nombre s\u2019est \u00e9chou\u00e9 sur les plages du Royaume-Uni.\u00a0Pr\u00e8s de 80\u00a0% des billes arriv\u00e9es sur la terre ferme ont d\u00e9j\u00e0 \u00e9t\u00e9 r\u00e9cup\u00e9r\u00e9es, ce qui a co\u00fbt\u00e9 \u00e0 Southern Water\u00a02\u00a0millions de livres, soit environ 2,28\u00a0millions d\u2019euros.<\/p>\n<p>Comme tout microplastique, les billes peuvent \u00eatre ing\u00e9r\u00e9es par la faune marine comme les poissons, les oiseaux ou les crustac\u00e9s, expliquent nos confr\u00e8res. Il est par ailleurs conseill\u00e9 aux personnes fr\u00e9quentant les plages de faire particuli\u00e8rement attention lorsqu\u2019elles prom\u00e8nent leur chien.\u00a0Les autorit\u00e9s locales ont demand\u00e9 \u00e0 toute personne constatant l\u2019arriv\u00e9e de ces biom\u00e9dias de les pr\u00e9venir imm\u00e9diatement.\u00a0Les granul\u00e9s pourraient persister dans leur \u00e9tat actuel dans l\u2019environnement marin pendant dix \u00e0 vingt ans.<\/p>\n<p>\u00a0<\/p>\n","protected":false},"excerpt":{"rendered":"Une alerte a \u00e9t\u00e9 lanc\u00e9e vendredi 28\u00a0novembre 2025 concernant le risque d\u2019\u00e9chouage de millions de billes de plastique&hellip;\n","protected":false},"author":2,"featured_media":571394,"comment_status":"","ping_status":"","sticky":false,"template":"","format":"standard","meta":{"footnotes":""},"categories":[2815],"tags":[1111,11,68640,1777,674,1011,27,68639,811,1307,12,8302,6579,25],"class_list":{"0":"post-571393","1":"post","2":"type-post","3":"status-publish","4":"format-standard","5":"has-post-thumbnail","7":"category-lille","8":"tag-actu","9":"tag-actualites","10":"tag-echouer","11":"tag-eu","12":"tag-europe","13":"tag-fr","14":"tag-france","15":"tag-granules","16":"tag-hauts-de-france","17":"tag-lille","18":"tag-news","19":"tag-plages","20":"tag-plastique","21":"tag-republique-francaise"},"share_on_mastodon":{"url":"https:\/\/pubeurope.com\/@fr\/115645514114513637","error":""},"_links":{"self":[{"href":"https:\/\/www.europesays.com\/fr\/wp-json\/wp\/v2\/posts\/571393","targetHints":{"allow":["GET"]}}],"collection":[{"href":"https:\/\/www.europesays.com\/fr\/wp-json\/wp\/v2\/posts"}],"about":[{"href":"https:\/\/www.europesays.com\/fr\/wp-json\/wp\/v2\/types\/post"}],"author":[{"embeddable":true,"href":"https:\/\/www.europesays.com\/fr\/wp-json\/wp\/v2\/users\/2"}],"replies":[{"embeddable":true,"href":"https:\/\/www.europesays.com\/fr\/wp-json\/wp\/v2\/comments?post=571393"}],"version-history":[{"count":0,"href":"https:\/\/www.europesays.com\/fr\/wp-json\/wp\/v2\/posts\/571393\/revisions"}],"wp:featuredmedia":[{"embeddable":true,"href":"https:\/\/www.europesays.com\/fr\/wp-json\/wp\/v2\/media\/571394"}],"wp:attachment":[{"href":"https:\/\/www.europesays.com\/fr\/wp-json\/wp\/v2\/media?parent=571393"}],"wp:term":[{"taxonomy":"category","embeddable":true,"href":"https:\/\/www.europesays.com\/fr\/wp-json\/wp\/v2\/categories?post=571393"},{"taxonomy":"post_tag","embeddable":true,"href":"https:\/\/www.europesays.com\/fr\/wp-json\/wp\/v2\/tags?post=571393"}],"curies":[{"name":"wp","href":"https:\/\/api.w.org\/{rel}","templated":true}]}}