{"id":571397,"date":"2025-12-01T17:35:12","date_gmt":"2025-12-01T17:35:12","guid":{"rendered":"https:\/\/www.europesays.com\/fr\/571397\/"},"modified":"2025-12-01T17:35:12","modified_gmt":"2025-12-01T17:35:12","slug":"mailinblack-champion-marseillais-de-la-cybersecurite","status":"publish","type":"post","link":"https:\/\/www.europesays.com\/fr\/571397\/","title":{"rendered":"Mailinblack, champion marseillais de la cybers\u00e9curit\u00e9"},"content":{"rendered":"<p>Fond\u00e9e \u00e0 Marseille en\u00a02003 par Damien Neyret, <a href=\"https:\/\/www.laprovence.com\/article\/economie\/7979638105853414\/la-societe-marseillaise-mailinblack-alerte-l-ia-democratise-les-cyberattaques\" target=\"_blank\" rel=\"noopener\">Mailinblack a<\/a> confi\u00e9 quelques ann\u00e9es plus tard sa gestion et son d\u00e9veloppement \u00e0 Thomas Kerjean, ancien de Microsoft o\u00f9 il occupait des fonctions produits et op\u00e9rationnelles avant de diriger la strat\u00e9gie et la division cloud et IA de la filiale fran\u00e7aise. Revenu \u00e0 Marseille en\u00a02019, il a pour ambition de faire de Mailinblack un champion europ\u00e9en de la lutte contre la cybercriminalit\u00e9. La crise sanitaire a renforc\u00e9 ce besoin, alors que les cyberattaques se multipliaient contre les h\u00f4pitaux, collectivit\u00e9s et entreprises. La soci\u00e9t\u00e9 a ainsi doubl\u00e9 son effectif entre\u00a02020 et\u00a02021 et prot\u00e8ge aujourd\u2019hui les mails de plus de 25\u00a0000\u00a0clients \u00e0 travers l\u2019Europe.<\/p>\n<p>Pour Thomas Kerjean, le Troph\u00e9e de l\u2019\u00e9conomie 2021 a une valeur particuli\u00e8re\u00a0: \u00ab\u00a0\u202fIl a apport\u00e9 un ancrage local et une reconnaissance dans notre r\u00e9gion. Mailinblack a d\u00e9j\u00e0 \u00e9t\u00e9 distingu\u00e9e nationalement et \u00e0 l\u2019international, mais ce soutien local est pr\u00e9cieux. Le Top 20, club des grandes entreprises de la r\u00e9gion, nous a \u00e9galement s\u00e9lectionn\u00e9s.\u00a0\u00bb Le dirigeant souligne l\u2019importance de ce<strong> <\/strong>soutien local, qui permet \u00e0 l\u2019entreprise d\u2019innover, de se d\u00e9velopper et de continuer \u00e0 renforcer la cybers\u00e9curit\u00e9 tout en consolidant ses racines marseillaises. <a href=\"https:\/\/ttps:\/\/www.laprovence.com\/article\/economie\/25882708933696\/27e-trophees-de-leconomie-de-la-provence-ces-femmes-entrepreneures-qui-boostent-leconomie\" target=\"_blank\">Une reconnaissance <\/a>qui conforte Mailinblack dans sa mission de prot\u00e9ger les entreprises et institutions fran\u00e7aises et europ\u00e9ennes contre les menaces num\u00e9riques.<\/p>\n","protected":false},"excerpt":{"rendered":"Fond\u00e9e \u00e0 Marseille en\u00a02003 par Damien Neyret, Mailinblack a confi\u00e9 quelques ann\u00e9es plus tard sa gestion et son&hellip;\n","protected":false},"author":2,"featured_media":571398,"comment_status":"","ping_status":"","sticky":false,"template":"","format":"standard","meta":{"footnotes":""},"categories":[2814],"tags":[17,1111,11,1764,3362,154,33,1777,674,1011,27,30481,151,68641,884,12,882,25,37369],"class_list":{"0":"post-571397","1":"post","2":"type-post","3":"status-publish","4":"format-standard","5":"has-post-thumbnail","7":"category-marseille","8":"tag-17","9":"tag-actu","10":"tag-actualites","11":"tag-ans","12":"tag-champion","13":"tag-des","14":"tag-economie","15":"tag-eu","16":"tag-europe","17":"tag-fr","18":"tag-france","19":"tag-leconomie","20":"tag-les","21":"tag-mailinblack","22":"tag-marseille","23":"tag-news","24":"tag-provence-alpes-cote-dazur","25":"tag-republique-francaise","26":"tag-trophees"},"share_on_mastodon":{"url":"https:\/\/pubeurope.com\/@fr\/115645521982980454","error":""},"_links":{"self":[{"href":"https:\/\/www.europesays.com\/fr\/wp-json\/wp\/v2\/posts\/571397","targetHints":{"allow":["GET"]}}],"collection":[{"href":"https:\/\/www.europesays.com\/fr\/wp-json\/wp\/v2\/posts"}],"about":[{"href":"https:\/\/www.europesays.com\/fr\/wp-json\/wp\/v2\/types\/post"}],"author":[{"embeddable":true,"href":"https:\/\/www.europesays.com\/fr\/wp-json\/wp\/v2\/users\/2"}],"replies":[{"embeddable":true,"href":"https:\/\/www.europesays.com\/fr\/wp-json\/wp\/v2\/comments?post=571397"}],"version-history":[{"count":0,"href":"https:\/\/www.europesays.com\/fr\/wp-json\/wp\/v2\/posts\/571397\/revisions"}],"wp:featuredmedia":[{"embeddable":true,"href":"https:\/\/www.europesays.com\/fr\/wp-json\/wp\/v2\/media\/571398"}],"wp:attachment":[{"href":"https:\/\/www.europesays.com\/fr\/wp-json\/wp\/v2\/media?parent=571397"}],"wp:term":[{"taxonomy":"category","embeddable":true,"href":"https:\/\/www.europesays.com\/fr\/wp-json\/wp\/v2\/categories?post=571397"},{"taxonomy":"post_tag","embeddable":true,"href":"https:\/\/www.europesays.com\/fr\/wp-json\/wp\/v2\/tags?post=571397"}],"curies":[{"name":"wp","href":"https:\/\/api.w.org\/{rel}","templated":true}]}}