{"id":571399,"date":"2025-12-01T17:36:28","date_gmt":"2025-12-01T17:36:28","guid":{"rendered":"https:\/\/www.europesays.com\/fr\/571399\/"},"modified":"2025-12-01T17:36:28","modified_gmt":"2025-12-01T17:36:28","slug":"en-images-notre-dame-de-la-garde-les-echafaudages-enleves-inauguration-officielle-dimanche-7-decembre","status":"publish","type":"post","link":"https:\/\/www.europesays.com\/fr\/571399\/","title":{"rendered":"EN IMAGES-Notre-Dame de la Garde\u00a0: les \u00e9chafaudages enlev\u00e9s, inauguration officielle dimanche 7 d\u00e9cembre"},"content":{"rendered":"<p>Les travaux de r\u00e9novation de Notre-Dame de la Garde \u00e0 Marseille prennent officiellement fin lundi prochain 8 d\u00e9cembre. Une inauguration majestueuse est pr\u00e9vue ce dimanche 7 d\u00e9cembre. Mais les touristes et les Marseillais sont d\u00e9j\u00e0 l\u00e0 pour la voir scintiller de nouveau, enti\u00e8rement redor\u00e9e.<\/p>\n<p>C\u2019est la fin d\u2019un tr\u00e8s long lifting pour Notre-Dame de la Garde mais ca valait la peine d&rsquo;attendre\u00a0! <strong>Dix mois apr\u00e8s leur lancement<\/strong>, c&rsquo;est la fin des travaux de r\u00e9novation de la Bonne M\u00e8re lundi prochain 8 d\u00e9cembre. La basilique va retrouver tout son lustre grace \u00e0 des travaux d\u00e9licats r\u00e9alis\u00e9s \u00e0 plus de 200 m\u00e8tres d&rsquo;altitude et avec en point d\u2019orgue la statue de la Vierge et l\u2019enfant enti\u00e8rement redor\u00e9e gr\u00e2ce \u00e0 30\u00a0000 feuilles d\u2019or.<\/p>\n<p>Co\u00fbt des travaux\u00a0: 2,5 millions d&rsquo;euros financ\u00e9s par des dons et le m\u00e9c\u00e9nat. Et quand o naime, on ne compte pas\u00a0:\u00a0 40.000 donateurs ont \u00e9t\u00e9 au rendez-vous pour un montant total de 3,3 millions d&rsquo;euros.<\/p>\n<p>Une deuxi\u00e8me phase de travaux est pr\u00e9vue l&rsquo;an prochain, ces dons y seront investis.<\/p>\n<p> <img decoding=\"async\" src=\"https:\/\/www.europesays.com\/fr\/wp-content\/uploads\/2025\/12\/1764610582_258_1280\" alt=\"illustration agrandir l'image\" style=\"--_image-preview:url('data:image\/jpeg;base64,\/9j\/2wBDACgcHiMeGSgjISMtKygwPGRBPDc3PHtYXUlkkYCZlo+AjIqgtObDoKrarYqMyP\/L2u71\/\/\/\/m8H\/\/\/\/6\/+b9\/\/j\/2wBDASstLTw1PHZBQXb4pYyl+Pj4+Pj4+Pj4+Pj4+Pj4+Pj4+Pj4+Pj4+Pj4+Pj4+Pj4+Pj4+Pj4+Pj4+Pj4+Pj4+Pj\/wAARCAAXACoDASIAAhEBAxEB\/8QAFwABAQEBAAAAAAAAAAAAAAAAAAIBA\/\/EABgQAQEBAQEAAAAAAAAAAAAAAAABAhES\/8QAFgEBAQEAAAAAAAAAAAAAAAAAAAID\/8QAFREBAQAAAAAAAAAAAAAAAAAAABH\/2gAMAwEAAhEDEQA\/AKqaWotbVnCsrLWWlIDOs6UdLpNoIUm1NoAm6Z6AH\/\/Z');\" loading=\"lazy\" fetchpriority=\"low\" class=\"svelte-1cksh76 rounded\" onload=\"this.__e=event\" onerror=\"this.__e=event\"\/> Une inauguration officielle dimanche 7 d\u00e9cembre, m\u00eame si les visiteurs peuvent d\u00e9j\u00e0 l&rsquo;apercevoir d\u00e9barrass\u00e9e de ses \u00e9chafaudages \u00a9 Radio France &#8211; Laurent Grol\u00e9e  \u00ab\u00a0Elle illumine Marseille, \u00e7a donne de la joie et de la gaiet\u00e9\u00a0\u00bb<\/p>\n<p>La basilique reste le monument le plus visit\u00e9 \u00e0 Marseille avec <strong>2,5 millions de visiteurs par an<\/strong>. Certains profitent d\u00e9j\u00e0 du scintillement de la statue, comme la mexicaine Marie-Helena, subjug\u00e9e par la Bonne M\u00e8re d\u00e9barass\u00e9e de ses \u00e9chafaudages\u00a0: \u00ab\u00a0C&rsquo;est vraiment une statue majestueuse, merveilleuse et tr\u00e8s pr\u00e9cieuse\u00a0\u00bb. Sylvain habite en Arm\u00e9nie, mais pour ce Marseillais de naissance, pas de voyage \u00e0 Marseille sans un d\u00e9tour par la Bonne M\u00e8re\u00a0: \u00ab\u00a0Elle illumine Marseille, \u00e7a donne de la joie et de la gaiet\u00e9. On passe par la Bonne M\u00e8re et on vient prendre la b\u00e9n\u00e9diction , \u00e7a y est je suis motiv\u00e9 et plein d&rsquo;\u00e9nergie\u00a0!\u00a0\u00bb.<\/p>\n<p>Les Marseillais, qui la voyaient tous les jours depuis plusieurs mois enferm\u00e9e dans sa cage de fer, sont aussi d\u00e9j\u00e0 au rendez-vous, avant l&rsquo;inauguration officielle en fin de semaine, comme Nadine et Mich\u00e8le\u00a0:\u00a0\u00bbCroyants, pas croyants, tous les Marseillais adorent la Bonne M\u00e8re\u00a0! Elle brille, c&rsquo;est extraordinaire\u00a0\u00bb.<\/p>\n<p>Et un spectacle \u00ab\u00a0sons et lumi\u00e8res\u00a0\u00bb pour c\u00e9l\u00e9brer la fin des travaux dimanche<\/p>\n<p>Pour c\u00e9l\u00e9brer la fin de ces longs travaux, un spectacle sera donn\u00e9 dimanche 7 d\u00e9cembre. Premier temps fort \u00e0 15h30 par une messe sollenelle en l&rsquo;Abbaye Saint-Victor en pr\u00e9sence de monseigneur Aveline, puis une procession jusqu&rsquo;\u00e0 Notre-Dame de la Garde. Une b\u00e9n\u00e9diction est pr\u00e9vue \u00e0 18 heures avant un grand spectacle.<\/p>\n<p>A la manoeuvre, le <strong>DJ Micha\u00ebl Canitrot<\/strong> qui <a class=\"IciLink ici-link IciArticleLink g-ici-body-regular-1 underline brand svelte-1chfe2s\" href=\"https:\/\/www.francebleu.fr\/emissions\/si-on-sortait-ici-orleans\/michael-canitrot-pour-son-munumental-tour-le-19-septembre-a-chambord-5687880\" target=\"_blank\" rel=\"noopener\">a sublim\u00e9 plusieurs monuments<\/a>\u00a0dont le Mont- Saint Michel, la Tour Eiffel et la r\u00e9ouverture de Notre-Dame de Paris. Le spectacle \u00e0 360 degr\u00e9s, bapti\u00e9 Elevation, sera visible o\u00f9 que vous soyez \u00e0 Marseille, pendant 10 \u00e0 12 minutes. Un dispositif lumineux sera maintenu pour tous les retardataires jusqu&rsquo;\u00e0 23 heures-minuit. Micha\u00ebl Canitrot a notamment revisit\u00e9 l&rsquo;Ave Maria\u00a0de Schubert, du classique pour commencer et de la musique actuelle \u00e9lectro pour finir, \u00e7a promet des \u00e9tincelles dans le ciel de Marseille, dimanche soir.<br \/>Les festivit\u00e9s vont entra\u00eener des restrictions de stationnement et de circulation.<\/p>\n<p> <img decoding=\"async\" src=\"https:\/\/www.europesays.com\/fr\/wp-content\/uploads\/2025\/12\/1764610584_490_1280\" alt=\"illustration agrandir l'image\" style=\"--_image-preview:url('data:image\/jpeg;base64,\/9j\/2wBDACgcHiMeGSgjISMtKygwPGRBPDc3PHtYXUlkkYCZlo+AjIqgtObDoKrarYqMyP\/L2u71\/\/\/\/m8H\/\/\/\/6\/+b9\/\/j\/2wBDASstLTw1PHZBQXb4pYyl+Pj4+Pj4+Pj4+Pj4+Pj4+Pj4+Pj4+Pj4+Pj4+Pj4+Pj4+Pj4+Pj4+Pj4+Pj4+Pj4+Pj\/wAARCAAXACoDASIAAhEBAxEB\/8QAGAABAQEBAQAAAAAAAAAAAAAAAAECAwT\/xAAVEAEBAAAAAAAAAAAAAAAAAAAAAf\/EABYBAQEBAAAAAAAAAAAAAAAAAAIDAf\/EABURAQEAAAAAAAAAAAAAAAAAAAAB\/9oADAMBAAIRAxEAPwCURYUZWo3GI6RSBVUCY8ywEYo3G4CkCtKBMf\/Z');\" loading=\"lazy\" fetchpriority=\"low\" class=\"svelte-1cksh76 rounded\" onload=\"this.__e=event\" onerror=\"this.__e=event\"\/> Derniers travaux, avant l&rsquo;inauguration de la Bonne M\u00e8re restaur\u00e9e dimanche 7 d\u00e9cembre \u00a9 Radio France &#8211; Laurent Grol\u00e9e   <img decoding=\"async\" src=\"https:\/\/www.europesays.com\/fr\/wp-content\/uploads\/2025\/12\/1764610585_353_1280\" alt=\"illustration agrandir l'image\" style=\"--_image-preview:url('data:image\/jpeg;base64,\/9j\/2wBDACgcHiMeGSgjISMtKygwPGRBPDc3PHtYXUlkkYCZlo+AjIqgtObDoKrarYqMyP\/L2u71\/\/\/\/m8H\/\/\/\/6\/+b9\/\/j\/2wBDASstLTw1PHZBQXb4pYyl+Pj4+Pj4+Pj4+Pj4+Pj4+Pj4+Pj4+Pj4+Pj4+Pj4+Pj4+Pj4+Pj4+Pj4+Pj4+Pj4+Pj\/wAARCAAXACoDASIAAhEBAxEB\/8QAFwABAQEBAAAAAAAAAAAAAAAAAAMCAf\/EABkQAQEBAQEBAAAAAAAAAAAAAAACARIRA\/\/EABYBAQEBAAAAAAAAAAAAAAAAAAABAv\/EABQRAQAAAAAAAAAAAAAAAAAAAAD\/2gAMAwEAAhEDEQA\/AKdnaHZ0ovtp1ae0xVAfSkfXapP0RfKa9BFc3WK0BUq1kBl\/\/9k=');\" loading=\"lazy\" fetchpriority=\"low\" class=\"svelte-1cksh76 rounded\" onload=\"this.__e=event\" onerror=\"this.__e=event\"\/> Micha\u00ebl Canitrot le DJ qui va illuminer Notre dame de la garde, dimanche \u00a9 Radio France &#8211; Laurent Grol\u00e9e  \u00c0 lire aussi   <img decoding=\"async\" src=\"https:\/\/www.europesays.com\/fr\/wp-content\/uploads\/2025\/12\/1764610587_221_400x400\" alt=\"\" style=\"--_image-preview:url('data:image\/jpeg;base64,\/9j\/2wBDACgcHiMeGSgjISMtKygwPGRBPDc3PHtYXUlkkYCZlo+AjIqgtObDoKrarYqMyP\/L2u71\/\/\/\/m8H\/\/\/\/6\/+b9\/\/j\/2wBDASstLTw1PHZBQXb4pYyl+Pj4+Pj4+Pj4+Pj4+Pj4+Pj4+Pj4+Pj4+Pj4+Pj4+Pj4+Pj4+Pj4+Pj4+Pj4+Pj4+Pj\/wAARCAAXACoDASIAAhEBAxEB\/8QAFgABAQEAAAAAAAAAAAAAAAAAAAEC\/8QAFhABAQEAAAAAAAAAAAAAAAAAAAER\/8QAFwEAAwEAAAAAAAAAAAAAAAAAAAECA\/\/EABURAQEAAAAAAAAAAAAAAAAAAAAB\/9oADAMBAAIRAxEAPwDII3YgBAFFBKmgmhNagFDVQWT\/2Q==');\" loading=\"lazy\" fetchpriority=\"low\" aria-hidden=\"true\" class=\"svelte-1cksh76 rounded\" onload=\"this.__e=event\" onerror=\"this.__e=event\"\/>\u00c0 lire aussi   <img decoding=\"async\" src=\"https:\/\/www.europesays.com\/fr\/wp-content\/uploads\/2025\/12\/1764610588_199_400x400\" alt=\"\" style=\"--_image-preview:url('data:image\/jpeg;base64,\/9j\/2wBDACgcHiMeGSgjISMtKygwPGRBPDc3PHtYXUlkkYCZlo+AjIqgtObDoKrarYqMyP\/L2u71\/\/\/\/m8H\/\/\/\/6\/+b9\/\/j\/2wBDASstLTw1PHZBQXb4pYyl+Pj4+Pj4+Pj4+Pj4+Pj4+Pj4+Pj4+Pj4+Pj4+Pj4+Pj4+Pj4+Pj4+Pj4+Pj4+Pj4+Pj\/wAARCAAXACoDASIAAhEBAxEB\/8QAGAAAAwEBAAAAAAAAAAAAAAAAAAECAwT\/xAAYEAEBAQEBAAAAAAAAAAAAAAAAARICEf\/EABYBAQEBAAAAAAAAAAAAAAAAAAEAAv\/EABURAQEAAAAAAAAAAAAAAAAAAAAR\/9oADAMBAAIRAxEAPwDo0V6Z6K9CmLvRaZ3pOlVG86VtzTs9miF6LQGWkWotASGj0AQ\/\/9k=');\" loading=\"lazy\" fetchpriority=\"low\" aria-hidden=\"true\" class=\"svelte-1cksh76 rounded\" onload=\"this.__e=event\" onerror=\"this.__e=event\"\/><\/p>\n","protected":false},"excerpt":{"rendered":"Les travaux de r\u00e9novation de Notre-Dame de la Garde \u00e0 Marseille prennent officiellement fin lundi prochain 8 d\u00e9cembre.&hellip;\n","protected":false},"author":2,"featured_media":571400,"comment_status":"","ping_status":"","sticky":false,"template":"","format":"standard","meta":{"footnotes":""},"categories":[2814],"tags":[1111,11,1777,674,1011,27,884,12,882,25],"class_list":{"0":"post-571399","1":"post","2":"type-post","3":"status-publish","4":"format-standard","5":"has-post-thumbnail","7":"category-marseille","8":"tag-actu","9":"tag-actualites","10":"tag-eu","11":"tag-europe","12":"tag-fr","13":"tag-france","14":"tag-marseille","15":"tag-news","16":"tag-provence-alpes-cote-dazur","17":"tag-republique-francaise"},"share_on_mastodon":{"url":"https:\/\/pubeurope.com\/@fr\/115645527160039552","error":""},"_links":{"self":[{"href":"https:\/\/www.europesays.com\/fr\/wp-json\/wp\/v2\/posts\/571399","targetHints":{"allow":["GET"]}}],"collection":[{"href":"https:\/\/www.europesays.com\/fr\/wp-json\/wp\/v2\/posts"}],"about":[{"href":"https:\/\/www.europesays.com\/fr\/wp-json\/wp\/v2\/types\/post"}],"author":[{"embeddable":true,"href":"https:\/\/www.europesays.com\/fr\/wp-json\/wp\/v2\/users\/2"}],"replies":[{"embeddable":true,"href":"https:\/\/www.europesays.com\/fr\/wp-json\/wp\/v2\/comments?post=571399"}],"version-history":[{"count":0,"href":"https:\/\/www.europesays.com\/fr\/wp-json\/wp\/v2\/posts\/571399\/revisions"}],"wp:featuredmedia":[{"embeddable":true,"href":"https:\/\/www.europesays.com\/fr\/wp-json\/wp\/v2\/media\/571400"}],"wp:attachment":[{"href":"https:\/\/www.europesays.com\/fr\/wp-json\/wp\/v2\/media?parent=571399"}],"wp:term":[{"taxonomy":"category","embeddable":true,"href":"https:\/\/www.europesays.com\/fr\/wp-json\/wp\/v2\/categories?post=571399"},{"taxonomy":"post_tag","embeddable":true,"href":"https:\/\/www.europesays.com\/fr\/wp-json\/wp\/v2\/tags?post=571399"}],"curies":[{"name":"wp","href":"https:\/\/api.w.org\/{rel}","templated":true}]}}