{"id":571401,"date":"2025-12-01T17:37:16","date_gmt":"2025-12-01T17:37:16","guid":{"rendered":"https:\/\/www.europesays.com\/fr\/571401\/"},"modified":"2025-12-01T17:37:16","modified_gmt":"2025-12-01T17:37:16","slug":"un-nonagenaire-evacue-dans-un-etat-grave","status":"publish","type":"post","link":"https:\/\/www.europesays.com\/fr\/571401\/","title":{"rendered":"un nonag\u00e9naire \u00e9vacu\u00e9 dans un \u00e9tat grave"},"content":{"rendered":"<p>Ce lundi 1er\u00a0d\u00e9cembre \u00e0 10 heures, les pompiers sont intervenus pour un incendie qui s\u2019est d\u00e9clar\u00e9 dans un appartement deux pi\u00e8ces au 14, rue de la Gare \u00e0 Caluire-et-Cuire.<\/p>\n<p>Intoxiqu\u00e9 par les fum\u00e9es<\/p>\n<p>Selon les informations du Progr\u00e8s, un nonag\u00e9naire, intoxiqu\u00e9 par les fum\u00e9es provoqu\u00e9es par le sinistre, a \u00e9t\u00e9 pris en charge par les secours et transport\u00e9 \u00e0 l\u2019h\u00f4pital en \u00e9tat d\u2019urgence absolue.<\/p>\n<p>Le feu a \u00e9t\u00e9 rapidement \u00e9teint et ne semble pas s\u2019\u00eatre propag\u00e9 \u00e0 d\u2019autres habitations puisqu\u2019\u00e0 11\u00a0heures 30, heure de fin de l\u2019intervention, aucune op\u00e9ration de relogement n\u2019\u00e9tait envisag\u00e9e.<\/p>\n<p>L\u2019origine de cet incendie reste pour l\u2019heure inconnue.<\/p>\n","protected":false},"excerpt":{"rendered":"Ce lundi 1er\u00a0d\u00e9cembre \u00e0 10 heures, les pompiers sont intervenus pour un incendie qui s\u2019est d\u00e9clar\u00e9 dans un&hellip;\n","protected":false},"author":2,"featured_media":571402,"comment_status":"","ping_status":"","sticky":false,"template":"","format":"standard","meta":{"footnotes":""},"categories":[1889],"tags":[1111,11,2430,15843,15842,2757,1777,674,274,1011,27,1310,2428,12,25,2429,71,104],"class_list":{"0":"post-571401","1":"post","2":"type-post","3":"status-publish","4":"format-standard","5":"has-post-thumbnail","7":"category-lyon","8":"tag-actu","9":"tag-actualites","10":"tag-auvergne-rhone-alpes","11":"tag-caluire","12":"tag-caluire-et-cuire","13":"tag-edition-lyon-villeurbanne","14":"tag-eu","15":"tag-europe","16":"tag-faits-divers-justice","17":"tag-fr","18":"tag-france","19":"tag-incendie","20":"tag-lyon","21":"tag-news","22":"tag-republique-francaise","23":"tag-rhone","24":"tag-sante","25":"tag-societe"},"share_on_mastodon":{"url":"https:\/\/pubeurope.com\/@fr\/115645529761413905","error":""},"_links":{"self":[{"href":"https:\/\/www.europesays.com\/fr\/wp-json\/wp\/v2\/posts\/571401","targetHints":{"allow":["GET"]}}],"collection":[{"href":"https:\/\/www.europesays.com\/fr\/wp-json\/wp\/v2\/posts"}],"about":[{"href":"https:\/\/www.europesays.com\/fr\/wp-json\/wp\/v2\/types\/post"}],"author":[{"embeddable":true,"href":"https:\/\/www.europesays.com\/fr\/wp-json\/wp\/v2\/users\/2"}],"replies":[{"embeddable":true,"href":"https:\/\/www.europesays.com\/fr\/wp-json\/wp\/v2\/comments?post=571401"}],"version-history":[{"count":0,"href":"https:\/\/www.europesays.com\/fr\/wp-json\/wp\/v2\/posts\/571401\/revisions"}],"wp:featuredmedia":[{"embeddable":true,"href":"https:\/\/www.europesays.com\/fr\/wp-json\/wp\/v2\/media\/571402"}],"wp:attachment":[{"href":"https:\/\/www.europesays.com\/fr\/wp-json\/wp\/v2\/media?parent=571401"}],"wp:term":[{"taxonomy":"category","embeddable":true,"href":"https:\/\/www.europesays.com\/fr\/wp-json\/wp\/v2\/categories?post=571401"},{"taxonomy":"post_tag","embeddable":true,"href":"https:\/\/www.europesays.com\/fr\/wp-json\/wp\/v2\/tags?post=571401"}],"curies":[{"name":"wp","href":"https:\/\/api.w.org\/{rel}","templated":true}]}}