{"id":571403,"date":"2025-12-01T17:38:13","date_gmt":"2025-12-01T17:38:13","guid":{"rendered":"https:\/\/www.europesays.com\/fr\/571403\/"},"modified":"2025-12-01T17:38:13","modified_gmt":"2025-12-01T17:38:13","slug":"les-tcl-devoilent-leur-plan-pour-la-fete-des-lumieres-a-lyon","status":"publish","type":"post","link":"https:\/\/www.europesays.com\/fr\/571403\/","title":{"rendered":"les TCL d\u00e9voilent leur plan pour la F\u00eate des Lumi\u00e8res \u00e0 Lyon"},"content":{"rendered":"<p itemprop=\"description\"><strong>A quelques jours du d\u00e9but de la f\u00eate des Lumi\u00e8res, les TCL ont d\u00e9voil\u00e9 l\u2019offre qui sera propos\u00e9e pendant l\u2019\u00e9v\u00e9nement.<\/strong><\/p>\n<p>Les quatre lignes de m\u00e9tro circuleront avec des fr\u00e9quences renforc\u00e9es jusqu&rsquo;\u00e0 2h00 du matin et les lignes de tramway majeures et les funiculaires b\u00e9n\u00e9ficieront \u00e9galement de renforts et de prolongations significatives. Les parcs-relais seront ouverts jusqu&rsquo;\u00e0 01h et pour certains prolong\u00e9s \u00e0 03h. Les TCL ne font, pour l\u2019instant, pas mention d\u2019une quelconque gr\u00e8ve sur le r\u00e9seau alors qu\u2019un <a href=\"https:\/\/www.lyonmag.com\/article\/148576\/lyon-la-fete-des-lumieres-perturbee-par-une-greve-des-tcl\" target=\"_blank\" rel=\"noopener\">pr\u00e9avis<\/a> a \u00e9t\u00e9 d\u00e9pos\u00e9 pour les journ\u00e9es du 5, 6 et 7 d\u00e9cembre, avec de fortes perturbations attendues au niveau des m\u00e9tros et des trams.\u00a0<\/p>\n<p>Concernant les bus, la Presqu\u2019ile devenant en partie pi\u00e9tonne pendant les animations, les parcours de certaines lignes seront ajust\u00e9s.<\/p>\n<p>Pour l\u2019occasion, les TCL vont d\u00e9ployer le dispositif TCL en F\u00eate du vendredi 5 au lundi 8 d\u00e9cembre, avec un ticket au prix unique de 3,70 \u20ac, valable toute la journ\u00e9e sur l\u2019int\u00e9gralit\u00e9 du r\u00e9seau unifi\u00e9. Les familles et groupes pourront \u00e9galement choisir le Pass Tribu, de 7\u20ac \u00e0 9\u20ac80 en fonction des zones choisies par jour et par groupe.<\/p>\n<p>Pendant ces quatre jours, 660 agents seront mobilis\u00e9s quotidiennement. Parmi eux, 150 agents seront d\u00e9ploy\u00e9s sur les points cl\u00e9s afin d\u2019orienter, s\u00e9curiser et fluidifier les d\u00e9placements des usagers.\u00a0<\/p>\n<p>A noter enfin que le 8 d\u00e9cembre, \u00e0 partir de 16h, le r\u00e9seau sera gratuit en zones 1 et 2, afin de permettre \u00e0 chacun de rejoindre sereinement le p\u00e9rim\u00e8tre pi\u00e9ton de la Presqu\u2019\u00eele et du Vieux Lyon.<\/p>\n","protected":false},"excerpt":{"rendered":"A quelques jours du d\u00e9but de la f\u00eate des Lumi\u00e8res, les TCL ont d\u00e9voil\u00e9 l\u2019offre qui sera propos\u00e9e&hellip;\n","protected":false},"author":2,"featured_media":571404,"comment_status":"","ping_status":"","sticky":false,"template":"","format":"standard","meta":{"footnotes":""},"categories":[1889],"tags":[1111,11,2813,2190,2430,1109,251,1112,2811,1777,674,118,1011,27,1922,1110,1114,2428,2810,12,241,316,25,2812,517,800],"class_list":{"0":"post-571403","1":"post","2":"type-post","3":"status-publish","4":"format-standard","5":"has-post-thumbnail","7":"category-lyon","8":"tag-actu","9":"tag-actualites","10":"tag-article","11":"tag-asvel","12":"tag-auvergne-rhone-alpes","13":"tag-breves","14":"tag-culture","15":"tag-depeches","16":"tag-economique","17":"tag-eu","18":"tag-europe","19":"tag-faits-divers","20":"tag-fr","21":"tag-france","22":"tag-info","23":"tag-informations","24":"tag-infos","25":"tag-lyon","26":"tag-lyonmag","27":"tag-news","28":"tag-ol","29":"tag-politique","30":"tag-republique-francaise","31":"tag-sociale","32":"tag-sport","33":"tag-transports"},"share_on_mastodon":{"url":"https:\/\/pubeurope.com\/@fr\/115645533601625299","error":""},"_links":{"self":[{"href":"https:\/\/www.europesays.com\/fr\/wp-json\/wp\/v2\/posts\/571403","targetHints":{"allow":["GET"]}}],"collection":[{"href":"https:\/\/www.europesays.com\/fr\/wp-json\/wp\/v2\/posts"}],"about":[{"href":"https:\/\/www.europesays.com\/fr\/wp-json\/wp\/v2\/types\/post"}],"author":[{"embeddable":true,"href":"https:\/\/www.europesays.com\/fr\/wp-json\/wp\/v2\/users\/2"}],"replies":[{"embeddable":true,"href":"https:\/\/www.europesays.com\/fr\/wp-json\/wp\/v2\/comments?post=571403"}],"version-history":[{"count":0,"href":"https:\/\/www.europesays.com\/fr\/wp-json\/wp\/v2\/posts\/571403\/revisions"}],"wp:featuredmedia":[{"embeddable":true,"href":"https:\/\/www.europesays.com\/fr\/wp-json\/wp\/v2\/media\/571404"}],"wp:attachment":[{"href":"https:\/\/www.europesays.com\/fr\/wp-json\/wp\/v2\/media?parent=571403"}],"wp:term":[{"taxonomy":"category","embeddable":true,"href":"https:\/\/www.europesays.com\/fr\/wp-json\/wp\/v2\/categories?post=571403"},{"taxonomy":"post_tag","embeddable":true,"href":"https:\/\/www.europesays.com\/fr\/wp-json\/wp\/v2\/tags?post=571403"}],"curies":[{"name":"wp","href":"https:\/\/api.w.org\/{rel}","templated":true}]}}