{"id":571417,"date":"2025-12-01T17:46:23","date_gmt":"2025-12-01T17:46:23","guid":{"rendered":"https:\/\/www.europesays.com\/fr\/571417\/"},"modified":"2025-12-01T17:46:23","modified_gmt":"2025-12-01T17:46:23","slug":"en-direct-guerre-en-ukraine-%e2%88%92-en-novembre-larmee-russe-a-realise-son-avancee-la-plus-importante-depuis-un-an","status":"publish","type":"post","link":"https:\/\/www.europesays.com\/fr\/571417\/","title":{"rendered":"En direct, guerre en Ukraine \u2212 En novembre, l\u2019arm\u00e9e russe a r\u00e9alis\u00e9 son avanc\u00e9e la plus importante depuis un an"},"content":{"rendered":"<p>        18:35<\/p>\n<p>      Volodymyr Zelensky accuse la Russie d\u2019intensifier ses frappes pour \u00abbriser les Ukrainiens\u00bb<\/p>\n<p>              <a tabindex=\"-1\" title=\"Le Temps avec l\u2019AFP\" href=\"https:\/\/www.letemps.ch\/profil\/le-temps-avec-l-afp\" target=\"_blank\" rel=\"noopener\"><\/p>\n<p>                    <img decoding=\"async\" src=\"https:\/\/www.europesays.com\/fr\/wp-content\/uploads\/2025\/04\/1744691829_537_small.jpeg\" class=\"lazy\" alt=\"\"\/><\/p>\n<p><\/a>        <\/p>\n<p>Le pr\u00e9sident ukrainien a accus\u00e9 ce lundi la Russie d\u2019intensifier ses frappes de drones et missiles sur son pays pour \u00abbriser les Ukrainiens\u00bb, lors d\u2019une conf\u00e9rence de presse \u00e0 Paris avec son homologue fran\u00e7ais Emmanuel Macron. \u00abNous constatons une augmentation des frappes de missiles et de drones. C\u2019est une forte pression, non seulement psychologique mais aussi physique sur notre population, simplement pour briser les Ukrainiens\u00bb, a-t-il d\u00e9nonc\u00e9, alors que des zones r\u00e9sidentielles et infrastructures subissent des attaques russes quotidiennement. Volodymyr Zelensky a estim\u00e9, par ailleurs, qu\u2019il \u00e9tait injuste de ne pas inclure les Europ\u00e9ens dans les pourparlers sur la reconstruction de l\u2019Ukraine, l\u2019un des volets du plan am\u00e9ricain.<\/p>\n<p>\u00abLa question de l\u2019argent, de la reconstruction [\u2026] sans la pr\u00e9sence des partenaires europ\u00e9ens, ce n\u2019est pas facile. C\u2019est difficile parce que l\u2019argent se trouve en Europe et je pense que ce n\u2019est pas tr\u00e8s juste\u00bb, a-t-il d\u00e9clar\u00e9.<\/p>\n<p>        17:14<\/p>\n<p>      Un plan de paix ne peut \u00eatre \u00abfinalis\u00e9\u00bb qu\u2019avec l\u2019Ukraine et les Europ\u00e9ens \u00abautour de la table\u00bb, estime Emmanuel Macron<\/p>\n<p>              <a tabindex=\"-1\" title=\"Le Temps avec l\u2019AFP\" href=\"https:\/\/www.letemps.ch\/profil\/le-temps-avec-l-afp\" target=\"_blank\" rel=\"noopener\"><\/p>\n<p>                    <img decoding=\"async\" src=\"https:\/\/www.europesays.com\/fr\/wp-content\/uploads\/2025\/04\/1744691829_537_small.jpeg\" class=\"lazy\" alt=\"\"\/><\/p>\n<p><\/a>        <\/p>\n<p>Un plan de paix entre la Russie et l\u2019Ukraine ne peut \u00eatre finalis\u00e9 qu\u2019avec Kiev et les Europ\u00e9ens \u00abautour de la table\u00bb, a d\u00e9clar\u00e9 lundi Emmanuel Macron, lors d\u2019une conf\u00e9rence de presse avec son homologue Volodymyr Zelensky \u00e0 Paris.<\/p>\n<p>  <a class=\"glightbox\" href=\"https:\/\/www.letemps.ch\/placeholder.png\" data-type=\"image\" data-description=\"Volodymyr Zelensky et Emmanuel Macron \u00e0 Paris, ce lundi 1er d\u00e9cembre. &#010; \u2014 \u00a9 CHRISTOPHE ENA \/ POOL \/ keystone-sda.ch\" data- target=\"_blank\" rel=\"noopener\"><\/p>\n<p>      <img decoding=\"async\" class=\"lazy\" title=\"Volodymyr Zelensky et Emmanuel Macron \u00e0 Paris, ce lundi 1er d\u00e9cembre. &#10; \u2014 \u00a9 CHRISTOPHE ENA \/ POOL \/ keystone-sda.ch\" alt=\"Volodymyr Zelensky et Emmanuel Macron \u00e0 Paris, ce lundi 1er d\u00e9cembre. &#10; \u2014 \u00a9 CHRISTOPHE ENA \/ POOL \/ keystone-sda.ch\" src=\"https:\/\/www.europesays.com\/fr\/wp-content\/uploads\/2025\/12\/1764611176_664_medium.jpeg\"\/><\/p>\n<p>  <\/a><br \/>\n  Volodymyr Zelensky et Emmanuel Macron \u00e0 Paris, ce lundi 1er d\u00e9cembre.<br \/>\n \u2014 \u00a9 CHRISTOPHE ENA \/ POOL \/ keystone-sda.ch<\/p>\n<p>\u00abIl n\u2019y a pas aujourd\u2019hui \u00e0 proprement parler un plan qui soit finalis\u00e9 sur les questions des territoires. Il ne peut \u00eatre finalis\u00e9 que par le pr\u00e9sident Zelensky\u00bb, a d\u00e9clar\u00e9 le pr\u00e9sident fran\u00e7ais alors que \u00abdes m\u00e9diateurs am\u00e9ricains vont se d\u00e9placer \u00e0 Moscou dans les prochaines heures\u00bb. \u00abSur la question des actifs gel\u00e9s, des garanties de s\u00e9curit\u00e9, de l\u2019accession \u00e0 l\u2019Union europ\u00e9enne, des sanctions europ\u00e9ennes, (ce plan) ne peut \u00eatre finalis\u00e9 qu\u2019avec les Europ\u00e9ens autour de la table. Donc nous sommes encore \u00e0 une phase pr\u00e9alable\u00bb, a-t-il ajout\u00e9.<\/p>\n<p>        16:34<\/p>\n<p>      Le chancelier Merz refuse une \u00abpaix dict\u00e9e\u00bb \u00e0 l\u2019Ukraine<\/p>\n<p>              <a tabindex=\"-1\" title=\"Le Temps avec l\u2019AFP\" href=\"https:\/\/www.letemps.ch\/profil\/le-temps-avec-l-afp\" target=\"_blank\" rel=\"noopener\"><\/p>\n<p>                    <img decoding=\"async\" src=\"https:\/\/www.europesays.com\/fr\/wp-content\/uploads\/2025\/04\/1744691829_537_small.jpeg\" class=\"lazy\" alt=\"\"\/><\/p>\n<p><\/a>        <\/p>\n<p>Les Europ\u00e9ens s\u2019opposeront \u00e0 une \u00abpaix dict\u00e9e\u00bb \u00e0 l\u2019Ukraine, a affirm\u00e9 lundi le chancelier allemand Friedrich Merz, \u00e0 la veille de n\u00e9gociations pr\u00e9vues entre l\u2019\u00e9missaire am\u00e9ricain de Donald Trump et le pr\u00e9sident russe Vladimir Poutine. \u00abNous suivons une ligne claire: aucune d\u00e9cision concernant l\u2019Ukraine et l\u2019Europe sans les Ukrainiens et sans les Europ\u00e9ens, aucune paix dict\u00e9e dans le dos de l\u2019Ukraine, aucun affaiblissement ou division de l\u2019Union europ\u00e9enne et de l\u2019Otan\u00bb, a d\u00e9clar\u00e9 le dirigeant allemand apr\u00e8s une r\u00e9union par t\u00e9l\u00e9phone avec ses homologues ukrainien, fran\u00e7ais, britannique et polonais notamment.<\/p>\n<p>        15:42<br \/>\n          <strong>En image<\/strong><\/p>\n<p>      En images &#8211; sur le front, une ville ukrainienne fant\u00f4me<\/p>\n<p>              <a tabindex=\"-1\" title=\"Le Temps avec les agences\" href=\"https:\/\/www.letemps.ch\/profil\/le-temps-avec-les-agences\" target=\"_blank\" rel=\"noopener\"><\/p>\n<p>                    <img decoding=\"async\" src=\"https:\/\/www.europesays.com\/fr\/wp-content\/uploads\/2025\/04\/1744691829_537_small.jpeg\" class=\"lazy\" alt=\"\"\/><\/p>\n<p><\/a>        <\/p>\n<p>  <a class=\"glightbox\" href=\"https:\/\/www.letemps.ch\/placeholder.png\" data-type=\"image\" data-description=\"Des pigeons volent au-dessus des ruines de Kostyantynivka, dans la r\u00e9gion de Donetsk, l&#039;une des villes les plus menac\u00e9es par l&#039;avanc\u00e9e russe. Photo prise le 28 novembre et transmise par l&#039;arm\u00e9e ukrainienne. \u2014 \u00a9 OLEG PETRASIUK \/ AFP\" data- target=\"_blank\" rel=\"noopener\"><\/p>\n<p>      <img decoding=\"async\" class=\"lazy\" title=\"Des pigeons volent au-dessus des ruines de Kostyantynivka, dans la r\u00e9gion de Donetsk, l'une des villes les plus menac\u00e9es par l'avanc\u00e9e russe. Photo prise le 28 novembre et transmise par l'arm\u00e9e ukrainienne. \u2014 \u00a9 OLEG PETRASIUK \/ AFP\" alt=\"Des pigeons volent au-dessus des ruines de Kostyantynivka, dans la r\u00e9gion de Donetsk, l'une des villes les plus menac\u00e9es par l'avanc\u00e9e russe. Photo prise le 28 novembre et transmise par l'arm\u00e9e ukrainienne. \u2014 \u00a9 OLEG PETRASIUK \/ AFP\" src=\"https:\/\/www.europesays.com\/fr\/wp-content\/uploads\/2025\/12\/1764611178_109_medium.jpeg\"\/><\/p>\n<p>  <\/a><br \/>\n  Des pigeons volent au-dessus des ruines de Kostyantynivka, dans la r\u00e9gion de Donetsk, l&rsquo;une des villes les plus menac\u00e9es par l&rsquo;avanc\u00e9e russe. Photo prise le 28 novembre et transmise par l&rsquo;arm\u00e9e ukrainienne. \u2014 \u00a9 OLEG PETRASIUK \/ AFP<\/p>\n<p>  <a class=\"glightbox\" href=\"https:\/\/www.letemps.ch\/placeholder.png\" data-type=\"image\" data-description=\"Un missile russe plant\u00e9 dans une cour de Kostyantynivka, dans l&#039;est de l&#039;Ukraine, le 28 novembre 2025. \u2014 \u00a9 OLEG PETRASIUK \/ AFP\" data- target=\"_blank\" rel=\"noopener\"><\/p>\n<p>      <img decoding=\"async\" class=\"lazy\" title=\"Un missile russe plant\u00e9 dans une cour de Kostyantynivka, dans l'est de l'Ukraine, le 28 novembre 2025. \u2014 \u00a9 OLEG PETRASIUK \/ AFP\" alt=\"Un missile russe plant\u00e9 dans une cour de Kostyantynivka, dans l'est de l'Ukraine, le 28 novembre 2025. \u2014 \u00a9 OLEG PETRASIUK \/ AFP\" src=\"https:\/\/www.europesays.com\/fr\/wp-content\/uploads\/2025\/12\/1764611179_123_medium.jpeg\"\/><\/p>\n<p>  <\/a><br \/>\n  Un missile russe plant\u00e9 dans une cour de Kostyantynivka, dans l&rsquo;est de l&rsquo;Ukraine, le 28 novembre 2025. \u2014 \u00a9 OLEG PETRASIUK \/ AFP<\/p>\n<p>  <a class=\"glightbox\" href=\"https:\/\/www.letemps.ch\/placeholder.png\" data-type=\"image\" data-description=\"Un crat\u00e8re barre une rue de Kostyantynivka, dans la r\u00e9gion de Donetsk, cible prioritaire de l&#039;arm\u00e9e russe. L&#039;auteur de ce clich\u00e9, le photographe ukrainien Oleg Petrasiuk, travaillait pour plusieurs m\u00e9dias avant de s&#039;engager dans l&#039;arm\u00e9e en 2024. Il est d\u00e9sormais int\u00e9gr\u00e9 dans la 24\u00e8me brigade motoris\u00e9e de l&#039;arm\u00e9e ukrainienne. \u2014 \u00a9 OLEG PETRASIUK \/ AFP\" data- target=\"_blank\" rel=\"noopener\"><\/p>\n<p>      <img decoding=\"async\" class=\"lazy\" title=\"Un crat\u00e8re barre une rue de Kostyantynivka, dans la r\u00e9gion de Donetsk, cible prioritaire de l'arm\u00e9e russe. L'auteur de ce clich\u00e9, le photographe ukrainien Oleg Petrasiuk, travaillait pour plusieurs m\u00e9dias avant de s'engager dans l'arm\u00e9e en 2024. Il est d\u00e9sormais int\u00e9gr\u00e9 dans la 24\u00e8me brigade motoris\u00e9e de l'arm\u00e9e ukrainienne. \u2014 \u00a9 OLEG PETRASIUK \/ AFP\" alt=\"Un crat\u00e8re barre une rue de Kostyantynivka, dans la r\u00e9gion de Donetsk, cible prioritaire de l'arm\u00e9e russe. L'auteur de ce clich\u00e9, le photographe ukrainien Oleg Petrasiuk, travaillait pour plusieurs m\u00e9dias avant de s'engager dans l'arm\u00e9e en 2024. Il est d\u00e9sormais int\u00e9gr\u00e9 dans la 24\u00e8me brigade motoris\u00e9e de l'arm\u00e9e ukrainienne. \u2014 \u00a9 OLEG PETRASIUK \/ AFP\" src=\"https:\/\/www.europesays.com\/fr\/wp-content\/uploads\/2025\/12\/1764611181_142_medium.jpeg\"\/><\/p>\n<p>  <\/a><br \/>\n  Un crat\u00e8re barre une rue de Kostyantynivka, dans la r\u00e9gion de Donetsk, cible prioritaire de l&rsquo;arm\u00e9e russe. L&rsquo;auteur de ce clich\u00e9, le photographe ukrainien Oleg Petrasiuk, travaillait pour plusieurs m\u00e9dias avant de s&rsquo;engager dans l&rsquo;arm\u00e9e en 2024. Il est d\u00e9sormais int\u00e9gr\u00e9 dans la 24\u00e8me brigade motoris\u00e9e de l&rsquo;arm\u00e9e ukrainienne. \u2014 \u00a9 OLEG PETRASIUK \/ AFP<\/p>\n<p>  <a class=\"glightbox\" href=\"https:\/\/www.letemps.ch\/placeholder.png\" data-type=\"image\" data-description=\"Un soldat ukrainien monte la garde en haut d&#039;une \u00e9glise de Kostyantynivka, le 28 novembre 2025, photo transmise par l&#039;arm\u00e9e ukrainienne le 1er d\u00e9cembre 2025. \u2014 \u00a9 OLEG PETRASIUK \/ AFP\" data- target=\"_blank\" rel=\"noopener\"><\/p>\n<p>      <img decoding=\"async\" class=\"lazy\" title=\"Un soldat ukrainien monte la garde en haut d'une \u00e9glise de Kostyantynivka, le 28 novembre 2025, photo transmise par l'arm\u00e9e ukrainienne le 1er d\u00e9cembre 2025. \u2014 \u00a9 OLEG PETRASIUK \/ AFP\" alt=\"Un soldat ukrainien monte la garde en haut d'une \u00e9glise de Kostyantynivka, le 28 novembre 2025, photo transmise par l'arm\u00e9e ukrainienne le 1er d\u00e9cembre 2025. \u2014 \u00a9 OLEG PETRASIUK \/ AFP\" src=\"https:\/\/www.europesays.com\/fr\/wp-content\/uploads\/2025\/12\/1764611182_377_medium.jpeg\"\/><\/p>\n<p>  <\/a><br \/>\n  Un soldat ukrainien monte la garde en haut d&rsquo;une \u00e9glise de Kostyantynivka, le 28 novembre 2025, photo transmise par l&rsquo;arm\u00e9e ukrainienne le 1er d\u00e9cembre 2025. \u2014 \u00a9 OLEG PETRASIUK \/ AFP<\/p>\n<p>        15:12<\/p>\n<p>      L\u2019OTAN r\u00e9fl\u00e9chit \u00e0 une r\u00e9ponse \u00abplus agressive\u00bb \u00e0 la guerre hybride de Moscou<\/p>\n<p>              <a tabindex=\"-1\" title=\"Le Temps\" href=\"https:\/\/www.letemps.ch\/profil\/le-temps\" target=\"_blank\" rel=\"noopener\"><\/p>\n<p>                    <img decoding=\"async\" src=\"https:\/\/www.europesays.com\/fr\/wp-content\/uploads\/2025\/04\/1744691829_934_small.jpeg\" class=\"lazy\" alt=\"\"\/><\/p>\n<p><\/a>        <\/p>\n<p><a href=\"https:\/\/www.ft.com\/content\/dbd93caa-3c62-48bb-9eba-08c25f31ab02\" rel=\"nofollow noopener\" target=\"_blank\">Cit\u00e9 par le Financial Times lundi<\/a>, l\u2019amiral Giuseppe Cavo Dragone, qui pr\u00e9side le comit\u00e9 militaire de l\u2019OTAN, met en garde la Russie et d\u00e9voile que l\u2019alliance r\u00e9fl\u00e9chit \u00e0 une r\u00e9ponse \u00abplus agressive \u00e0 la guerre hybride men\u00e9e par Moscou sur le continent, comme des cyberattaques ou la coupure de c\u00e2bles dans la mer Baltique.<\/p>\n<blockquote>\n<p>\u00abNous \u00e9tudions toutes les options\u2026 Dans le domaine cyber, nous sommes dans la r\u00e9action. Nous r\u00e9fl\u00e9chissons \u00e0 \u00eatre plus proactifs et agressifs\u00bb<\/p>\n<\/blockquote>\n<p>L\u2019officier italien cite en exemple l\u2019op\u00e9ration \u00absentinelle\u00bb, le renforcement des moyens militaires de l\u2019OTAN en mer Baltique. \u00abDepuis, rien ne s\u2019est pass\u00e9. La preuve que la dissuasion fonctionne.\u00bb<\/p>\n<p>        14:42<\/p>\n<p>      En novembre, l\u2019arm\u00e9e russe a r\u00e9alis\u00e9 son avanc\u00e9e la plus importante depuis un an<\/p>\n<p>              <a tabindex=\"-1\" title=\"Le Temps avec l\u2019AFP\" href=\"https:\/\/www.letemps.ch\/profil\/le-temps-avec-l-afp\" target=\"_blank\" rel=\"noopener\"><\/p>\n<p>                    <img decoding=\"async\" src=\"https:\/\/www.europesays.com\/fr\/wp-content\/uploads\/2025\/04\/1744691829_537_small.jpeg\" class=\"lazy\" alt=\"\"\/><\/p>\n<p><\/a>        <\/p>\n<p>L\u2019arm\u00e9e russe a r\u00e9alis\u00e9 en novembre sa plus grosse progression sur le front en Ukraine depuis un an, selon l\u2019analyse par l\u2019AFP des donn\u00e9es fournies par l\u2019Institut am\u00e9ricain pour l\u2019\u00e9tude de la guerre (ISW), qui travaille avec le Critical Threats Project (CTP).<\/p>\n<p>En un mois, la Russie a pris 701\u00a0km2 aux Ukrainiens, la deuxi\u00e8me avanc\u00e9e la plus importante apr\u00e8s celle de novembre 2024 (725\u00a0km2), en dehors des premiers mois de guerre au printemps 2022, quand la ligne de front \u00e9tait tr\u00e8s mobile. Fin novembre, l\u2019arm\u00e9e russe occupait 19,3% du territoire ukrainien. Quelque 7%, la Crim\u00e9e et des zones du Donbass, \u00e9taient d\u00e9j\u00e0 contr\u00f4l\u00e9s par Moscou avant le d\u00e9but de l\u2019invasion russe de f\u00e9vrier 2022.<\/p>\n<p><strong>Toujours une guerre de positions<\/strong><\/p>\n<p>La superficie des terres conquises comprend les zones contr\u00f4l\u00e9es par la Russie, selon Kiev et des observateurs militaires, ainsi que celles que revendique l\u2019arm\u00e9e de Moscou. Depuis le d\u00e9but de l\u2019ann\u00e9e, la Russie a gagn\u00e9 pr\u00e8s de 5400\u00a0km2 de terrain en Ukraine, pas loin de 2000 km2 de plus que sur la m\u00eame p\u00e9riode l\u2019ann\u00e9e pr\u00e9c\u00e9dente.<\/p>\n<p>Lire aussi: <a href=\"https:\/\/www.letemps.ch\/articles\/prise-au-piege-entre-les-ruines-et-les-tireurs-embusques-pokrovsk-face-a-l-impossible-retraite\" target=\"_blank\" rel=\"noopener\">Prise au pi\u00e8ge entre les ruines et les tireurs embusqu\u00e9s: Pokrovsk face \u00e0 l\u2019impossible retraite<\/a><\/p>\n<p>L\u2019ISW, <a href=\"https:\/\/understandingwar.org\/research\/russia-ukraine\/russian-offensive-campaign-assessment-november-30-2025\/\" rel=\"nofollow noopener\" target=\"_blank\">dans son dernier \u00e9tat des lieux quotidien<\/a>, estime que les lignes de d\u00e9fense de l\u2019Ukraine sont loin de s\u2019effondrer, contrairement \u00e0 ce que veut faire croire le Kremlin pour obtenir une capitulation de Kiev qu\u2019il ne peut obtenir sur le champ de bataille. Les avanc\u00e9es russes, selon le think tank, demeurent lentes, comme dans la ville de Pokrovsk, qui n\u2019est toujours pas tomb\u00e9e apr\u00e8s des mois d\u2019offensive.<\/p>\n<p>        13:46<\/p>\n<p>      Le bilan de l&rsquo;attaque russe \u00e0 Dnipro s&rsquo;alourdit<\/p>\n<p>              <a tabindex=\"-1\" title=\"Le Temps avec l\u2019AFP\" href=\"https:\/\/www.letemps.ch\/profil\/le-temps-avec-l-afp\" target=\"_blank\" rel=\"noopener\"><\/p>\n<p>                    <img decoding=\"async\" src=\"https:\/\/www.europesays.com\/fr\/wp-content\/uploads\/2025\/04\/1744691829_537_small.jpeg\" class=\"lazy\" alt=\"\"\/><\/p>\n<p><\/a>        <\/p>\n<p>Au moins quatre personnes ont \u00e9t\u00e9 tu\u00e9es et 22 autres bless\u00e9es dans une frappe de missile russe lundi sur Dnipro, grande ville du centre-est de l&rsquo;Ukraine, selon un nouveau bilan officiel.<\/p>\n<p>        11:57<\/p>\n<p>      L&rsquo;\u00e9missaire Steve Witkoff rencontrera Vladimir Poutine mardi apr\u00e8s-midi<\/p>\n<p>              <a tabindex=\"-1\" title=\"Le Temps avec l\u2019AFP\" href=\"https:\/\/www.letemps.ch\/profil\/le-temps-avec-l-afp\" target=\"_blank\" rel=\"noopener\"><\/p>\n<p>                    <img decoding=\"async\" src=\"https:\/\/www.europesays.com\/fr\/wp-content\/uploads\/2025\/04\/1744691829_537_small.jpeg\" class=\"lazy\" alt=\"\"\/><\/p>\n<p><\/a>        <\/p>\n<p>L&rsquo;\u00e9missaire de Donald Trump, Steve Witkoff, rencontrera mardi apr\u00e8s-midi le pr\u00e9sident russe Vladimir Poutine \u00e0 Moscou, afin de poursuivre les discussions autour du plan am\u00e9ricain visant \u00e0 mettre fin \u00e0 la guerre en Ukraine, annonce le Kremlin lundi.<\/p>\n<p>        11:56<\/p>\n<p>      Volodymyr Zelensky \u00e0 Paris pour faire le point sur les n\u00e9gociations<\/p>\n<p>              <a tabindex=\"-1\" title=\"Le Temps avec l\u2019AFP\" href=\"https:\/\/www.letemps.ch\/profil\/le-temps-avec-l-afp\" target=\"_blank\" rel=\"noopener\"><\/p>\n<p>                    <img decoding=\"async\" src=\"https:\/\/www.europesays.com\/fr\/wp-content\/uploads\/2025\/04\/1744691829_537_small.jpeg\" class=\"lazy\" alt=\"\"\/><\/p>\n<p><\/a>        <\/p>\n<p>Le pr\u00e9sident ukrainien Volodymyr Zelensky est accueilli lundi par son homologue fran\u00e7ais Emmanuel Macron au palais pr\u00e9sidentiel de l\u2019Elys\u00e9e pour faire le point sur les intenses n\u00e9gociations en cours pour tenter de mettre fin \u00e0 la guerre en Ukraine.<\/p>\n<p>Cette nouvelle visite en France, la dixi\u00e8me depuis le d\u00e9but de l\u2019invasion russe de l\u2019Ukraine en f\u00e9vrier 2022, intervient au lendemain de discussions entre d\u00e9l\u00e9gations am\u00e9ricaine et ukrainienne en Floride, et \u00e0 la veille d\u2019une rencontre \u00e0 Moscou entre l\u2019\u00e9missaire de Donald Trump, Steve Witkoff, et le pr\u00e9sident russe Vladimir Poutine.<\/p>\n<p>        11:41<\/p>\n<p>      La ville de Dnipro vis\u00e9e par un missile russe: trois morts et 15 bless\u00e9s<\/p>\n<p>              <a tabindex=\"-1\" title=\"Le Temps avec l\u2019AFP\" href=\"https:\/\/www.letemps.ch\/profil\/le-temps-avec-l-afp\" target=\"_blank\" rel=\"noopener\"><\/p>\n<p>                    <img decoding=\"async\" src=\"https:\/\/www.europesays.com\/fr\/wp-content\/uploads\/2025\/04\/1744691829_537_small.jpeg\" class=\"lazy\" alt=\"\"\/><\/p>\n<p><\/a>        <\/p>\n<p>Au moins trois personnes ont \u00e9t\u00e9 tu\u00e9es et quinze autres bless\u00e9es dans une frappe de missile russe lundi sur Dnipro, grande ville du centre-est de l\u2019Ukraine, indique le gouverneur r\u00e9gional.<\/p>\n<p>\u00abNous avons \u00e0 ce stade des informations faisant \u00e9tat de trois morts\u00bb, informe-t-il sur Telegram le gouverneur Vladyslav Ga\u00efvanenko. Il a aussi fait \u00e9tat de 15 bless\u00e9s, dont six dans un \u00e9tat grave, dans un message s\u00e9par\u00e9.<\/p>\n<p>        08:35<\/p>\n<p>      Grande journ\u00e9e pour la Suisse de la d\u00e9fense aujourd\u2019hui en Belgique<\/p>\n<p>              <a tabindex=\"-1\" title=\"Val\u00e9rie de Graffenried\" href=\"https:\/\/www.letemps.ch\/profil\/valerie-de-graffenried\" target=\"_blank\" rel=\"noopener\"><\/p>\n<p>                    <img decoding=\"async\" src=\"https:\/\/www.europesays.com\/fr\/wp-content\/uploads\/2025\/04\/1744793291_698_small.jpeg\" class=\"lazy\" alt=\"\"\/><\/p>\n<p><\/a>        <\/p>\n<p>Accompagn\u00e9 d\u2019une d\u00e9l\u00e9gation comprenant notamment une douzaine de parlementaires f\u00e9d\u00e9raux, le conseiller f\u00e9d\u00e9ral Martin Pfister, responsable du D\u00e9partement de la D\u00e9fense (DDPS), va visiter la base militaire de Florennes pour se familiariser avec les exp\u00e9riences des Forces a\u00e9riennes belges avec l\u2019avion de combat F-35A. Ceci alors que la Suisse est en train d&rsquo;acqu\u00e9rir une trentaine de ces avions de combat am\u00e9ricains.<\/p>\n<p>Il s\u2019entretiendra surtout avec le patron de l\u2019OTAN Mark Rutte et participera \u00e9galement, \u00e0 Bruxelles, au \u00abSwiss Defence Industry Day\u00bb, o\u00f9 des repr\u00e9sentants suisses de l\u2019industrie d\u2019armement s\u2019exposent.<\/p>\n<p>But du d\u00e9placement: assurer que la Suisse est pr\u00eate \u00e0 apporter une contribution significative \u00e0 la s\u00e9curit\u00e9 europ\u00e9enne. Et que les entreprises suisses du secteur peuvent apporter leur savoir-faire dans les cha\u00eenes d\u2019approvisionnement internationales. Alors que les menaces hybrides de Moscou se multiplient et que l\u2019Europe se r\u00e9arme \u00e0 vitesse grand V, la Suisse ne veut pas se transformer en \u00abtrou s\u00e9curitaire\u00bb.<\/p>\n<p>        04:28<\/p>\n<p>      Volodymyr Zelensky re\u00e7u par Emmanuel Macron<\/p>\n<p>              <a tabindex=\"-1\" title=\"Le Temps avec l\u2019AFP\" href=\"https:\/\/www.letemps.ch\/profil\/le-temps-avec-l-afp\" target=\"_blank\" rel=\"noopener\"><\/p>\n<p>                    <img decoding=\"async\" src=\"https:\/\/www.europesays.com\/fr\/wp-content\/uploads\/2025\/04\/1744691829_537_small.jpeg\" class=\"lazy\" alt=\"\"\/><\/p>\n<p><\/a>        <\/p>\n<p>Le pr\u00e9sident fran\u00e7ais Emmanuel Macron re\u00e7oit lundi \u00e0 Paris son homologue ukrainien Volodymyr Zelensky qui est sous fortes pressions militaire et politique. Il sera re\u00e7u \u00e0 l&rsquo;Elys\u00e9e \u00e0 10 heures et les deux chefs d&rsquo;Etat feront une d\u00e9claration \u00e0 la presse avant un entretien et un d\u00e9jeuner de travail.<\/p>\n<p>\u00abLes deux dirigeants \u00e9changeront sur la situation et sur les conditions d&rsquo;une paix juste et durable, dans la continuit\u00e9 des discussions de Gen\u00e8ve et du plan am\u00e9ricain et d&rsquo;une concertation \u00e9troite avec nos partenaires europ\u00e9ens\u00bb, a indiqu\u00e9 la pr\u00e9sidence fran\u00e7aise.<\/p>\n<p>        04:12<\/p>\n<p>      Trump juge que le scandale de corruption en Ukraine \u00abn&rsquo;aide pas\u00bb dans les n\u00e9gociations<\/p>\n<p>              <a tabindex=\"-1\" title=\"Le Temps avec l\u2019AFP\" href=\"https:\/\/www.letemps.ch\/profil\/le-temps-avec-l-afp\" target=\"_blank\" rel=\"noopener\"><\/p>\n<p>                    <img decoding=\"async\" src=\"https:\/\/www.europesays.com\/fr\/wp-content\/uploads\/2025\/04\/1744691829_537_small.jpeg\" class=\"lazy\" alt=\"\"\/><\/p>\n<p><\/a>        <\/p>\n<p>Donald Trump a jug\u00e9 que le vaste scandale de corruption qui touche actuellement les cercles du pouvoir ukrainien \u00abn&rsquo;aide pas\u00bb les n\u00e9gociations pour mettre fin \u00e0 la guerre avec la Russie.<\/p>\n<blockquote>\n<p>L&rsquo;Ukraine a une petite situation probl\u00e9matique en cours, ce qui n&rsquo;aide pas.<\/p>\n<\/blockquote>\n<p>Une vaste enqu\u00eate pour corruption dans le secteur \u00e9nerg\u00e9tique d\u00e9voil\u00e9e ces derni\u00e8res semaines a men\u00e9 au limogeage vendredi d&rsquo;Andriy Yermak, le bras droit du pr\u00e9sident ukrainien Volodymyr Zelensky, qui menait jusque-l\u00e0 les pourparlers avec les Etats-Unis.<\/p>\n<p>A ce sujet: <a href=\"https:\/\/www.letemps.ch\/articles\/en-ukraine-les-bureaux-du-bras-droit-de-volodymyr-zelensky-andriy-yermak-ont-ete-perquisitionnes\" target=\"_blank\" rel=\"noopener\">S\u00e9isme en Ukraine: d\u00e9mission d\u2019Andriy Yermak, le chef de cabinet de Zelensky, soup\u00e7onn\u00e9 de corruption<\/a><\/p>\n<p>        03:59<\/p>\n<p>      Donald Trump estime qu&rsquo;il y a \u00abde bonnes chances\u00bb pour un accord<\/p>\n<p>              <a tabindex=\"-1\" title=\"Le Temps avec l\u2019AFP\" href=\"https:\/\/www.letemps.ch\/profil\/le-temps-avec-l-afp\" target=\"_blank\" rel=\"noopener\"><\/p>\n<p>                    <img decoding=\"async\" src=\"https:\/\/www.europesays.com\/fr\/wp-content\/uploads\/2025\/04\/1744691829_537_small.jpeg\" class=\"lazy\" alt=\"\"\/><\/p>\n<p><\/a>        <\/p>\n<p>Donald Trump a estim\u00e9 qu&rsquo;il y avait \u00abde bonnes chances\u00bb pour un accord afin de mettre un terme au conflit entre la Russie et l&rsquo;Ukraine, dans la foul\u00e9e de n\u00e9gociations entre une d\u00e9l\u00e9gation am\u00e9ricaine et ukrainienne en Floride.<\/p>\n<p>\u00abJe pense que la Russie aimerait que cela se termine, et je pense que l&rsquo;Ukraine, je sais que l&rsquo;Ukraine aimerait que cela se termine\u00bb, a-t-il d\u00e9clar\u00e9 \u00e0 bord d&rsquo;Air Force One.<\/p>\n<p>        03:44<\/p>\n<p>      L&rsquo;\u00e9missaire am\u00e9ricain Steve Witkoff part pour Moscou lundi<\/p>\n<p>              <a tabindex=\"-1\" title=\"Le Temps avec l\u2019AFP\" href=\"https:\/\/www.letemps.ch\/profil\/le-temps-avec-l-afp\" target=\"_blank\" rel=\"noopener\"><\/p>\n<p>                    <img decoding=\"async\" src=\"https:\/\/www.europesays.com\/fr\/wp-content\/uploads\/2025\/04\/1744691829_537_small.jpeg\" class=\"lazy\" alt=\"\"\/><\/p>\n<p><\/a>        <\/p>\n<p>L&rsquo;\u00e9missaire de Donald Trump, Steve Witkoff, va partir lundi pour Moscou, afin de poursuivre les n\u00e9gociations avec la Russie autour du plan am\u00e9ricain visant \u00e0 mettre fin \u00e0 la guerre en Ukraine, a annonc\u00e9 \u00e0 l&rsquo;AFP un haut responsable am\u00e9ricain. Il devrait rencontrer le pr\u00e9sident russe Vladimir Poutine mardi.<\/p>\n<p>Ce voyage a lieu dans la foul\u00e9e de n\u00e9gociations entre des d\u00e9l\u00e9gations am\u00e9ricaine et ukrainienne en Floride dimanche, qualifi\u00e9es de \u00abproductives\u00bb par le secr\u00e9taire d&rsquo;Etat am\u00e9ricain Marco Rubio, qui a toutefois pr\u00e9venu qu&rsquo;\u00abil rest(ait) encore du travail\u00bb pour parvenir \u00e0 un accord.<\/p>\n","protected":false},"excerpt":{"rendered":"18:35 Volodymyr Zelensky accuse la Russie d\u2019intensifier ses frappes pour \u00abbriser les Ukrainiens\u00bb Le pr\u00e9sident ukrainien a accus\u00e9&hellip;\n","protected":false},"author":2,"featured_media":571418,"comment_status":"","ping_status":"","sticky":false,"template":"","format":"standard","meta":{"footnotes":""},"categories":[1590],"tags":[11,1777,674,4438,12,132,220],"class_list":{"0":"post-571417","1":"post","2":"type-post","3":"status-publish","4":"format-standard","5":"has-post-thumbnail","7":"category-ukraine","8":"tag-actualites","9":"tag-eu","10":"tag-europe","11":"tag-free","12":"tag-news","13":"tag-russie","14":"tag-ukraine"},"share_on_mastodon":{"url":"https:\/\/pubeurope.com\/@fr\/115645567297821358","error":""},"_links":{"self":[{"href":"https:\/\/www.europesays.com\/fr\/wp-json\/wp\/v2\/posts\/571417","targetHints":{"allow":["GET"]}}],"collection":[{"href":"https:\/\/www.europesays.com\/fr\/wp-json\/wp\/v2\/posts"}],"about":[{"href":"https:\/\/www.europesays.com\/fr\/wp-json\/wp\/v2\/types\/post"}],"author":[{"embeddable":true,"href":"https:\/\/www.europesays.com\/fr\/wp-json\/wp\/v2\/users\/2"}],"replies":[{"embeddable":true,"href":"https:\/\/www.europesays.com\/fr\/wp-json\/wp\/v2\/comments?post=571417"}],"version-history":[{"count":0,"href":"https:\/\/www.europesays.com\/fr\/wp-json\/wp\/v2\/posts\/571417\/revisions"}],"wp:featuredmedia":[{"embeddable":true,"href":"https:\/\/www.europesays.com\/fr\/wp-json\/wp\/v2\/media\/571418"}],"wp:attachment":[{"href":"https:\/\/www.europesays.com\/fr\/wp-json\/wp\/v2\/media?parent=571417"}],"wp:term":[{"taxonomy":"category","embeddable":true,"href":"https:\/\/www.europesays.com\/fr\/wp-json\/wp\/v2\/categories?post=571417"},{"taxonomy":"post_tag","embeddable":true,"href":"https:\/\/www.europesays.com\/fr\/wp-json\/wp\/v2\/tags?post=571417"}],"curies":[{"name":"wp","href":"https:\/\/api.w.org\/{rel}","templated":true}]}}