{"id":571419,"date":"2025-12-01T17:47:15","date_gmt":"2025-12-01T17:47:15","guid":{"rendered":"https:\/\/www.europesays.com\/fr\/571419\/"},"modified":"2025-12-01T17:47:15","modified_gmt":"2025-12-01T17:47:15","slug":"le-president-israelien-dit-quil-ne-tiendra-compte-que-du-bien-de-letat","status":"publish","type":"post","link":"https:\/\/www.europesays.com\/fr\/571419\/","title":{"rendered":"le pr\u00e9sident isra\u00e9lien dit qu\u2019il ne tiendra compte \u00ab\u00a0que du bien de l\u2019\u00c9tat\u00a0\u00bb"},"content":{"rendered":"<p>Le pr\u00e9sident isra\u00e9lien Isaac Herzog a affirm\u00e9, lundi 1er\u00a0d\u00e9cembre 2025, qu\u2019il ne consid\u00e9rera \u00ab\u00a0que le bien de l\u2019\u00c9tat et de la soci\u00e9t\u00e9\u00a0isra\u00e9lienne\u00a0\u00bb, pour d\u00e9cider de gracier, ou non le premier ministre <a target=\"_self\" href=\"https:\/\/www.lanouvellerepublique.fr\/a-la-une\/proche-orient-benyamin-netanyahou-previent-qu-il-continuera-a-faire-frapper-le-hamas-et-le-hezbollah-1763908694\" rel=\"noopener\">Benyamin Netanyahou<\/a>.<\/p>\n<p>Cette question \u00ab\u00a0sera trait\u00e9e de la mani\u00e8re la plus appropri\u00e9e et rigoureuse\u00a0\u00bb, a d\u00e9clar\u00e9 Isaac Herzog, saisi la veille d\u2019une demande de gr\u00e2ce de Benyamin Netanyahou, notant que le sujet \u00ab\u00a0secoue\u00a0\u00bb la soci\u00e9t\u00e9 isra\u00e9lienne et \u00ab\u00a0suscite un d\u00e9bat\u00a0\u00bb national. \u00ab\u00a0Devant mes yeux, ne se tiendront que l\u2019\u00c9tat d\u2019Isra\u00ebl et ses int\u00e9r\u00eats\u00a0\u00bb, a-t-il ajout\u00e9, selon un communiqu\u00e9 de son bureau.<\/p>\n<p>La demande directe de Donald Trump \u00e0 Isaac Herzog<\/p>\n<p>En proc\u00e8s pour trois affaires de corruption, Benyamin Netanyahou a officiellement demand\u00e9, dimanche, une gr\u00e2ce pr\u00e9sidentielle, fort du <a target=\"_self\" href=\"https:\/\/www.lanouvellerepublique.fr\/a-la-une\/l-aube-historique-d-un-nouveau-moyen-orient-premier-jour-d-une-paix-incertaine-entre-le-hamas-et-israel-1760373272\" rel=\"noopener\">soutien du pr\u00e9sident am\u00e9ricain Donald Trump<\/a>, qui avait demand\u00e9 un tel geste \u00e0 son homologue isra\u00e9lien.<\/p>\n<p>Benyamin\u00a0Netanyahou, qui nie toute faute dans les affaires, o\u00f9 il est mis en cause, a justifi\u00e9 sa demande en invoquant la n\u00e9cessit\u00e9 de\u00a0mettre fin aux divisions suscit\u00e9es dans le pays par ses d\u00e9m\u00eal\u00e9s judiciaires. Il est r\u00e9guli\u00e8rement entendu dans le cadre des proc\u00e9dures judiciaires en cours, dans lesquelles aucun jugement n\u2019a pour l\u2019instant \u00e9t\u00e9 rendu. Le bureau d\u2019Isaac Herzog avait r\u00e9agi, dimanche, en affirmant que ce dernier examinera \u00ab\u00a0la requ\u00eate avec responsabilit\u00e9 et s\u00e9rieux\u00a0\u00bb.<\/p>\n<p>La demande de gr\u00e2ce, soutenue par la majorit\u00e9, a \u00e9t\u00e9 fustig\u00e9e par l\u2019opposition. Son chef Ya\u00efr Lapid a demand\u00e9 au pr\u00e9sident isra\u00e9lien de ne \u00ab\u00a0pas accorder une gr\u00e2ce \u00e0 Netanyahou sans qu\u2019il ne reconnaisse sa culpabilit\u00e9, exprime des remords et se retire imm\u00e9diatement de la vie politique\u00a0\u00bb.<\/p>\n","protected":false},"excerpt":{"rendered":"Le pr\u00e9sident isra\u00e9lien Isaac Herzog a affirm\u00e9, lundi 1er\u00a0d\u00e9cembre 2025, qu\u2019il ne consid\u00e9rera \u00ab\u00a0que le bien de l\u2019\u00c9tat&hellip;\n","protected":false},"author":2,"featured_media":571420,"comment_status":"","ping_status":"","sticky":false,"template":"","format":"standard","meta":{"footnotes":""},"categories":[1589],"tags":[328,11,73,1866,274,329,664,74,12,316,1864,1865,1863,308],"class_list":{"0":"post-571419","1":"post","2":"type-post","3":"status-publish","4":"format-standard","5":"has-post-thumbnail","7":"category-etats-unis","8":"tag-a-la-une","9":"tag-actualites","10":"tag-etats-unis","11":"tag-etats-unis-damerique","12":"tag-faits-divers-justice","13":"tag-france-monde","14":"tag-israel","15":"tag-monde","16":"tag-news","17":"tag-politique","18":"tag-united-states","19":"tag-united-states-of-america","20":"tag-us","21":"tag-usa"},"share_on_mastodon":{"url":"https:\/\/pubeurope.com\/@fr\/115645569131331393","error":""},"_links":{"self":[{"href":"https:\/\/www.europesays.com\/fr\/wp-json\/wp\/v2\/posts\/571419","targetHints":{"allow":["GET"]}}],"collection":[{"href":"https:\/\/www.europesays.com\/fr\/wp-json\/wp\/v2\/posts"}],"about":[{"href":"https:\/\/www.europesays.com\/fr\/wp-json\/wp\/v2\/types\/post"}],"author":[{"embeddable":true,"href":"https:\/\/www.europesays.com\/fr\/wp-json\/wp\/v2\/users\/2"}],"replies":[{"embeddable":true,"href":"https:\/\/www.europesays.com\/fr\/wp-json\/wp\/v2\/comments?post=571419"}],"version-history":[{"count":0,"href":"https:\/\/www.europesays.com\/fr\/wp-json\/wp\/v2\/posts\/571419\/revisions"}],"wp:featuredmedia":[{"embeddable":true,"href":"https:\/\/www.europesays.com\/fr\/wp-json\/wp\/v2\/media\/571420"}],"wp:attachment":[{"href":"https:\/\/www.europesays.com\/fr\/wp-json\/wp\/v2\/media?parent=571419"}],"wp:term":[{"taxonomy":"category","embeddable":true,"href":"https:\/\/www.europesays.com\/fr\/wp-json\/wp\/v2\/categories?post=571419"},{"taxonomy":"post_tag","embeddable":true,"href":"https:\/\/www.europesays.com\/fr\/wp-json\/wp\/v2\/tags?post=571419"}],"curies":[{"name":"wp","href":"https:\/\/api.w.org\/{rel}","templated":true}]}}