{"id":571434,"date":"2025-12-01T17:57:17","date_gmt":"2025-12-01T17:57:17","guid":{"rendered":"https:\/\/www.europesays.com\/fr\/571434\/"},"modified":"2025-12-01T17:57:17","modified_gmt":"2025-12-01T17:57:17","slug":"mauvaka-et-cros-se-rapprochent-dun-retour-une-date-deja-evoquee","status":"publish","type":"post","link":"https:\/\/www.europesays.com\/fr\/571434\/","title":{"rendered":"Mauvaka et Cros se rapprochent d\u2019un retour, une date d\u00e9j\u00e0 \u00e9voqu\u00e9e"},"content":{"rendered":"<p>Voil\u00e0 des nouvelles qui risquent de ravir les supporters du Stade Toulousain. Ce samedi, les amoureux du club rouge et noir ont v\u00e9cu une soir\u00e9e riche en \u00e9motions, avec le d\u00e9part de Pita Ahki et le grand retour d\u2019Antoine Dupont, huis mois apr\u00e8s sa derni\u00e8re apparition et sa grave blessure au genou. <a href=\"https:\/\/www.quinzemondial.com\/top-14\/stade-toulousain-de-nombreux-retours-pour-lancer-la-champions-cup-les-sharks-peuvent-sinquieter-820922\" target=\"_blank\" rel=\"noopener\">L\u2019infirmerie se vide ainsi progressivement<\/a> et au meilleur des moments, \u00e0 quelques jours de la r\u00e9ception des Sharks pour lancer la saison de Champions Cup.<\/p>\n<p>Cros et Mauvaka de retour fin d\u00e9cembre \/ d\u00e9but janvier<\/p>\n<p>Depuis de longues semaines, Ugo Mola doit composer sans deux de ses hommes forts, \u00e0 savoir Peato Mauvaka et Fran\u00e7ois Cros. Le talonneur s\u2019\u00e9tait rompu le ligament du crois\u00e9 quelques semaines apr\u00e8s Antoine Dupont et \u00e0 quelques jours de la demi-finale de Champions Cup perdue contre l\u2019UBB. De son c\u00f4t\u00e9, <a href=\"https:\/\/www.quinzemondial.com\/top-14\/stade-toulousain-les-stats-dingues-de-cros-face-a-clermont-monsieur-propre-est-de-retour-818578\" target=\"_blank\" rel=\"noopener\">Fran\u00e7ois Cros \u00e9tait apparu lors de la premi\u00e8re journ\u00e9e \u00e0 Clermont<\/a> avant de dispara\u00eetre, g\u00ean\u00e9 par son genou. Il avait finalement consenti \u00e0 se faire op\u00e9rer durant la tourn\u00e9e de novembre.<\/p>\n<p>Selon les informations de <a href=\"https:\/\/www.ladepeche.fr\/2025\/12\/01\/stade-toulousain-examens-pour-lebel-les-bleus-de-nouveau-sur-le-pont-et-un-retour-inattendu-le-point-avant-le-debut-de-la-champions-cup-13084042.php\" target=\"_blank\" rel=\"noopener\">La D\u00e9p\u00eache,<\/a> leur retour \u00e0 la comp\u00e9tition approche \u00e0 grands pas puisqu\u2019ils devraient \u00eatre op\u00e9rationnels \u00ab\u00a0fin d\u00e9cembre, d\u00e9but janvier\u00a0\u00bb. \u00a0Des retours qui font non seulement les affaires du Stade Toulousain mais \u00e9galement de Fabien Galthi\u00e9, tant les deux hommes sont des hommes cl\u00e9s du XV de France. Le tour juste avant le d\u00e9but du Six Nations.<\/p>\n<p>Partagez cette info avec vos amis et vos proches en cliquant ici<br \/>Pour r\u00e9sumer<\/p>\n<p>Selon les informations de La D\u00e9p\u00eache, Fran\u00e7ois Cros et Peato Mauvaka, absent depuis de longs mois, se rapprochent d\u2019un retour \u00e0 la comp\u00e9tition. Une date est m\u00eame \u00e9voqu\u00e9e par le quotidien r\u00e9gional \u00e0 savoir fin d\u00e9cembre, d\u00e9but janvier.<\/p>\n<p> <img decoding=\"async\" width=\"76\" height=\"76\" loading=\"lazy\" src=\"https:\/\/www.europesays.com\/fr\/wp-content\/uploads\/2025\/04\/avatar-quinze.png\" alt=\"Arnaud D\u00e9chelotte\"\/><\/p>\n","protected":false},"excerpt":{"rendered":"Voil\u00e0 des nouvelles qui risquent de ravir les supporters du Stade Toulousain. Ce samedi, les amoureux du club&hellip;\n","protected":false},"author":2,"featured_media":571435,"comment_status":"","ping_status":"","sticky":false,"template":"","format":"standard","meta":{"footnotes":""},"categories":[1416],"tags":[1011,27,479,1468,60,476,478],"class_list":{"0":"post-571434","1":"post","2":"type-post","3":"status-publish","4":"format-standard","5":"has-post-thumbnail","7":"category-rugby","8":"tag-fr","9":"tag-france","10":"tag-rugby","11":"tag-rugby-football","12":"tag-sports","13":"tag-stade-toulousain","14":"tag-top-14"},"share_on_mastodon":{"url":"https:\/\/pubeurope.com\/@fr\/115645609686586752","error":""},"_links":{"self":[{"href":"https:\/\/www.europesays.com\/fr\/wp-json\/wp\/v2\/posts\/571434","targetHints":{"allow":["GET"]}}],"collection":[{"href":"https:\/\/www.europesays.com\/fr\/wp-json\/wp\/v2\/posts"}],"about":[{"href":"https:\/\/www.europesays.com\/fr\/wp-json\/wp\/v2\/types\/post"}],"author":[{"embeddable":true,"href":"https:\/\/www.europesays.com\/fr\/wp-json\/wp\/v2\/users\/2"}],"replies":[{"embeddable":true,"href":"https:\/\/www.europesays.com\/fr\/wp-json\/wp\/v2\/comments?post=571434"}],"version-history":[{"count":0,"href":"https:\/\/www.europesays.com\/fr\/wp-json\/wp\/v2\/posts\/571434\/revisions"}],"wp:featuredmedia":[{"embeddable":true,"href":"https:\/\/www.europesays.com\/fr\/wp-json\/wp\/v2\/media\/571435"}],"wp:attachment":[{"href":"https:\/\/www.europesays.com\/fr\/wp-json\/wp\/v2\/media?parent=571434"}],"wp:term":[{"taxonomy":"category","embeddable":true,"href":"https:\/\/www.europesays.com\/fr\/wp-json\/wp\/v2\/categories?post=571434"},{"taxonomy":"post_tag","embeddable":true,"href":"https:\/\/www.europesays.com\/fr\/wp-json\/wp\/v2\/tags?post=571434"}],"curies":[{"name":"wp","href":"https:\/\/api.w.org\/{rel}","templated":true}]}}