{"id":571438,"date":"2025-12-01T18:02:24","date_gmt":"2025-12-01T18:02:24","guid":{"rendered":"https:\/\/www.europesays.com\/fr\/571438\/"},"modified":"2025-12-01T18:02:24","modified_gmt":"2025-12-01T18:02:24","slug":"le-week-end-du-bobet-doit-sadapter-aux-elections-actualite","status":"publish","type":"post","link":"https:\/\/www.europesays.com\/fr\/571438\/","title":{"rendered":"Le week-end du Bobet doit s&rsquo;adapter aux \u00e9lections &#8211; Actualit\u00e9"},"content":{"rendered":"<p style=\"text-align: justify;\">Les \u00e9lections municipales du 15 mars prochain obligent les organisateurs \u00e0 s&rsquo;adapter. C&rsquo;est le cas du Souvenir et du Troph\u00e9e Louison-Bobet qui devaient avoir lieu les 14 et 15 mars. \u00ab\u00a0La salle qui sert de permanence accueille tous les bureaux de vote de Noyal-Ch\u00e2tillon-sur-Seiche, indique Alain Heulot, l&rsquo;organisateur, \u00e0 DirectVelo. Nous ne pouvons pas bloquer la circulation pour acc\u00e9der aux bureaux de vote\u00a0\u00bb.<\/p>\n<p>Il n&rsquo;y avait donc plus qu&rsquo;un seul jour disponible pour organiser, le samedi. \u00ab\u00a0Nous devons lib\u00e9rer la salle \u00e0 22h\u00a0\u00bb. Entre l&rsquo;\u00c9lite Nationale et la F\u00e9d\u00e9rale Juniors, l&rsquo;AC Noyal-Ch\u00e2tillon a choisi la course Juniors. C&rsquo;est donc le Troph\u00e9e Louison-Bobet qui aura lieu le samedi. \u00ab\u00a0Avec le d\u00e9part traditionnel \u00e0 Chartres-de-Bretagne. En course d&rsquo;attente, il y aura une course U13 \u00e0 13h et une course U17 \u00e0 14h15 sur un circuit de 2 kilom\u00e8tres\u00a0\u00bb.<\/p>\n","protected":false},"excerpt":{"rendered":"Les \u00e9lections municipales du 15 mars prochain obligent les organisateurs \u00e0 s&rsquo;adapter. C&rsquo;est le cas du Souvenir et&hellip;\n","protected":false},"author":2,"featured_media":571439,"comment_status":"","ping_status":"","sticky":false,"template":"","format":"standard","meta":{"footnotes":""},"categories":[1411],"tags":[834,828,836,829,837,827,83,826,824,823,1154,207,814,817,815,816,822,821,832,211,839,1011,27,820,818,819,835,831,830,833,838,60,212,208,825],"class_list":{"0":"post-571438","1":"post","2":"type-post","3":"status-publish","4":"format-standard","5":"has-post-thumbnail","7":"category-cyclisme","8":"tag-attaque","9":"tag-belgique","10":"tag-braquet","11":"tag-bretagne","12":"tag-chute","13":"tag-competition","14":"tag-coupe-de-france","15":"tag-coureur","16":"tag-course-cyclisme","17":"tag-course-cycliste","18":"tag-cycling","19":"tag-cyclisme","20":"tag-direct","21":"tag-direct-velo","22":"tag-directvelo","23":"tag-directvelo-com","24":"tag-epreuve","25":"tag-epreuve-cycliste","26":"tag-federation-francaise-de-cyclisme","27":"tag-ffc","28":"tag-flandres","29":"tag-fr","30":"tag-france","31":"tag-live","32":"tag-live-course","33":"tag-live-epreuve","34":"tag-peloton","35":"tag-radio-peloton","36":"tag-radio-tour","37":"tag-ravitaillement","38":"tag-relance","39":"tag-sports","40":"tag-uci","41":"tag-velo","42":"tag-velos"},"share_on_mastodon":{"url":"https:\/\/pubeurope.com\/@fr\/115645627990298759","error":""},"_links":{"self":[{"href":"https:\/\/www.europesays.com\/fr\/wp-json\/wp\/v2\/posts\/571438","targetHints":{"allow":["GET"]}}],"collection":[{"href":"https:\/\/www.europesays.com\/fr\/wp-json\/wp\/v2\/posts"}],"about":[{"href":"https:\/\/www.europesays.com\/fr\/wp-json\/wp\/v2\/types\/post"}],"author":[{"embeddable":true,"href":"https:\/\/www.europesays.com\/fr\/wp-json\/wp\/v2\/users\/2"}],"replies":[{"embeddable":true,"href":"https:\/\/www.europesays.com\/fr\/wp-json\/wp\/v2\/comments?post=571438"}],"version-history":[{"count":0,"href":"https:\/\/www.europesays.com\/fr\/wp-json\/wp\/v2\/posts\/571438\/revisions"}],"wp:featuredmedia":[{"embeddable":true,"href":"https:\/\/www.europesays.com\/fr\/wp-json\/wp\/v2\/media\/571439"}],"wp:attachment":[{"href":"https:\/\/www.europesays.com\/fr\/wp-json\/wp\/v2\/media?parent=571438"}],"wp:term":[{"taxonomy":"category","embeddable":true,"href":"https:\/\/www.europesays.com\/fr\/wp-json\/wp\/v2\/categories?post=571438"},{"taxonomy":"post_tag","embeddable":true,"href":"https:\/\/www.europesays.com\/fr\/wp-json\/wp\/v2\/tags?post=571438"}],"curies":[{"name":"wp","href":"https:\/\/api.w.org\/{rel}","templated":true}]}}