{"id":57144,"date":"2025-04-27T15:52:08","date_gmt":"2025-04-27T15:52:08","guid":{"rendered":"https:\/\/www.europesays.com\/fr\/57144\/"},"modified":"2025-04-27T15:52:08","modified_gmt":"2025-04-27T15:52:08","slug":"gardons-en-memoire-ces-triangles-et-etoiles-de-la-haine","status":"publish","type":"post","link":"https:\/\/www.europesays.com\/fr\/57144\/","title":{"rendered":"\u00ab\u00a0Gardons en m\u00e9moire ces triangles et \u00e9toiles de la haine\u00a0\u00bb"},"content":{"rendered":"<p>Pr\u00e9sid\u00e9e par le pr\u00e9fet de la r\u00e9gion Grand Est, <a href=\"https:\/\/www.dna.fr\/politique\/2024\/10\/11\/qui-est-jacques-witkowski-le-nouveau-prefet-de-region\" target=\"_blank\" rel=\"nofollow noopener\">Jacques Witkowski<\/a> , la c\u00e9l\u00e9bration du souvenir des victimes et des h\u00e9ros de la d\u00e9portation ce dimanche, a \u00e9t\u00e9 marqu\u00e9e par le discours de <a href=\"https:\/\/www.dna.fr\/culture-loisirs\/2021\/04\/06\/femmes-et-resistantes-elles-se-sont-levees\" target=\"_blank\" rel=\"nofollow noopener\">Marie-Jos\u00e9 Masconi<\/a> , pr\u00e9sidente des Amis de la fondation pour la m\u00e9moire de la d\u00e9portation du Bas-Rhin. \u00ab \u00a0Le 27\u00a0janvier, anniversaire de la lib\u00e9ration d\u2019Auschwitz, est devenu le symbole de la comm\u00e9moration de la Shoah\u00a0\u00a0\u00bb, souligne-t-elle en pr\u00e9ambule.<\/p>\n<p>  Un combat \u00ab\u00a0\u00e0 poursuivre\u00a0\u00bb<\/p>\n<p>Face \u00e0 ce \u00ab\u00a0drame humain\u00a0\u00bb, elle exhorte les nouvelles g\u00e9n\u00e9rations \u00e0 \u00ab \u00a0poursuivre le combat pour b\u00e2tir un monde de paix, de justice et de tol\u00e9rance\u00a0\u00bb, \u00e0 une p\u00e9riode \u00ab\u00a0o\u00f9 tout l\u2019acquis du pass\u00e9 semble vaciller \u00a0\u00bb. Insistant\u00a0: \u00ab\u00a0Il est essentiel de d\u00e9fendre et de pr\u00e9server les valeurs universelles de dignit\u00e9, de libert\u00e9, de fraternit\u00e9 car la loi du plus fort risque, une fois encore, de bouleverser les \u00e9quilibres mondiaux.\u00a0\u00a0\u00bb<\/p>\n<p>Le pr\u00e9fet de la r\u00e9gion Grand Est, Jacques Witkowski, a ensuite lu la lettre de <a href=\"https:\/\/www.dna.fr\/p\/patricia-miralles\" target=\"_blank\" rel=\"nofollow noopener\">Patricia Miralles, ministre d\u00e9l\u00e9gu\u00e9e aupr\u00e8s du ministre des Arm\u00e9es charg\u00e9e de la M\u00e9moire et des Anciens combattants<\/a> &#8211; comm\u00e9morant \u00ab\u00a0une blessure qui a failli emporter le Vieux continent\u00a0\u00a0\u00bb.<\/p>\n<p>\u00ab \u00a0Beaucoup de nos concitoyens ont en m\u00e9moire l\u2019\u00e9toile jaune cousue sur la poitrine des Juifs, \u00e9nonce-t-il\u2026 Mais gardons aussi en m\u00e9moire, le triangle rouge pour les prisonniers politiques\u00a0; le triangle marron pour les Tziganes\u00a0; le triangle rose pour les homosexuels\u00a0; le triangle bleu pour les \u00e9migr\u00e9s\u2026 Gardons en m\u00e9moire ces triangles et \u00e9toiles de la haine\u00a0\u00a0\u00bb.<\/p>\n<p>La c\u00e9r\u00e9monie s\u2019est achev\u00e9e par le traditionnel d\u00e9p\u00f4t de gerbes au pied du monument aux morts, suivi de l\u2019hymne national.<\/p>\n","protected":false},"excerpt":{"rendered":"Pr\u00e9sid\u00e9e par le pr\u00e9fet de la r\u00e9gion Grand Est, Jacques Witkowski , la c\u00e9l\u00e9bration du souvenir des victimes&hellip;\n","protected":false},"author":2,"featured_media":57145,"comment_status":"","ping_status":"","sticky":false,"template":"","format":"standard","meta":{"footnotes":""},"categories":[2820],"tags":[1111,11,3206,2880,1777,674,274,107,1011,27,775,12,25,640,2879],"class_list":{"0":"post-57144","1":"post","2":"type-post","3":"status-publish","4":"format-standard","5":"has-post-thumbnail","7":"category-strasbourg","8":"tag-actu","9":"tag-actualites","10":"tag-defense-guerre-conflit","11":"tag-edition-strasbourg","12":"tag-eu","13":"tag-europe","14":"tag-faits-divers-justice","15":"tag-fil-info","16":"tag-fr","17":"tag-france","18":"tag-grand-est","19":"tag-news","20":"tag-republique-francaise","21":"tag-strasbourg","22":"tag-strasbourg-ville"},"share_on_mastodon":{"url":"https:\/\/pubeurope.com\/@fr\/114410733170954802","error":""},"_links":{"self":[{"href":"https:\/\/www.europesays.com\/fr\/wp-json\/wp\/v2\/posts\/57144","targetHints":{"allow":["GET"]}}],"collection":[{"href":"https:\/\/www.europesays.com\/fr\/wp-json\/wp\/v2\/posts"}],"about":[{"href":"https:\/\/www.europesays.com\/fr\/wp-json\/wp\/v2\/types\/post"}],"author":[{"embeddable":true,"href":"https:\/\/www.europesays.com\/fr\/wp-json\/wp\/v2\/users\/2"}],"replies":[{"embeddable":true,"href":"https:\/\/www.europesays.com\/fr\/wp-json\/wp\/v2\/comments?post=57144"}],"version-history":[{"count":0,"href":"https:\/\/www.europesays.com\/fr\/wp-json\/wp\/v2\/posts\/57144\/revisions"}],"wp:featuredmedia":[{"embeddable":true,"href":"https:\/\/www.europesays.com\/fr\/wp-json\/wp\/v2\/media\/57145"}],"wp:attachment":[{"href":"https:\/\/www.europesays.com\/fr\/wp-json\/wp\/v2\/media?parent=57144"}],"wp:term":[{"taxonomy":"category","embeddable":true,"href":"https:\/\/www.europesays.com\/fr\/wp-json\/wp\/v2\/categories?post=57144"},{"taxonomy":"post_tag","embeddable":true,"href":"https:\/\/www.europesays.com\/fr\/wp-json\/wp\/v2\/tags?post=57144"}],"curies":[{"name":"wp","href":"https:\/\/api.w.org\/{rel}","templated":true}]}}