{"id":571440,"date":"2025-12-01T18:04:22","date_gmt":"2025-12-01T18:04:22","guid":{"rendered":"https:\/\/www.europesays.com\/fr\/571440\/"},"modified":"2025-12-01T18:04:22","modified_gmt":"2025-12-01T18:04:22","slug":"plusieurs-belles-perspectives-davenir-observees-dans-le-chaudron","status":"publish","type":"post","link":"https:\/\/www.europesays.com\/fr\/571440\/","title":{"rendered":"Plusieurs belles perspectives d&rsquo;avenir observ\u00e9es dans le chaudron !"},"content":{"rendered":"<p>                                            Publi\u00e9 le 01\/12\/2025 \u00e0 16h51<br \/>\n                                                                                3 minutes de lecture\n                                                                    <\/p>\n<p>F\u00e9ru de sport et plus particuli\u00e8rement de ballon rond depuis ma plus tendre enfance.<\/p>\n<p>                                            Lire la suite<\/p>\n<p>Le stade Geoffroy-Guichard a v\u00e9cu une soir\u00e9e exceptionnelle lors de ce 8e tour de Coupe de France, o\u00f9 l\u00a0\u00bbAS Saint-\u00c9tienne a livr\u00e9 une d\u00e9monstration offensive remarquable face \u00e0 Ecotay-Moingt. Cette rencontre restera grav\u00e9e dans les m\u00e9moires comme <strong>un moment historique pour plusieurs jeunes talents<\/strong> du club for\u00e9zien. L&rsquo;atmosph\u00e8re \u00e9lectrisante du Chaudron a accompagn\u00e9 une performance collective \u00e9blouissante, marqu\u00e9e par une pluie de onze buts qui t\u00e9moigne de la sup\u00e9riorit\u00e9 technique et tactique des Verts. Cette soir\u00e9e particuli\u00e8re a permis aux supporters st\u00e9phanois de d\u00e9couvrir ou red\u00e9couvrir des joueurs prometteurs, tout en assistant \u00e0 des exploits individuels remarquables. La diff\u00e9rence de niveau entre les deux \u00e9quipes s&rsquo;est rapidement manifest\u00e9e, permettant \u00e0 l&rsquo;ASSE d&rsquo;exprimer tout son potentiel offensif dans un match \u00e0 sens unique qui a tourn\u00e9 au festival de buts.<\/p>\n<p>                                <img decoding=\"async\" src=\"https:\/\/www.europesays.com\/fr\/wp-content\/uploads\/2025\/04\/1744123449_543_logo.png\" alt=\"Logo\"\/><\/p>\n<p>100\u20ac offerts sur ton 1er pari !<\/p>\n<p>                            <a href=\"https:\/\/www.score.fr\/redirection\/1\/\" class=\"headband-button\" target=\"_blank\" rel=\"nofollow noopener\">J&rsquo;en profite<\/a><\/p>\n<p>                                                                <img loading=\"lazy\" decoding=\"async\" src=\"https:\/\/www.europesays.com\/fr\/wp-content\/uploads\/2025\/12\/asse-plusieurs-belles-perspectives-d-avenir-observees-dans-le-chaudron.jpg\" alt=\"Illustration : &quot;ASSE : Plusieurs belles perspectives d'avenir observ\u00e9es dans le chaudron !&quot;\" class=\"figure-img img-fluid\" width=\"780\" height=\"478\"\/><\/p>\n<p>                                    \u00a9 Site officiel de l&rsquo;ASSE                                <\/p>\n<p>Ben Old entre dans l&rsquo;histoire avec un quadrupl\u00e9 m\u00e9morable<\/p>\n<p>L&rsquo;international n\u00e9o-z\u00e9landais a sign\u00e9 la performance la plus marquante de cette soir\u00e9e exceptionnelle en inscrivant <strong>quatre buts dans une m\u00eame rencontre<\/strong>, une premi\u00e8re sous le maillot vert pour le milieu offensif. Cette r\u00e9alisation place Ben Old dans les annales du club, devenant <strong>le premier joueur de l&rsquo;ASSE \u00e0 r\u00e9ussir un tel exploit depuis Jean-Philippe Krasso en ao\u00fbt 2022<\/strong> face \u00e0 Bastia. Sa prestation omnipotente dans les zones offensives a d\u00e9montr\u00e9 sa capacit\u00e9 \u00e0 trouver les espaces avec une facilit\u00e9 d\u00e9concertante, multipliant les d\u00e9placements intelligents qui ont d\u00e9stabilis\u00e9 la d\u00e9fense adverse. Au-del\u00e0 de ses r\u00e9alisations personnelles, Old a \u00e9galement fait preuve d&rsquo;un altruisme remarquable en d\u00e9livrant une passe d\u00e9cisive pour le second but de Nadir El Jamali, illustrant sa vision du jeu et son sens du collectif. Cette performance exceptionnelle lui offre une confiance pr\u00e9cieuse et du cr\u00e9dit pour les semaines \u00e0 venir, d&rsquo;autant qu&rsquo;il pourra profiter des absences de Stassin et N&rsquo;guessan pour gagner en temps de jeu apr\u00e8s un d\u00e9but de saison plus d\u00e9licat.<\/p>\n<p>L&rsquo;\u00e9closion spectaculaire des jeunes pousses st\u00e9phanoises<\/p>\n<p>Cette rencontre a constitu\u00e9 une vitrine exceptionnelle pour les talents issus du centre de formation de l&rsquo;ASSE, avec des premi\u00e8res historiques qui resteront grav\u00e9es dans la m\u00e9moire de ces jeunes joueurs. <strong>Nadir El Jamali, n\u00e9 en 2007, a inscrit ses deux premiers buts en professionnel<\/strong>, d\u00e9montrant une maturit\u00e9 \u00e9tonnante pour son \u00e2ge lors de sa titularisation au Chaudron. Son doubl\u00e9 repr\u00e9sente un moment fondateur dans sa jeune carri\u00e8re, t\u00e9moignant de sa capacit\u00e9 \u00e0 saisir les opportunit\u00e9s offertes par l&rsquo;entra\u00eeneur. Parall\u00e8lement, <strong>Paul Eymard, n\u00e9 en 2008, a v\u00e9cu sa premi\u00e8re titularisation \u00e0 domicile<\/strong> de la plus belle des mani\u00e8res, en marquant un but et en d\u00e9livrant une passe d\u00e9cisive de la t\u00eate pour Ben Old. Le milieu de terrain a confirm\u00e9 le potentiel entrevu lors du tour pr\u00e9c\u00e9dent contre Quetigny, o\u00f9 il avait d\u00e9j\u00e0 trouv\u00e9 le chemin des filets. Sa prestation tr\u00e8s active dans l&rsquo;entrejeu d\u00e9montre sa capacit\u00e9 \u00e0 r\u00e9pondre pr\u00e9sent dans les matches importants et \u00e0 s&rsquo;adapter rapidement au niveau professionnel.<\/p>\n<p>Une d\u00e9monstration collective parfaitement orchestr\u00e9e<\/p>\n<p><strong>Irvin Cardona a livr\u00e9 une partition parfaite en seulement 45 minutes<\/strong>, offrant cinq passes d\u00e9cisives qui t\u00e9moignent de son sens du jeu et de son altruisme exemplaire. Ses offrandes pour Old, Ferreira, El Jamali et Miladinovic illustrent sa capacit\u00e9 \u00e0 faire briller ses co\u00e9quipiers et son intelligence tactique remarquable. Cette <strong>victoire \u00e9crasante sur le score de 11-1<\/strong> permet \u00e0 l&rsquo;ASSE de poursuivre son aventure en Coupe de France dans les meilleures conditions, tout en offrant des perspectives encourageantes pour l&rsquo;avenir. Le public du Chaudron a assist\u00e9 \u00e0 une soir\u00e9e m\u00e9morable, d\u00e9couvrant une \u00e9quipe impliqu\u00e9e, appliqu\u00e9e et r\u00e9solument tourn\u00e9e vers l&rsquo;offensive, promettant de belles \u00e9motions pour la suite de la comp\u00e9tition.<\/p>\n<p dir=\"ltr\" style=\"line-height:1.38;margin-top:12pt;margin-bottom:12pt;\">Ce samedi 6 d\u00e9cembre, l\u2019ASSE d\u00e9fie l\u2019USL Dunkerque \u00e0 l\u2019ext\u00e9rieur apr\u00e8s sa deuxi\u00e8me victoire de suite en Ligue 2 face \u00e0 Nancy. \u00c0 cette occasion, profitez de 100\u20ac offerts pour votre premi\u00e8re inscription sur Parions Sport en Ligne. <a href=\"https:\/\/www.score.fr\/redirection\/1\/\" style=\"text-decoration-line: none;\" target=\"_blank\" rel=\"nofollow noopener\">Pariez sur une victoire de l\u2019ASSE \u00e0 Dunkerque vous rapporte jusqu\u2019\u00e0 205\u20ac !<\/a><\/p>\n<p dir=\"ltr\" style=\"line-height:1.38;margin-top:12pt;margin-bottom:12pt;\">Pour en profiter, c\u2019est tr\u00e8s simple :<\/p>\n<p dir=\"ltr\" style=\"line-height:1.38;margin-top:12pt;margin-bottom:12pt;\">&#8211; Cr\u00e9ez votre compte joueur en seulement 2 \u00e9tapes <a href=\"https:\/\/www.score.fr\/redirection\/1\/\" style=\"text-decoration-line: none;\" target=\"_blank\" rel=\"nofollow noopener\">ici<\/a><\/p>\n<p dir=\"ltr\" style=\"line-height:1.38;margin-top:12pt;margin-bottom:12pt;\">&#8211; R\u00e9alisez votre 1er d\u00e9p\u00f4t puis placez votre 1er pari (Minimum 5\u20ac)<\/p>\n<p dir=\"ltr\" style=\"line-height:1.38;margin-top:12pt;margin-bottom:12pt;\">&#8211; Une fois votre 1er d\u00e9p\u00f4t et votre 1er pari r\u00e9alis\u00e9s, l\u2019int\u00e9gralit\u00e9 du montant de ce 1er pari sera cr\u00e9dit\u00e9e sur votre compte joueur dans la limite de 100\u20ac maximum et sous la forme de cr\u00e9dits de jeu non retirables. Le cr\u00e9dit s\u2019effectuera alors en une seule \u00e9tape et sous 3 jours<\/p>\n<p dir=\"ltr\" style=\"line-height:1.38;margin-top:12pt;margin-bottom:12pt;\">Jouer comporte des risques : endettement, d\u00e9pendance\u2026 Appelez le 09 74 75 13 13 (appel non surtax\u00e9)<\/p>\n","protected":false},"excerpt":{"rendered":"Publi\u00e9 le 01\/12\/2025 \u00e0 16h51 3 minutes de lecture F\u00e9ru de sport et plus particuli\u00e8rement de ballon rond&hellip;\n","protected":false},"author":2,"featured_media":571441,"comment_status":"","ping_status":"","sticky":false,"template":"","format":"standard","meta":{"footnotes":""},"categories":[1410],"tags":[63,1011,27,60],"class_list":{"0":"post-571440","1":"post","2":"type-post","3":"status-publish","4":"format-standard","5":"has-post-thumbnail","7":"category-football","8":"tag-football","9":"tag-fr","10":"tag-france","11":"tag-sports"},"share_on_mastodon":{"url":"https:\/\/pubeurope.com\/@fr\/115645637842738479","error":""},"_links":{"self":[{"href":"https:\/\/www.europesays.com\/fr\/wp-json\/wp\/v2\/posts\/571440","targetHints":{"allow":["GET"]}}],"collection":[{"href":"https:\/\/www.europesays.com\/fr\/wp-json\/wp\/v2\/posts"}],"about":[{"href":"https:\/\/www.europesays.com\/fr\/wp-json\/wp\/v2\/types\/post"}],"author":[{"embeddable":true,"href":"https:\/\/www.europesays.com\/fr\/wp-json\/wp\/v2\/users\/2"}],"replies":[{"embeddable":true,"href":"https:\/\/www.europesays.com\/fr\/wp-json\/wp\/v2\/comments?post=571440"}],"version-history":[{"count":0,"href":"https:\/\/www.europesays.com\/fr\/wp-json\/wp\/v2\/posts\/571440\/revisions"}],"wp:featuredmedia":[{"embeddable":true,"href":"https:\/\/www.europesays.com\/fr\/wp-json\/wp\/v2\/media\/571441"}],"wp:attachment":[{"href":"https:\/\/www.europesays.com\/fr\/wp-json\/wp\/v2\/media?parent=571440"}],"wp:term":[{"taxonomy":"category","embeddable":true,"href":"https:\/\/www.europesays.com\/fr\/wp-json\/wp\/v2\/categories?post=571440"},{"taxonomy":"post_tag","embeddable":true,"href":"https:\/\/www.europesays.com\/fr\/wp-json\/wp\/v2\/tags?post=571440"}],"curies":[{"name":"wp","href":"https:\/\/api.w.org\/{rel}","templated":true}]}}